{"id":26054,"date":"2019-01-08T16:50:12","date_gmt":"2019-01-08T15:50:12","guid":{"rendered":"http:\/\/www.conselharan.org\/?p=26054"},"modified":"2019-01-10T11:16:04","modified_gmt":"2019-01-10T10:16:04","slug":"es-dona-per-estabilitzat-el-foc-forestal-a-arties","status":"publish","type":"post","link":"https:\/\/www.conselharan.org\/ca\/es-dona-per-estabilitzat-el-foc-forestal-a-arties\/","title":{"rendered":"Es dona per estabilitzat el foc forestal a Arties"},"content":{"rendered":"<p><strong>El foc ha cremat 215 hect\u00e0rees de pastures, per\u00f2 no hi ha hagut perill que arrib\u00e9s a les poblacions<\/strong><\/p>\n<p>Vielha, 8 de gener de 2019.- Els Bombers de la Generalitat i els Pompi\u00e8rs d\u2019Aran han donat per estabilitzat el foc forestal que crema des de diumenge a la nit als voltants de les poblacions d\u2019Arties i Gessa a la Val d\u2019Aran que ha cremat 215 hect\u00e0rees de pastures.<\/p>\n<p><a href=\"http:\/\/www.conselharan.org\/wp-content\/uploads\/2019\/01\/Incendi-Arties-6.png\"><img loading=\"lazy\" decoding=\"async\" class=\"aligncenter size-large wp-image-26050\" src=\"http:\/\/www.conselharan.org\/wp-content\/uploads\/2019\/01\/Incendi-Arties-6-1024x767.png\" alt=\"\" width=\"1024\" height=\"767\" srcset=\"https:\/\/www.conselharan.org\/wp-content\/uploads\/2019\/01\/Incendi-Arties-6-1024x767.png 1024w, https:\/\/www.conselharan.org\/wp-content\/uploads\/2019\/01\/Incendi-Arties-6-300x225.png 300w, https:\/\/www.conselharan.org\/wp-content\/uploads\/2019\/01\/Incendi-Arties-6-768x575.png 768w, https:\/\/www.conselharan.org\/wp-content\/uploads\/2019\/01\/Incendi-Arties-6.png 1063w\" sizes=\"(max-width: 1024px) 100vw, 1024px\" \/><\/a><\/p>\n<p>Segons ha informat <strong>Marc Castellnou<\/strong>, inspector cap de l\u2019\u00e0rea GRAF, el foc ha evolucionat favorablement durant la nit i durant el mat\u00ed 30 efectius amb el suport de dos helic\u00f2pters han treballat en els dos focus actius del foc. El flanc dret est\u00e0 estabilitzat i l\u2019esquerre quedar\u00e0 confinat fina a l\u2019extinci\u00f3.<\/p>\n<p>La meteorologia dels \u00faltims dies amb inversi\u00f3 t\u00e8rmica a les zones altes al Pirineu ha estat extremadament seca i ha fet que la vegetaci\u00f3 propagu\u00e9s r\u00e0pidament el foc.<\/p>\n<p>La previsi\u00f3 \u00e9s que amb el canvi de temps i les nevades febles que s\u2019esperen per avui a la Val d\u2019Aran el foc quedi extingit.<\/p>\n<p><a href=\"http:\/\/www.conselharan.org\/wp-content\/uploads\/2019\/01\/Incendi-Arties-8.jpg\"><img loading=\"lazy\" decoding=\"async\" class=\"aligncenter size-large wp-image-26051\" src=\"http:\/\/www.conselharan.org\/wp-content\/uploads\/2019\/01\/Incendi-Arties-8-1024x695.jpg\" alt=\"\" width=\"1024\" height=\"695\" srcset=\"https:\/\/www.conselharan.org\/wp-content\/uploads\/2019\/01\/Incendi-Arties-8-1024x695.jpg 1024w, https:\/\/www.conselharan.org\/wp-content\/uploads\/2019\/01\/Incendi-Arties-8-300x204.jpg 300w, https:\/\/www.conselharan.org\/wp-content\/uploads\/2019\/01\/Incendi-Arties-8-768x521.jpg 768w, https:\/\/www.conselharan.org\/wp-content\/uploads\/2019\/01\/Incendi-Arties-8.jpg 1624w\" sizes=\"(max-width: 1024px) 100vw, 1024px\" \/><\/a><\/p>\n<p>El sindic d\u2019Aran, Carlos Barrera ha agra\u00eft a tots els serveis implicats tant de la Val d\u2019Aran com als de la Generalitat de Catalunya i els grups d\u2019actuaci\u00f3 forestal (GRAF), la seva dedicaci\u00f3 i professionalitat\u00a0 per afrontar aquest episodi.<\/p>\n ","protected":false},"excerpt":{"rendered":"<p>El foc ha cremat 215 hect\u00e0rees de pastures, per\u00f2 no hi ha hagut perill que arrib\u00e9s a les poblacions Vielha, 8 de gener de 2019.- Els Bombers de la Generalitat i els Pompi\u00e8rs d\u2019Aran han donat per estabilitzat el foc forestal que crema des de diumenge a la nit als voltants de les poblacions d\u2019Arties&#8230;<\/p>\n","protected":false},"author":2,"featured_media":26052,"comment_status":"closed","ping_status":"closed","sticky":false,"template":"","format":"standard","meta":{"footnotes":""},"categories":[53],"tags":[],"_links":{"self":[{"href":"https:\/\/www.conselharan.org\/ca\/wp-json\/wp\/v2\/posts\/26054"}],"collection":[{"href":"https:\/\/www.conselharan.org\/ca\/wp-json\/wp\/v2\/posts"}],"about":[{"href":"https:\/\/www.conselharan.org\/ca\/wp-json\/wp\/v2\/types\/post"}],"author":[{"embeddable":true,"href":"https:\/\/www.conselharan.org\/ca\/wp-json\/wp\/v2\/users\/2"}],"replies":[{"embeddable":true,"href":"https:\/\/www.conselharan.org\/ca\/wp-json\/wp\/v2\/comments?post=26054"}],"version-history":[{"count":1,"href":"https:\/\/www.conselharan.org\/ca\/wp-json\/wp\/v2\/posts\/26054\/revisions"}],"predecessor-version":[{"id":26055,"href":"https:\/\/www.conselharan.org\/ca\/wp-json\/wp\/v2\/posts\/26054\/revisions\/26055"}],"wp:featuredmedia":[{"embeddable":true,"href":"https:\/\/www.conselharan.org\/ca\/wp-json\/wp\/v2\/media\/26052"}],"wp:attachment":[{"href":"https:\/\/www.conselharan.org\/ca\/wp-json\/wp\/v2\/media?parent=26054"}],"wp:term":[{"taxonomy":"category","embeddable":true,"href":"https:\/\/www.conselharan.org\/ca\/wp-json\/wp\/v2\/categories?post=26054"},{"taxonomy":"post_tag","embeddable":true,"href":"https:\/\/www.conselharan.org\/ca\/wp-json\/wp\/v2\/tags?post=26054"}],"curies":[{"name":"wp","href":"https:\/\/api.w.org\/{rel}","templated":true}]}}