{"id":26095,"date":"2019-01-11T14:37:35","date_gmt":"2019-01-11T13:37:35","guid":{"rendered":"http:\/\/www.conselharan.org\/?p=26095"},"modified":"2019-01-11T14:37:35","modified_gmt":"2019-01-11T13:37:35","slug":"del-25-al-27-de-gener-universitat-internacional-dhivern-aran-me-fecit","status":"publish","type":"post","link":"https:\/\/www.conselharan.org\/ca\/del-25-al-27-de-gener-universitat-internacional-dhivern-aran-me-fecit\/","title":{"rendered":"Del 25 al 27 de gener Universitat Internacional d\u2019Hivern: \u201cAran Me + Fecit\u201d"},"content":{"rendered":"<p><strong>El curs \u00e9s gratu\u00eft per\u00f2 les places s\u00f3n limitades.<\/strong><\/p>\n<p>&nbsp;<\/p>\n<p><a href=\"http:\/\/www.conselharan.org\/deth-25-ath-27-de-ger-universitat-internacionau-diuern-aran-me-fecit\/fulleto-universitat-iuern-fh11\/\" rel=\"attachment wp-att-26090\"><img loading=\"lazy\" decoding=\"async\" class=\"aligncenter size-large wp-image-26090\" src=\"http:\/\/www.conselharan.org\/wp-content\/uploads\/2019\/01\/Fulleto-Universitat-Iuern-1-722x1024.jpg\" alt=\"\" width=\"722\" height=\"1024\" srcset=\"https:\/\/www.conselharan.org\/wp-content\/uploads\/2019\/01\/Fulleto-Universitat-Iuern-1-722x1024.jpg 722w, https:\/\/www.conselharan.org\/wp-content\/uploads\/2019\/01\/Fulleto-Universitat-Iuern-1-212x300.jpg 212w, https:\/\/www.conselharan.org\/wp-content\/uploads\/2019\/01\/Fulleto-Universitat-Iuern-1-768x1089.jpg 768w, https:\/\/www.conselharan.org\/wp-content\/uploads\/2019\/01\/Fulleto-Universitat-Iuern-1.jpg 1748w\" sizes=\"(max-width: 722px) 100vw, 722px\" \/><\/a><\/p>\n<p>&nbsp;<\/p>\n<p>El Conselh Generau d\u2019Aran amb la col\u2022laboraci\u00f3 de la Universitat de Navarra, de l&#8217;Escola Superior d\u2019Arquitectura de la Universitat Rovira i Virgili (ETSA\/URV), de la School of Architecture de la Universitat Internacional de Catalunya, de Museus de la Val d\u2019Aran, del Museu Nacional d\u2019Art de Catalunya, de la Universitat de Barcelona, del Bisbat d\u2019Urgell, de l&#8217;AUGGA i de l&#8217;Institut d\u2019Estudis Aranesos- Acad\u00e8mia de la Llengua Occitana han organitzat a la Val d\u2019Aran el curs: Aran Me + Fecit. Universitat Internacional d\u2019Hivern.<\/p>\n<p>&nbsp;<\/p>\n<p><a href=\"http:\/\/www.conselharan.org\/deth-25-ath-27-de-ger-universitat-internacionau-diuern-aran-me-fecit\/fulleto-universitat-iuern-fh11-2\/\" rel=\"attachment wp-att-26091\"><img loading=\"lazy\" decoding=\"async\" class=\"aligncenter size-large wp-image-26091\" src=\"http:\/\/www.conselharan.org\/wp-content\/uploads\/2019\/01\/Fulleto-Universitat-Iuern-2-738x1024.jpg\" alt=\"\" width=\"738\" height=\"1024\" srcset=\"https:\/\/www.conselharan.org\/wp-content\/uploads\/2019\/01\/Fulleto-Universitat-Iuern-2-738x1024.jpg 738w, https:\/\/www.conselharan.org\/wp-content\/uploads\/2019\/01\/Fulleto-Universitat-Iuern-2-216x300.jpg 216w, https:\/\/www.conselharan.org\/wp-content\/uploads\/2019\/01\/Fulleto-Universitat-Iuern-2-768x1065.jpg 768w, https:\/\/www.conselharan.org\/wp-content\/uploads\/2019\/01\/Fulleto-Universitat-Iuern-2.jpg 1748w\" sizes=\"(max-width: 738px) 100vw, 738px\" \/><\/a><\/p>\n<p>El curs es realitzar\u00e0 del 25 al 27 de gener amb confer\u00e8ncies i visites.<\/p>\n<p>M\u00e9s informaci\u00f3 i inscripcions:<\/p>\n<p>Departament de Patrimoni. Conselh Generau d\u2019Aran: Elisa Ros<a href=\"mailto:e.ros@aran.org\" target=\"_blank\" rel=\"noopener\"> e.ros@aran.org<\/a> Nuria Puyol <a href=\"mailto:n.puyol@aran.org\" target=\"_blank\" rel=\"noopener\">n.puyol@aran.org<\/a>. Tel. 973 64 18 01\/ ext.4.<\/p>\n<p>Departamento de Historia, Historia del Arte y Geograf\u00eda de la Universidad de Navarra: Julia Pav\u00f3n <a href=\"mailto:jpavon@unav.es\" target=\"_blank\" rel=\"noopener\">jpavon@unav.es<\/a><\/p>\n<p>ETSA. URV. Agust\u00ed Costa <a href=\"mailto:agusti.costa@urv.cat\" target=\"_blank\" rel=\"noopener\">agusti.costa@urv.cat<\/a><\/p>\n<p>School of Architecture. UIC Barcelona. M\u00f2nica L\u00f3pez <a href=\"mailto:mlopezp@uic.es\" target=\"_blank\" rel=\"noopener\">mlopezp@uic.es<\/a><\/p>\n<p>&nbsp;<\/p>\n<p>&nbsp;<\/p>\n<p>&nbsp;<\/p>\n<p>&nbsp;<\/p>\n<p>Vielha, 11 de gener de 2019<\/p>\n<p>&nbsp;<\/p>\n<p><em>Conselh Generau d&#8217;Aran: N\u00faria Sanjuan<\/em><\/p>\n ","protected":false},"excerpt":{"rendered":"<p>El curs \u00e9s gratu\u00eft per\u00f2 les places s\u00f3n limitades. &nbsp; &nbsp; El Conselh Generau d\u2019Aran amb la col\u2022laboraci\u00f3 de la Universitat de Navarra, de l&#8217;Escola Superior d\u2019Arquitectura de la Universitat Rovira i Virgili (ETSA\/URV), de la School of Architecture de la Universitat Internacional de Catalunya, de Museus de la Val d\u2019Aran, del Museu Nacional d\u2019Art&#8230;<\/p>\n","protected":false},"author":2,"featured_media":26092,"comment_status":"closed","ping_status":"closed","sticky":false,"template":"","format":"standard","meta":{"footnotes":""},"categories":[33],"tags":[],"_links":{"self":[{"href":"https:\/\/www.conselharan.org\/ca\/wp-json\/wp\/v2\/posts\/26095"}],"collection":[{"href":"https:\/\/www.conselharan.org\/ca\/wp-json\/wp\/v2\/posts"}],"about":[{"href":"https:\/\/www.conselharan.org\/ca\/wp-json\/wp\/v2\/types\/post"}],"author":[{"embeddable":true,"href":"https:\/\/www.conselharan.org\/ca\/wp-json\/wp\/v2\/users\/2"}],"replies":[{"embeddable":true,"href":"https:\/\/www.conselharan.org\/ca\/wp-json\/wp\/v2\/comments?post=26095"}],"version-history":[{"count":1,"href":"https:\/\/www.conselharan.org\/ca\/wp-json\/wp\/v2\/posts\/26095\/revisions"}],"predecessor-version":[{"id":26096,"href":"https:\/\/www.conselharan.org\/ca\/wp-json\/wp\/v2\/posts\/26095\/revisions\/26096"}],"wp:featuredmedia":[{"embeddable":true,"href":"https:\/\/www.conselharan.org\/ca\/wp-json\/wp\/v2\/media\/26092"}],"wp:attachment":[{"href":"https:\/\/www.conselharan.org\/ca\/wp-json\/wp\/v2\/media?parent=26095"}],"wp:term":[{"taxonomy":"category","embeddable":true,"href":"https:\/\/www.conselharan.org\/ca\/wp-json\/wp\/v2\/categories?post=26095"},{"taxonomy":"post_tag","embeddable":true,"href":"https:\/\/www.conselharan.org\/ca\/wp-json\/wp\/v2\/tags?post=26095"}],"curies":[{"name":"wp","href":"https:\/\/api.w.org\/{rel}","templated":true}]}}