{"id":26103,"date":"2019-01-11T15:57:46","date_gmt":"2019-01-11T14:57:46","guid":{"rendered":"http:\/\/www.conselharan.org\/?p=26103"},"modified":"2019-01-14T16:17:14","modified_gmt":"2019-01-14T15:17:14","slug":"el-conselh-generau-i-ajuntaments-daran-estableixen-el-servei-de-tecnica-compartida-de-joventut","status":"publish","type":"post","link":"https:\/\/www.conselharan.org\/ca\/el-conselh-generau-i-ajuntaments-daran-estableixen-el-servei-de-tecnica-compartida-de-joventut\/","title":{"rendered":"El Conselh Generau i ajuntaments d\u2019Aran estableixen el servei de T\u00e8cnica Compartida de Joventut"},"content":{"rendered":"<p>Vielha, 11 de gener de 2019.- El Conselh Generau d\u2019Aran i els ajuntaments de Les, Boss\u00f2st, Naut Aran i Vielha e Mijaran han establert mitjan\u00e7ant un conveni la creaci\u00f3 del servei de t\u00e8cnica compartida de Joventut amb l\u2019objectiu de regular la relaci\u00f3 entre el Conselh Generau i els ajuntaments per desenvolupar els Plans Locals de Joventut.<\/p>\n<p>La t\u00e8cnica compartida de Joventut desenvolupa tasques de suport municipal, assessorament i formaci\u00f3 en pol\u00edtiques de joventut; realitzaci\u00f3 i impuls pel desplegament del PLJ del municipi; disseny de les metodologies i estructures necess\u00e0ries per portar a terme les accions previstes i actuacions en els municipis.<\/p>\n<p>Aquestes accions responen a la necessitat de potenciar el desenvolupament de pol\u00edtiques de joventut dels municipis i a la creaci\u00f3 de serveis municipals espec\u00edfics adre\u00e7ats a la poblaci\u00f3 juvenil; apropar des dels municipis els serveis municipals adre\u00e7ats als joves i fer-los protagonistes tants com sigui possible; dinamitzar accions, noves i ja existents en mat\u00e8ria de joventut en els municipis; i potenciar que els ajuntaments aprofitin d\u2019una manera optima els serveis que s&#8217;ofereixen des de l&#8217;Oficina de Joenessa de la Val d\u2019Aran del Conselh Generau d&#8217;Aran i des de la Direcci\u00f3 General de Joventut.<\/p>\n<p><a href=\"http:\/\/www.conselharan.org\/wp-content\/uploads\/2019\/01\/Taller-Joenessa-4.jpeg\"><img loading=\"lazy\" decoding=\"async\" class=\"aligncenter size-large wp-image-26100\" src=\"http:\/\/www.conselharan.org\/wp-content\/uploads\/2019\/01\/Taller-Joenessa-4-1024x768.jpeg\" alt=\"\" width=\"1024\" height=\"768\" srcset=\"https:\/\/www.conselharan.org\/wp-content\/uploads\/2019\/01\/Taller-Joenessa-4-1024x768.jpeg 1024w, https:\/\/www.conselharan.org\/wp-content\/uploads\/2019\/01\/Taller-Joenessa-4-300x225.jpeg 300w, https:\/\/www.conselharan.org\/wp-content\/uploads\/2019\/01\/Taller-Joenessa-4-768x576.jpeg 768w\" sizes=\"(max-width: 1024px) 100vw, 1024px\" \/><\/a><\/p>\n<p>Les actuacions de dinamitzaci\u00f3 desenvolupades en els municipis son entre d\u2019altres:<\/p>\n<p>&#8211; Trobades de coordinaci\u00f3, disseny, programaci\u00f3 i valoraci\u00f3.<\/p>\n<p>&#8211; Trobades amb grups organitzats i associacions per l&#8217;organitzaci\u00f3 d&#8217;activitats populars.<\/p>\n<p>&#8211; Trobades amb joves per treballar, programar i organitzar els afers que tenen a veure amb la seva vida en el municipi i els seus espais d\u2019interlocuci\u00f3.<\/p>\n<p>&#8211; Tallers diversos de caire cultural, esportiu i de lleure a trav\u00e9s de la transmissi\u00f3 de valors.<\/p>\n<p>&#8211; Assist\u00e8ncia a les trobades de coordinaci\u00f3 amb altres t\u00e8cnics, professionals, entitats i\/o institucions i responsables pol\u00edtics.<\/p>\n<p>&#8211; Realitzaci\u00f3 de tasques d&#8217;informaci\u00f3 juvenil de les \u00e0rees que interessen als joves (salut, habitatge, educaci\u00f3, treball i foment de la participaci\u00f3).<\/p>\n ","protected":false},"excerpt":{"rendered":"<p>Vielha, 11 de gener de 2019.- El Conselh Generau d\u2019Aran i els ajuntaments de Les, Boss\u00f2st, Naut Aran i Vielha e Mijaran han establert mitjan\u00e7ant un conveni la creaci\u00f3 del servei de t\u00e8cnica compartida de Joventut amb l\u2019objectiu de regular la relaci\u00f3 entre el Conselh Generau i els ajuntaments per desenvolupar els Plans Locals de&#8230;<\/p>\n","protected":false},"author":2,"featured_media":26101,"comment_status":"closed","ping_status":"closed","sticky":false,"template":"","format":"standard","meta":{"footnotes":""},"categories":[53],"tags":[],"_links":{"self":[{"href":"https:\/\/www.conselharan.org\/ca\/wp-json\/wp\/v2\/posts\/26103"}],"collection":[{"href":"https:\/\/www.conselharan.org\/ca\/wp-json\/wp\/v2\/posts"}],"about":[{"href":"https:\/\/www.conselharan.org\/ca\/wp-json\/wp\/v2\/types\/post"}],"author":[{"embeddable":true,"href":"https:\/\/www.conselharan.org\/ca\/wp-json\/wp\/v2\/users\/2"}],"replies":[{"embeddable":true,"href":"https:\/\/www.conselharan.org\/ca\/wp-json\/wp\/v2\/comments?post=26103"}],"version-history":[{"count":1,"href":"https:\/\/www.conselharan.org\/ca\/wp-json\/wp\/v2\/posts\/26103\/revisions"}],"predecessor-version":[{"id":26104,"href":"https:\/\/www.conselharan.org\/ca\/wp-json\/wp\/v2\/posts\/26103\/revisions\/26104"}],"wp:featuredmedia":[{"embeddable":true,"href":"https:\/\/www.conselharan.org\/ca\/wp-json\/wp\/v2\/media\/26101"}],"wp:attachment":[{"href":"https:\/\/www.conselharan.org\/ca\/wp-json\/wp\/v2\/media?parent=26103"}],"wp:term":[{"taxonomy":"category","embeddable":true,"href":"https:\/\/www.conselharan.org\/ca\/wp-json\/wp\/v2\/categories?post=26103"},{"taxonomy":"post_tag","embeddable":true,"href":"https:\/\/www.conselharan.org\/ca\/wp-json\/wp\/v2\/tags?post=26103"}],"curies":[{"name":"wp","href":"https:\/\/api.w.org\/{rel}","templated":true}]}}