{"id":26140,"date":"2019-01-16T12:29:29","date_gmt":"2019-01-16T11:29:29","guid":{"rendered":"http:\/\/www.conselharan.org\/?p=26140"},"modified":"2019-01-16T12:29:29","modified_gmt":"2019-01-16T11:29:29","slug":"bon-cap-de-setmana-per-als-esportistes-del-caei","status":"publish","type":"post","link":"https:\/\/www.conselharan.org\/ca\/bon-cap-de-setmana-per-als-esportistes-del-caei\/","title":{"rendered":"Bon cap de setmana per  als esportistes del CAEI"},"content":{"rendered":"<p><a href=\"http:\/\/www.conselharan.org\/bona-dimenjada-tas-esportistes-deth-caei\/inerclubs\/\" rel=\"attachment wp-att-26136\"><img loading=\"lazy\" decoding=\"async\" class=\"aligncenter size-large wp-image-26136\" src=\"http:\/\/www.conselharan.org\/wp-content\/uploads\/2019\/01\/Inerclubs-1024x611.jpg\" alt=\"\" width=\"1024\" height=\"611\" srcset=\"https:\/\/www.conselharan.org\/wp-content\/uploads\/2019\/01\/Inerclubs-1024x611.jpg 1024w, https:\/\/www.conselharan.org\/wp-content\/uploads\/2019\/01\/Inerclubs-300x179.jpg 300w, https:\/\/www.conselharan.org\/wp-content\/uploads\/2019\/01\/Inerclubs-768x458.jpg 768w, https:\/\/www.conselharan.org\/wp-content\/uploads\/2019\/01\/Inerclubs.jpg 1028w\" sizes=\"(max-width: 1024px) 100vw, 1024px\" \/><\/a><\/p>\n<p>A continuaci\u00f3 us detallem els resultats de les competicions en les quals han participat els diferents equips del CAEI aquest cap de setmana.<\/p>\n<p>L&#8217;equip d&#8217;Interclubs ha tingut un bon inici de competicions a Espot, on s&#8217;ha celebrat el 14\u00ba Trofeu Espot Esqu\u00ed.<\/p>\n<p>Tant el dissabte, dia 12 de gener, que es va realitzar el SL, com en el GS del diumenge, els esportistes del CAEI van pujar al podi.<\/p>\n<ul>\n<li><strong>SL Dissabte<\/strong><\/li>\n<\/ul>\n<p><strong>Arantza Vidal<\/strong>: 1\u00aa U14<br \/>\n<strong>Gabriela Hugas:<\/strong> 3\u00aa U14<br \/>\n<strong>Toni Romagosa<\/strong>: 1\u00ba U14<br \/>\n<strong>Julia Feixa<\/strong>: 1\u00aa U16<br \/>\n<strong>Irene Aris<\/strong>: 2\u00aa U16<br \/>\n<strong>Guzm\u00e1n Fern\u00e1ndez<\/strong>: 1\u00ba U18<\/p>\n<ul>\n<li><strong>GS Domingo<\/strong><\/li>\n<\/ul>\n<p><strong>Alonso Fern\u00e1ndez<\/strong>: 2\u00ba U14<br \/>\n<strong>Julia Feixa<\/strong>: 1\u00aa U16<br \/>\n<strong>Guzm\u00e1n Fern\u00e1ndez<\/strong>: 1\u00ba U18<\/p>\n<p>&nbsp;<\/p>\n<p><a href=\"http:\/\/www.conselharan.org\/bona-dimenjada-tas-esportistes-deth-caei\/masters-2\/\" rel=\"attachment wp-att-26137\"><img loading=\"lazy\" decoding=\"async\" class=\"aligncenter size-large wp-image-26137\" src=\"http:\/\/www.conselharan.org\/wp-content\/uploads\/2019\/01\/Masters-1024x768.jpg\" alt=\"\" width=\"1024\" height=\"768\" srcset=\"https:\/\/www.conselharan.org\/wp-content\/uploads\/2019\/01\/Masters-1024x768.jpg 1024w, https:\/\/www.conselharan.org\/wp-content\/uploads\/2019\/01\/Masters-300x225.jpg 300w, https:\/\/www.conselharan.org\/wp-content\/uploads\/2019\/01\/Masters-768x576.jpg 768w, https:\/\/www.conselharan.org\/wp-content\/uploads\/2019\/01\/Masters.jpg 1080w\" sizes=\"(max-width: 1024px) 100vw, 1024px\" \/><\/a><\/p>\n<p>&nbsp;<\/p>\n<p>Per la seva banda l&#8217;equip de Masters va disputar a Beret el Trofeu Masters Intercopos, en el que ha estat l&#8217;inici a la Copa Espanya Masters.<\/p>\n<p>En aquesta competici\u00f3, en la qual el CAEI es va portar un total de 8 medalles, van participar clubs de tot l&#8217;estat.<\/p>\n<p>En el GS femen\u00ed <strong>Montse Puigrefagut<\/strong> (F3) va aconseguir una segona posici\u00f3.<\/p>\n<p>En categoria masculina <strong>Xavi Riba<\/strong> (M4) i <strong>Lu\u00eds Izquierdo<\/strong> (M3) es van fer amb l&#8217;or i <strong>Rafael Ruano<\/strong> (M4) amb la plata.<\/p>\n<p>El diumenge es va celebrar el SL i el CAEI es va tornar a portar unes quantes medalles. En categoria masculina M4, <strong>Rafael Ruano<\/strong> i <strong>Xavi Riba<\/strong> van ocupar la segona i tercera posici\u00f3; en la categoria M3 <strong>Lu\u00eds Izquierdo<\/strong> va repetir la plata del dia anterior i Crist\u00f3bal Calzado tamb\u00e9 va aconseguir la plata per\u00f2 a M2.<\/p>\n<p>Amb aix\u00f2 resultats van ser el club amb m\u00e9s medalles del cap de setmana.<\/p>\n<p>En Tuixent la Vansa es va celebrar la competici\u00f3 <strong>GUERRERS DEL N\u00d2RDIC<\/strong> puntuable per a la Copa Espanya d&#8217;esqu\u00ed de fons.<\/p>\n<p><strong>Marta Cester<\/strong>: 1\u00aa SEN<br \/>\n<strong>Pablo Moreno<\/strong>: 4\u00b0 U14<\/p>\n<p>&nbsp;<\/p>\n<p>M\u00e9s informaci\u00f3:\u00a0<a href=\"http:\/\/www.caei.es\/\" target=\"_blank\" rel=\"noopener\">http:\/\/www.caei.es\/<\/a><\/p>\n<p>&nbsp;<\/p>\n<p>&nbsp;<\/p>\n<p>&nbsp;<\/p>\n<p>&nbsp;<\/p>\n<p>&nbsp;<\/p>\n<p>Vielha, 15 de gener de 2019<\/p>\n<p>&nbsp;<\/p>\n<p>Conselh Generau d&#8217;Aran: N\u00faria Sanjuan<\/p>\n<p>Informaci\u00f3 i fotos: CAEI<\/p>\n ","protected":false},"excerpt":{"rendered":"<p>A continuaci\u00f3 us detallem els resultats de les competicions en les quals han participat els diferents equips del CAEI aquest cap de setmana. L&#8217;equip d&#8217;Interclubs ha tingut un bon inici de competicions a Espot, on s&#8217;ha celebrat el 14\u00ba Trofeu Espot Esqu\u00ed. Tant el dissabte, dia 12 de gener, que es va realitzar el SL,&#8230;<\/p>\n","protected":false},"author":2,"featured_media":26136,"comment_status":"closed","ping_status":"closed","sticky":false,"template":"","format":"standard","meta":{"footnotes":""},"categories":[136],"tags":[],"_links":{"self":[{"href":"https:\/\/www.conselharan.org\/ca\/wp-json\/wp\/v2\/posts\/26140"}],"collection":[{"href":"https:\/\/www.conselharan.org\/ca\/wp-json\/wp\/v2\/posts"}],"about":[{"href":"https:\/\/www.conselharan.org\/ca\/wp-json\/wp\/v2\/types\/post"}],"author":[{"embeddable":true,"href":"https:\/\/www.conselharan.org\/ca\/wp-json\/wp\/v2\/users\/2"}],"replies":[{"embeddable":true,"href":"https:\/\/www.conselharan.org\/ca\/wp-json\/wp\/v2\/comments?post=26140"}],"version-history":[{"count":1,"href":"https:\/\/www.conselharan.org\/ca\/wp-json\/wp\/v2\/posts\/26140\/revisions"}],"predecessor-version":[{"id":26141,"href":"https:\/\/www.conselharan.org\/ca\/wp-json\/wp\/v2\/posts\/26140\/revisions\/26141"}],"wp:featuredmedia":[{"embeddable":true,"href":"https:\/\/www.conselharan.org\/ca\/wp-json\/wp\/v2\/media\/26136"}],"wp:attachment":[{"href":"https:\/\/www.conselharan.org\/ca\/wp-json\/wp\/v2\/media?parent=26140"}],"wp:term":[{"taxonomy":"category","embeddable":true,"href":"https:\/\/www.conselharan.org\/ca\/wp-json\/wp\/v2\/categories?post=26140"},{"taxonomy":"post_tag","embeddable":true,"href":"https:\/\/www.conselharan.org\/ca\/wp-json\/wp\/v2\/tags?post=26140"}],"curies":[{"name":"wp","href":"https:\/\/api.w.org\/{rel}","templated":true}]}}