{"id":26161,"date":"2019-01-16T14:31:51","date_gmt":"2019-01-16T13:31:51","guid":{"rendered":"http:\/\/www.conselharan.org\/?p=26161"},"modified":"2019-01-16T14:31:51","modified_gmt":"2019-01-16T13:31:51","slug":"4-corredors-del-club-ceva-seleccionats-per-a-la-1a-fase-de-copa-espanya","status":"publish","type":"post","link":"https:\/\/www.conselharan.org\/ca\/4-corredors-del-club-ceva-seleccionats-per-a-la-1a-fase-de-copa-espanya\/","title":{"rendered":"4 corredors del Club CEVA seleccionats per a la 1\u00aa Fase de Copa Espanya"},"content":{"rendered":"<p>Vielha, 16 de gener de 2019.- Quatre corredors del <strong>Club CEVA<\/strong> han estat seleccionats per competir en la 1\u00aa Fase de la Copa Espanya Audi de la que la primera prova es disputar\u00e0 el proper 18 de gener a Sierra Nevada. Els corredors del Club CEVA seleccionats s\u00f3n <strong>Isabella Gonz\u00e1lez<\/strong> i <strong>Alfonso Cubillo<\/strong> en U14 i <strong>Jan Jorge<\/strong> i <strong>Guillermo Meire<\/strong> en U16.<\/p>\n<p><a href=\"http:\/\/www.conselharan.org\/wp-content\/uploads\/2019\/01\/Club-CEVA-GENER-4.jpg\"><img loading=\"lazy\" decoding=\"async\" class=\"aligncenter size-large wp-image-26155\" src=\"http:\/\/www.conselharan.org\/wp-content\/uploads\/2019\/01\/Club-CEVA-GENER-4-1024x768.jpg\" alt=\"\" width=\"1024\" height=\"768\" srcset=\"https:\/\/www.conselharan.org\/wp-content\/uploads\/2019\/01\/Club-CEVA-GENER-4.jpg 1024w, https:\/\/www.conselharan.org\/wp-content\/uploads\/2019\/01\/Club-CEVA-GENER-4-300x225.jpg 300w, https:\/\/www.conselharan.org\/wp-content\/uploads\/2019\/01\/Club-CEVA-GENER-4-768x576.jpg 768w\" sizes=\"(max-width: 1024px) 100vw, 1024px\" \/><\/a><\/p>\n<p>D\u2019altra banda, els corredors i corredores del Club CEVA van participar el passat cap de setmana a les primeres proves de la temporada disputades a La Masella amb el 14\u00e8 Gran Premi Cerdanya U-14, i la X Copa Pyr\u00e9n\u00e9us.<\/p>\n<p><strong>Isabella Gonz\u00e1lez Barot<\/strong> del Club CEVA va aconseguir la 7a posici\u00f3 en el Gegant disputat el dissabte del GP Cerdanya U14, en qu\u00e8 tamb\u00e9 va destacar la 19a posici\u00f3 aconseguida per <strong>Andrea Rodr\u00edguez Elosegui<\/strong>. En el SL U14 de diumenge, Isabela Gonz\u00e1lez va acabar en la 9a posici\u00f3 i Andrea Rodr\u00edguez ho va fer en la 18\u00aa.<\/p>\n<p>En categoria masculina, <strong>Alfonso Cubillo Goytre<\/strong> del Club CEVA va aconseguir la 9a posici\u00f3 en el Gegant U14 de dissabte, mentre <strong>Victor Bult\u00f3 Gil-Vernet<\/strong> ho va fer en 11\u00ba lloc. El diumenge al SL U14 Alfonso Cubillo va aconseguir un destacat 6\u00e8 lloc, i Victor Bult\u00f3 va acabar en 12a posici\u00f3.<\/p>\n<p>Per la seva banda, <strong>Jan Jorge Berge<\/strong> i <strong>Guillermo Meire Garc\u00eda<\/strong> del Club CEVA van participar a la X edici\u00f3 de la Copa Pyr\u00e9n\u00e9us, aconseguint la 19a posici\u00f3 en el cas de Jan Jorge i la 27\u00aa de Guillermo Meire al GS U14 + U16 mascul\u00ed disputat dissabte.<\/p>\n<p><a href=\"http:\/\/www.conselharan.org\/wp-content\/uploads\/2019\/01\/Club-CEVA-GENER-3.jpg\"><img loading=\"lazy\" decoding=\"async\" class=\"aligncenter size-large wp-image-26157\" src=\"http:\/\/www.conselharan.org\/wp-content\/uploads\/2019\/01\/Club-CEVA-GENER-3-1024x683.jpg\" alt=\"\" width=\"1024\" height=\"683\" srcset=\"https:\/\/www.conselharan.org\/wp-content\/uploads\/2019\/01\/Club-CEVA-GENER-3-1024x683.jpg 1024w, https:\/\/www.conselharan.org\/wp-content\/uploads\/2019\/01\/Club-CEVA-GENER-3-300x200.jpg 300w, https:\/\/www.conselharan.org\/wp-content\/uploads\/2019\/01\/Club-CEVA-GENER-3-768x512.jpg 768w, https:\/\/www.conselharan.org\/wp-content\/uploads\/2019\/01\/Club-CEVA-GENER-3.jpg 1080w\" sizes=\"(max-width: 1024px) 100vw, 1024px\" \/><\/a><\/p>\n<p>Tamb\u00e9 el diumenge els corredors del Club CEVA, van participar al 14 Trofeu Espot Esqu\u00ed d\u2019Interclubs en qu\u00e8 <strong>Jaime Andiaz Aguirrezabal<\/strong> va aconseguir el 11a posici\u00f3 en U14 i <strong>Bosco Anabitarte Alonso del Cid<\/strong> es va classificar 19\u00e8. Per la seva banda <strong>Ignacio Arrieta<\/strong> <strong>Baranca<\/strong> va aconseguir la 2a posici\u00f3 en U18 i <strong>Iker Rodr\u00edguez Elosegui<\/strong> va ser 2on en categoria U21.<\/p>\n<p>En un altre ordre de coses, destacar la tornada als entrenaments de <strong>Gaizka Loiola<\/strong> que despr\u00e9s de superar una llarga lesi\u00f3 que el va tenir allunyat de les pistes la temporada passada ha comen\u00e7at a entrenar-se amb el seu guia <strong>Dani Gavald\u00e0<\/strong>. Des del Club CEVA els desitgem molta sort i molts \u00e8xits per a aquesta temporada que comen\u00e7a.<\/p>\n<p><a href=\"http:\/\/www.conselharan.org\/wp-content\/uploads\/2019\/01\/Club-CEVA-1-GENER.jpg\"><img loading=\"lazy\" decoding=\"async\" class=\"aligncenter size-full wp-image-26156\" src=\"http:\/\/www.conselharan.org\/wp-content\/uploads\/2019\/01\/Club-CEVA-1-GENER.jpg\" alt=\"\" width=\"808\" height=\"681\" srcset=\"https:\/\/www.conselharan.org\/wp-content\/uploads\/2019\/01\/Club-CEVA-1-GENER.jpg 808w, https:\/\/www.conselharan.org\/wp-content\/uploads\/2019\/01\/Club-CEVA-1-GENER-300x253.jpg 300w, https:\/\/www.conselharan.org\/wp-content\/uploads\/2019\/01\/Club-CEVA-1-GENER-768x647.jpg 768w\" sizes=\"(max-width: 808px) 100vw, 808px\" \/><\/a><\/p>\n<p>Info i fotos: Club CEVA<\/p>\n ","protected":false},"excerpt":{"rendered":"<p>Vielha, 16 de gener de 2019.- Quatre corredors del Club CEVA han estat seleccionats per competir en la 1\u00aa Fase de la Copa Espanya Audi de la que la primera prova es disputar\u00e0 el proper 18 de gener a Sierra Nevada. Els corredors del Club CEVA seleccionats s\u00f3n Isabella Gonz\u00e1lez i Alfonso Cubillo en U14&#8230;<\/p>\n","protected":false},"author":2,"featured_media":26155,"comment_status":"closed","ping_status":"closed","sticky":false,"template":"","format":"standard","meta":{"footnotes":""},"categories":[136],"tags":[],"_links":{"self":[{"href":"https:\/\/www.conselharan.org\/ca\/wp-json\/wp\/v2\/posts\/26161"}],"collection":[{"href":"https:\/\/www.conselharan.org\/ca\/wp-json\/wp\/v2\/posts"}],"about":[{"href":"https:\/\/www.conselharan.org\/ca\/wp-json\/wp\/v2\/types\/post"}],"author":[{"embeddable":true,"href":"https:\/\/www.conselharan.org\/ca\/wp-json\/wp\/v2\/users\/2"}],"replies":[{"embeddable":true,"href":"https:\/\/www.conselharan.org\/ca\/wp-json\/wp\/v2\/comments?post=26161"}],"version-history":[{"count":1,"href":"https:\/\/www.conselharan.org\/ca\/wp-json\/wp\/v2\/posts\/26161\/revisions"}],"predecessor-version":[{"id":26162,"href":"https:\/\/www.conselharan.org\/ca\/wp-json\/wp\/v2\/posts\/26161\/revisions\/26162"}],"wp:featuredmedia":[{"embeddable":true,"href":"https:\/\/www.conselharan.org\/ca\/wp-json\/wp\/v2\/media\/26155"}],"wp:attachment":[{"href":"https:\/\/www.conselharan.org\/ca\/wp-json\/wp\/v2\/media?parent=26161"}],"wp:term":[{"taxonomy":"category","embeddable":true,"href":"https:\/\/www.conselharan.org\/ca\/wp-json\/wp\/v2\/categories?post=26161"},{"taxonomy":"post_tag","embeddable":true,"href":"https:\/\/www.conselharan.org\/ca\/wp-json\/wp\/v2\/tags?post=26161"}],"curies":[{"name":"wp","href":"https:\/\/api.w.org\/{rel}","templated":true}]}}