{"id":26266,"date":"2019-01-22T15:57:08","date_gmt":"2019-01-22T14:57:08","guid":{"rendered":"http:\/\/www.conselharan.org\/?p=26266"},"modified":"2019-01-22T16:00:57","modified_gmt":"2019-01-22T15:00:57","slug":"bons-resultats-dels-alevins-del-club-ceva-en-el-15e-trofeu-floquet-de-neu-despot","status":"publish","type":"post","link":"https:\/\/www.conselharan.org\/ca\/bons-resultats-dels-alevins-del-club-ceva-en-el-15e-trofeu-floquet-de-neu-despot\/","title":{"rendered":"Bons resultats dels alevins del Club CEVA en el 15\u00e8 Trofeu Floquet de Neu d&#8217;Espot"},"content":{"rendered":"<p><strong>Daisy Brotons 1\u00aa i Valeria Meire 2a en el Gegant U12 i Irene Ram\u00f3n 2a en U10<\/strong><\/p>\n<p><strong>Bona competici\u00f3 dels U14 \/ U16 del Club CEVA a la primera prova de la 1\u00aa Fase de Copa Espanya a Sierra Nevada<\/strong><\/p>\n<p>Vielha, 21 de gener de 2019.- Els esportistes del Club CEVA han participat aquest cap de setmana a les diferents proves celebrades tant en l&#8217;\u00e0mbit estatal, amb la primera fase de la Copa Espanya Audi celebrada a Sierra Nevada, com en l&#8217;\u00e0mbit catal\u00e0 amb el 15\u00e8 Trofeu Floquet de Neu que s&#8217;ha disputat a Espot.<\/p>\n<p><a href=\"http:\/\/www.conselharan.org\/wp-content\/uploads\/2019\/01\/CEVA-20-de-gener-1.jpg\"><img loading=\"lazy\" decoding=\"async\" class=\"aligncenter size-large wp-image-26262\" src=\"http:\/\/www.conselharan.org\/wp-content\/uploads\/2019\/01\/CEVA-20-de-gener-1-768x1024.jpg\" alt=\"\" width=\"768\" height=\"1024\" srcset=\"https:\/\/www.conselharan.org\/wp-content\/uploads\/2019\/01\/CEVA-20-de-gener-1-768x1024.jpg 768w, https:\/\/www.conselharan.org\/wp-content\/uploads\/2019\/01\/CEVA-20-de-gener-1-225x300.jpg 225w, https:\/\/www.conselharan.org\/wp-content\/uploads\/2019\/01\/CEVA-20-de-gener-1.jpg 1200w\" sizes=\"(max-width: 768px) 100vw, 768px\" \/><\/a><\/p>\n<p>La corredora del Club CEVA <strong>Daisy Brotons Batista<\/strong> es va al\u00e7ar amb la vict\u00f2ria en el Gegant U12 del 15\u00e8 Trofeu Floquet de Neu, seguida per la seva companya <strong>Valeria Meire Garc\u00eda<\/strong> que va acabar en 2a posici\u00f3. Per la seva banda, <strong>Erika Ferret P\u00e9rez<\/strong> va ser 9a, mentre que <strong>Cristina Mateo Pascual<\/strong> va quedar en 17a posici\u00f3, <strong>Daniela del Rio Sergi<\/strong> va ser 22a i <strong>Felipa<\/strong> <strong>Romero Borr\u00e0s<\/strong> 29a.<\/p>\n<p><strong>Cal destacar que Daisy Brotons va aconseguir el millor temps absolut de tota la competici\u00f3 tant en categoria masculina com femenina<\/strong>.<\/p>\n<p>En categoria U12 mascul\u00ed, <strong>Daniel Bult\u00f3 Gil-Vernet<\/strong> del Club CEVA, va acabar en una merit\u00f2ria 5a posici\u00f3, <strong>Bruno Amilibia Rib\u00e9<\/strong> va ser 11\u00e8, <strong>Nicol\u00e1s Amilibia Rib\u00e9<\/strong> el 18\u00e8 i <strong>Emilio Batista Miras<\/strong> 22\u00e8.<\/p>\n<p>En categoria U10 femen\u00ed cal destacar la 2a posici\u00f3 de la corredora del Club CEVA <strong>Irene Ram\u00f3n Hinojosa<\/strong>, mentre que a U10 mascul\u00ed, <strong>Nicol\u00e1s P\u00e9rez de Guzm\u00e1n S\u00e1nchez<\/strong>, va ser 17\u00e8.<\/p>\n<p>Els corredors del Club CEVA tamb\u00e9 van debutar aquest cap de setmana a la 1\u00aa Fase de la Copa Espanya Audi U14 \/ U16 que s&#8217;ha celebrat a les pistes de Sierra Nevada.<\/p>\n<p><a href=\"http:\/\/www.conselharan.org\/wp-content\/uploads\/2019\/01\/CEVA-20-de-gener-5.jpg\"><img loading=\"lazy\" decoding=\"async\" class=\"aligncenter size-large wp-image-26263\" src=\"http:\/\/www.conselharan.org\/wp-content\/uploads\/2019\/01\/CEVA-20-de-gener-5-1024x576.jpg\" alt=\"\" width=\"1024\" height=\"576\" srcset=\"https:\/\/www.conselharan.org\/wp-content\/uploads\/2019\/01\/CEVA-20-de-gener-5-1024x576.jpg 1024w, https:\/\/www.conselharan.org\/wp-content\/uploads\/2019\/01\/CEVA-20-de-gener-5-300x169.jpg 300w, https:\/\/www.conselharan.org\/wp-content\/uploads\/2019\/01\/CEVA-20-de-gener-5-768x432.jpg 768w, https:\/\/www.conselharan.org\/wp-content\/uploads\/2019\/01\/CEVA-20-de-gener-5.jpg 1328w\" sizes=\"(max-width: 1024px) 100vw, 1024px\" \/><\/a><\/p>\n<p>Al Super Gegant U14 mascul\u00ed disputat el divendres, <strong>Alfonso Cubillo Goytre<\/strong> del Club CEVA, va aconseguir entrar al Top 10, amb la 10a posici\u00f3, mentre que el SG 2 ho va fer en la 17a. Per la seva part en el Super Gegant femen\u00ed U14 de divendres, <strong>Isabela Gonz\u00e1lez<\/strong> <strong>Barot<\/strong> del Club CEVA va acabar en la 16a posici\u00f3, mentre que el GS 2 va ser 24\u00aa. En el Gegant U14 femen\u00ed disputat el dissabte Isabela Gonz\u00e1lez va aconseguir la 10a posici\u00f3 i per la seva banda Alfons Cubillo va ser 12\u00e8 en el Gegant U14 mascul\u00ed.<\/p>\n<p>En categoria U16, <strong>Jan Jorge Berge<\/strong>, es va classificar en 12a posici\u00f3 en el Super G de divendres, i <strong>Guillermo Meire Garc\u00eda<\/strong> va ser 20\u00e8. En el SG 2, Jan Jorge va ser 13\u00e8 i Guillermo Meire 18\u00e8. Les condicions meteorol\u00f2giques adverses van impedir que diumenge pogu\u00e9s disputar-se la cursa.<\/p>\n<p>En un altre ordre de coses, tamb\u00e9 cal destacar que els integrants de <strong>l&#8217;equip de Freeride<\/strong> <strong>Jordi Tenas<\/strong> del Club CEVA, han seguit amb els seus entrenaments espec\u00edfics durant el cap de setmana.<\/p>\n<p>Info i fotos: Club CEVA<\/p>\n ","protected":false},"excerpt":{"rendered":"<p>Daisy Brotons 1\u00aa i Valeria Meire 2a en el Gegant U12 i Irene Ram\u00f3n 2a en U10 Bona competici\u00f3 dels U14 \/ U16 del Club CEVA a la primera prova de la 1\u00aa Fase de Copa Espanya a Sierra Nevada Vielha, 21 de gener de 2019.- Els esportistes del Club CEVA han participat aquest cap&#8230;<\/p>\n","protected":false},"author":2,"featured_media":26262,"comment_status":"closed","ping_status":"closed","sticky":false,"template":"","format":"standard","meta":{"footnotes":""},"categories":[136],"tags":[],"_links":{"self":[{"href":"https:\/\/www.conselharan.org\/ca\/wp-json\/wp\/v2\/posts\/26266"}],"collection":[{"href":"https:\/\/www.conselharan.org\/ca\/wp-json\/wp\/v2\/posts"}],"about":[{"href":"https:\/\/www.conselharan.org\/ca\/wp-json\/wp\/v2\/types\/post"}],"author":[{"embeddable":true,"href":"https:\/\/www.conselharan.org\/ca\/wp-json\/wp\/v2\/users\/2"}],"replies":[{"embeddable":true,"href":"https:\/\/www.conselharan.org\/ca\/wp-json\/wp\/v2\/comments?post=26266"}],"version-history":[{"count":2,"href":"https:\/\/www.conselharan.org\/ca\/wp-json\/wp\/v2\/posts\/26266\/revisions"}],"predecessor-version":[{"id":26270,"href":"https:\/\/www.conselharan.org\/ca\/wp-json\/wp\/v2\/posts\/26266\/revisions\/26270"}],"wp:featuredmedia":[{"embeddable":true,"href":"https:\/\/www.conselharan.org\/ca\/wp-json\/wp\/v2\/media\/26262"}],"wp:attachment":[{"href":"https:\/\/www.conselharan.org\/ca\/wp-json\/wp\/v2\/media?parent=26266"}],"wp:term":[{"taxonomy":"category","embeddable":true,"href":"https:\/\/www.conselharan.org\/ca\/wp-json\/wp\/v2\/categories?post=26266"},{"taxonomy":"post_tag","embeddable":true,"href":"https:\/\/www.conselharan.org\/ca\/wp-json\/wp\/v2\/tags?post=26266"}],"curies":[{"name":"wp","href":"https:\/\/api.w.org\/{rel}","templated":true}]}}