{"id":26299,"date":"2019-01-24T15:01:12","date_gmt":"2019-01-24T14:01:12","guid":{"rendered":"http:\/\/www.conselharan.org\/?p=26299"},"modified":"2019-01-24T15:01:12","modified_gmt":"2019-01-24T14:01:12","slug":"els-aranesos-abel-moga-i-pol-tellosa-1r-i-4rt-a-la-freeride-de-les-arcs-3-del-circuit-mundial-del-freeride-junior-tour","status":"publish","type":"post","link":"https:\/\/www.conselharan.org\/ca\/els-aranesos-abel-moga-i-pol-tellosa-1r-i-4rt-a-la-freeride-de-les-arcs-3-del-circuit-mundial-del-freeride-junior-tour\/","title":{"rendered":"Els aranesos Abel Moga i  P\u00f2l Tellosa, 1r i 4rt, a la Freeride de Les Arcs 3*** del Circuit mundial del Freeride Junior Tour"},"content":{"rendered":"<p><strong>Abel Moga i P\u00f2l Tellosa formen part de l\u2019equip de la Val d\u2019Aran \u201c<a href=\"https:\/\/www.escuelaemotion.com\/\" target=\"_blank\" rel=\"noopener\">Escuela Emotion<\/a>.<\/strong><\/p>\n<p><strong>La propera cita ser\u00e0 a La Clusaz els dies 2 i 3 de febrer.<\/strong><\/p>\n<p>&nbsp;<\/p>\n<p><a href=\"http:\/\/www.conselharan.org\/es-aranesi-abel-moga-e-pol-tellosa-1er-e-4au-ena-freeride-de-les-arcs-3-deth-circuit-mondiau-deth-freeride-junior-tour\/31234962_1642099079170036_5609671057481924608_n\/\" rel=\"attachment wp-att-26294\"><img loading=\"lazy\" decoding=\"async\" class=\"aligncenter size-full wp-image-26294\" src=\"http:\/\/www.conselharan.org\/wp-content\/uploads\/2019\/01\/31234962_1642099079170036_5609671057481924608_n.jpg\" alt=\"\" width=\"960\" height=\"720\" srcset=\"https:\/\/www.conselharan.org\/wp-content\/uploads\/2019\/01\/31234962_1642099079170036_5609671057481924608_n.jpg 960w, https:\/\/www.conselharan.org\/wp-content\/uploads\/2019\/01\/31234962_1642099079170036_5609671057481924608_n-300x225.jpg 300w, https:\/\/www.conselharan.org\/wp-content\/uploads\/2019\/01\/31234962_1642099079170036_5609671057481924608_n-768x576.jpg 768w\" sizes=\"(max-width: 960px) 100vw, 960px\" \/><\/a><\/p>\n<p>&nbsp;<\/p>\n<p>El passat dissabte, 19 de gener, es va celebrar a l\u2019estaci\u00f3 francesa de Les Arcs la primera cursa de 3 estrelles del circuit Freeride Junior Tour.<br \/>\nRepresentant als Pirineus estaven els andorrans: Pau Rabasa i Joan Aracil (44\u00e8 i 20\u00e8), l\u2019aragonesa \u00c1frica Ballester (12a) i l\u2019equip aran\u00e8s de l\u2019<a href=\"https:\/\/www.escuelaemotion.com\/\" target=\"_blank\" rel=\"noopener\"><strong>Escola Emotion<\/strong><\/a> format per <strong>Abel Moga<\/strong> (1r), <strong>P\u00f2l Tellosa<\/strong> (4rt), <strong>Pablo La Grave<\/strong> (27\u00e8) i <strong>Juli\u00e1n Puras<\/strong>.<\/p>\n<p>&nbsp;<\/p>\n<p><a href=\"http:\/\/www.conselharan.org\/es-aranesi-abel-moga-e-pol-tellosa-1er-e-4au-ena-freeride-de-les-arcs-3-deth-circuit-mondiau-deth-freeride-junior-tour\/30571428_1629562540423690_5552781385262956544_n\/\" rel=\"attachment wp-att-26293\"><img loading=\"lazy\" decoding=\"async\" class=\"aligncenter size-full wp-image-26293\" src=\"http:\/\/www.conselharan.org\/wp-content\/uploads\/2019\/01\/30571428_1629562540423690_5552781385262956544_n.jpg\" alt=\"\" width=\"400\" height=\"400\" srcset=\"https:\/\/www.conselharan.org\/wp-content\/uploads\/2019\/01\/30571428_1629562540423690_5552781385262956544_n.jpg 400w, https:\/\/www.conselharan.org\/wp-content\/uploads\/2019\/01\/30571428_1629562540423690_5552781385262956544_n-150x150.jpg 150w, https:\/\/www.conselharan.org\/wp-content\/uploads\/2019\/01\/30571428_1629562540423690_5552781385262956544_n-300x300.jpg 300w, https:\/\/www.conselharan.org\/wp-content\/uploads\/2019\/01\/30571428_1629562540423690_5552781385262956544_n-270x270.jpg 270w, https:\/\/www.conselharan.org\/wp-content\/uploads\/2019\/01\/30571428_1629562540423690_5552781385262956544_n-207x207.jpg 207w, https:\/\/www.conselharan.org\/wp-content\/uploads\/2019\/01\/30571428_1629562540423690_5552781385262956544_n-75x75.jpg 75w\" sizes=\"(max-width: 400px) 100vw, 400px\" \/><\/a><\/p>\n<p>&nbsp;<\/p>\n<p>L\u2019aran\u00e8s <strong>Abel Moga<\/strong> (18 anys) va fer una l\u00ednea molt flu\u00efda, la vict\u00f2ria va ser gr\u00e0cies al 360 que va tirar en la primera roca, un lloc molt t\u00e8cnic per aquest tipus de trucs, apart va acompanyar la l\u00ednea amb 3 roques m\u00e9s una d\u2019elles la m\u00e9s gran del sector. Gr\u00e0cies a aix\u00f2, Abel es situa primer en el circuit Europeu Oce\u00e0nic.<\/p>\n<p><strong>\u201cVam anar un parell de dies abans a veure el sector de la competici\u00f3 i a estudiar les l\u00ednees. Ven\u00edem d\u2019esquiar en condicions molt dif\u00edcils a causa de la poca neu i ten\u00edem que adaptar-nos. Per\u00f2 adaptar-nos a les bones condicions sempre \u00e9s f\u00e0cil\u201d<\/strong> ha manifestat l\u2019entrenador de l\u2019Escola Emotion, <strong>Cristian Boiria<\/strong>.<\/p>\n<p>Boiria ha afegit: \u201c<strong>Vam decidir triar la mateixa l\u00ednea per als tres (Abel, P\u00f2l i Juli\u00e1n), ja que era la m\u00e9s completa i la que m\u00e9s punts ens donaria, per\u00f2 no vam decidir tirar un 360 que sense cap dubte ens ha donat la vict\u00f2ria. Quan l\u2019Abel va arribar a la meta, hem va mirar, va riure i hem va dir: -Toma sorpresa. Vaig riure, el vaig abra\u00e7ar i per dins, ja sabia que hav\u00edem guanyat.<\/strong>\u201d<\/p>\n<p>La segona posici\u00f3 va ser per l\u2019angl\u00e8s Xavier Thi\u00e9baud, aquest magn\u00edfic rider va fer 2 corbes en tot el sector i li va treure 4 metros de dist\u00e0ncia al que m\u00e9s va saltar, sense cap dubte un merescut p\u00f2dium. La tercera posici\u00f3 va ser pel su\u00eds Maxime Chabloz mateixa l\u00ednea que Abel per\u00f2 el 360 el va tirar en la segona pedra que era m\u00e9s petita. Aquest incre\u00efble rider donar\u00e0 que parlar aquesta temporada.<\/p>\n<p>&nbsp;<\/p>\n<p><a href=\"http:\/\/www.conselharan.org\/es-aranesi-abel-moga-e-pol-tellosa-1er-e-4au-ena-freeride-de-les-arcs-3-deth-circuit-mondiau-deth-freeride-junior-tour\/pol-tellosa-3\/\" rel=\"attachment wp-att-26295\"><img loading=\"lazy\" decoding=\"async\" class=\"aligncenter size-full wp-image-26295\" src=\"http:\/\/www.conselharan.org\/wp-content\/uploads\/2019\/01\/P\u00f2l-Tellosa.jpg\" alt=\"\" width=\"867\" height=\"867\" srcset=\"https:\/\/www.conselharan.org\/wp-content\/uploads\/2019\/01\/P\u00f2l-Tellosa.jpg 867w, https:\/\/www.conselharan.org\/wp-content\/uploads\/2019\/01\/P\u00f2l-Tellosa-150x150.jpg 150w, https:\/\/www.conselharan.org\/wp-content\/uploads\/2019\/01\/P\u00f2l-Tellosa-300x300.jpg 300w, https:\/\/www.conselharan.org\/wp-content\/uploads\/2019\/01\/P\u00f2l-Tellosa-768x768.jpg 768w, https:\/\/www.conselharan.org\/wp-content\/uploads\/2019\/01\/P\u00f2l-Tellosa-270x270.jpg 270w, https:\/\/www.conselharan.org\/wp-content\/uploads\/2019\/01\/P\u00f2l-Tellosa-207x207.jpg 207w, https:\/\/www.conselharan.org\/wp-content\/uploads\/2019\/01\/P\u00f2l-Tellosa-75x75.jpg 75w\" sizes=\"(max-width: 867px) 100vw, 867px\" \/><\/a><\/p>\n<p>&nbsp;<\/p>\n<p>I en quarta posici\u00f3 l\u2019aran\u00e8s <strong>P\u00f2l Tellosa<\/strong> (17 anys), que va fer una de les l\u00ednees m\u00e9s boniques sense cap dubte. Va comen\u00e7ar obrint petjada amb una doble terrassa, va planxar perfecte i va sortir de recte fent un s\u00faper speed, va buscar una diagonal on va saltar un parell de windlips que li van donar uns punts m\u00e9s i ja es va encarar a la roca m\u00e9s gran del sector, va planxar i va encarar a una doble final. Sense dubte la l\u00ednea amb m\u00e9s salts i original del dia.<\/p>\n<p>Al femen\u00ed, va guanyar la su\u00efssa Marie Bovard en esqu\u00ed i la francesa Anna Mart\u00ednez en snowboard. El snowboard mascul\u00ed va ser pel su\u00eds Eliote Danzer.<\/p>\n<p>La propera cita ser\u00e0 a La Clusaz els dies 2 i 3 de febrer.<\/p>\n<p><a href=\"https:\/\/www.youtube.com\/watch?v=dq2sp02-_9Y\" target=\"_blank\" rel=\"noopener\">https:\/\/www.youtube.com\/watch?v=dq2sp02-_9Y<\/a><\/p>\n<p><a href=\"https:\/\/www.youtube.com\/watch?v=KmnjFkctzVw\" target=\"_blank\" rel=\"noopener\">https:\/\/www.youtube.com\/watch?v=KmnjFkctzVw<\/a><\/p>\n<p>&nbsp;<\/p>\n<p>M\u00e9s informaci\u00f3: <a href=\"https:\/\/www.escuelaemotion.com\/\" target=\"_blank\" rel=\"noopener\"><strong>https:\/\/www.escuelaemotion.com\/<\/strong><\/a><\/p>\n<p>&nbsp;<\/p>\n<p>&nbsp;<\/p>\n<p>&nbsp;<\/p>\n<p>&nbsp;<\/p>\n<p>&nbsp;<\/p>\n<p>Vielha, 24 de gener de 2019<\/p>\n<p>&nbsp;<\/p>\n<p><em>Conselh Generau d&#8217;Aran: N\u00faria Sanjuan<\/em><\/p>\n<p><em>Font i fotos:\u00a0<strong><a href=\"https:\/\/www.escuelaemotion.com\/\" target=\"_blank\" rel=\"noopener\">Escuela Emotion<\/a><\/strong><\/em><\/p>\n ","protected":false},"excerpt":{"rendered":"<p>Abel Moga i P\u00f2l Tellosa formen part de l\u2019equip de la Val d\u2019Aran \u201cEscuela Emotion. La propera cita ser\u00e0 a La Clusaz els dies 2 i 3 de febrer. &nbsp; &nbsp; El passat dissabte, 19 de gener, es va celebrar a l\u2019estaci\u00f3 francesa de Les Arcs la primera cursa de 3 estrelles del circuit Freeride&#8230;<\/p>\n","protected":false},"author":2,"featured_media":26293,"comment_status":"closed","ping_status":"closed","sticky":false,"template":"","format":"standard","meta":{"footnotes":""},"categories":[136],"tags":[],"_links":{"self":[{"href":"https:\/\/www.conselharan.org\/ca\/wp-json\/wp\/v2\/posts\/26299"}],"collection":[{"href":"https:\/\/www.conselharan.org\/ca\/wp-json\/wp\/v2\/posts"}],"about":[{"href":"https:\/\/www.conselharan.org\/ca\/wp-json\/wp\/v2\/types\/post"}],"author":[{"embeddable":true,"href":"https:\/\/www.conselharan.org\/ca\/wp-json\/wp\/v2\/users\/2"}],"replies":[{"embeddable":true,"href":"https:\/\/www.conselharan.org\/ca\/wp-json\/wp\/v2\/comments?post=26299"}],"version-history":[{"count":1,"href":"https:\/\/www.conselharan.org\/ca\/wp-json\/wp\/v2\/posts\/26299\/revisions"}],"predecessor-version":[{"id":26300,"href":"https:\/\/www.conselharan.org\/ca\/wp-json\/wp\/v2\/posts\/26299\/revisions\/26300"}],"wp:featuredmedia":[{"embeddable":true,"href":"https:\/\/www.conselharan.org\/ca\/wp-json\/wp\/v2\/media\/26293"}],"wp:attachment":[{"href":"https:\/\/www.conselharan.org\/ca\/wp-json\/wp\/v2\/media?parent=26299"}],"wp:term":[{"taxonomy":"category","embeddable":true,"href":"https:\/\/www.conselharan.org\/ca\/wp-json\/wp\/v2\/categories?post=26299"},{"taxonomy":"post_tag","embeddable":true,"href":"https:\/\/www.conselharan.org\/ca\/wp-json\/wp\/v2\/tags?post=26299"}],"curies":[{"name":"wp","href":"https:\/\/api.w.org\/{rel}","templated":true}]}}