{"id":26412,"date":"2019-01-29T16:00:55","date_gmt":"2019-01-29T15:00:55","guid":{"rendered":"http:\/\/www.conselharan.org\/?p=26412"},"modified":"2019-01-29T16:00:55","modified_gmt":"2019-01-29T15:00:55","slug":"188-alumnes-de-primaria-de-la-val-daran-han-comencat-el-programa-esport-blanc-escolar","status":"publish","type":"post","link":"https:\/\/www.conselharan.org\/ca\/188-alumnes-de-primaria-de-la-val-daran-han-comencat-el-programa-esport-blanc-escolar\/","title":{"rendered":"188 alumnes de prim\u00e0ria de la Val d\u2019Aran han comen\u00e7at el programa \u201cEsport Blanc Escolar\u201d"},"content":{"rendered":"<p>Vielha, 29 de gener de 2019.- Un total de <strong>188 alumnes de tercer i quart de prim\u00e0ria<\/strong> de les escoles de la Val d\u2019Aran: <strong>124 de l\u2019Escola Garona de Vielha<\/strong>, <strong>18 de l\u2019Escola Sant Roc de Boss\u00f2st, 14 de l\u2019Escola Estudi Alejandro Casona de Les, i 32 de l\u2019Escola ZER Val d\u2019Aran (Naut Aran)<\/strong> participen al programa \u201c<strong>Esport Blanc Escolar\u201d<\/strong>, un programa organitzat per la Secretaria General de l\u2019Esport i el Departament d\u2019Educaci\u00f3 de la Generalitat, en el qual hi col\u00b7laboren el Conselh Generau d\u2019Aran i el Conselh Esportiu dera Val d\u2019Aran, Baqueira-Beret, la Diputaci\u00f3 de Lleida i la FCEH (Federaci\u00f3 Catalana d\u2019Esports d\u2019Hivern).<\/p>\n<p><a href=\"http:\/\/www.conselharan.org\/wp-content\/uploads\/2019\/01\/Esport-Blanc-Escolar-2019-5.jpg\"><img loading=\"lazy\" decoding=\"async\" class=\"aligncenter size-large wp-image-26408\" src=\"http:\/\/www.conselharan.org\/wp-content\/uploads\/2019\/01\/Esport-Blanc-Escolar-2019-5-1024x768.jpg\" alt=\"\" width=\"1024\" height=\"768\" srcset=\"https:\/\/www.conselharan.org\/wp-content\/uploads\/2019\/01\/Esport-Blanc-Escolar-2019-5.jpg 1024w, https:\/\/www.conselharan.org\/wp-content\/uploads\/2019\/01\/Esport-Blanc-Escolar-2019-5-300x225.jpg 300w, https:\/\/www.conselharan.org\/wp-content\/uploads\/2019\/01\/Esport-Blanc-Escolar-2019-5-768x576.jpg 768w\" sizes=\"(max-width: 1024px) 100vw, 1024px\" \/><\/a><\/p>\n<p>El Programa Esport Blanc Escolar, emmarcat en el Pla Estrat\u00e8gic d\u2019Esports d\u2019Hivern de Catalunya, t\u00e9 l\u2019objectiu d\u2019impulsar la iniciaci\u00f3 i el coneixement dels esports d\u2019hivern per als m\u00e9s petits en les seves diferents modalitats. Els alumnes tindran l\u2019esqu\u00ed com una mat\u00e8ria m\u00e9s a estudiar dins l\u2019assignatura d\u2019Educaci\u00f3 F\u00edsica. \u00c9s curricular i obligat\u00f2ria, ja que ser\u00e0 la nota de l\u2019assignatura d\u2019Educaci\u00f3 F\u00edsica del segon trimestre.<\/p>\n<p>Els alumnes de la Val d\u2019Aran realitzaran un total de 8 sessions dins de l\u2019horari lectiu a l\u2019estaci\u00f3 d\u2019esqu\u00ed de Baqueira Beret, on aprendran les nocions b\u00e0siques de les tres modalitats d\u2019esqu\u00ed m\u00e9s habitual, esqu\u00ed n\u00f2rdic, esqu\u00ed alp\u00ed i snowboard. El programa inclou tres jornades d\u2019esqu\u00ed de fons, que es realitzen a Beret, 3 d\u2019esqu\u00ed alp\u00ed i dues de snowboard a la zona de Baqueira.<\/p>\n<p>El secretari t\u00e8cnic del Conselh Esportiu de la Val d\u2019Aran, <strong>Marc Puig<\/strong>, ha assenyalat que el programa Esport Blanc Escolar ajuda a difondre i promoure la pr\u00e0ctica dels esports d\u2019hivern i a la vegada la cultura i els valors de la neu i la muntanya.<\/p>\n<p>A la Val d\u2019Aran \u00e9s el Conselh Esportiu qui s\u2019encarrega de la coordinaci\u00f3 i el Conselh Generau d\u2019Aran es fa c\u00e0rrec del transport. Per la seva part l\u2019estaci\u00f3 d\u2019esqu\u00ed de Baqueira Beret aporta els forfaits i el material necessari per a les activitats.<\/p>\n<p>En el conjunt del Pirineu catal\u00e0, el programa beneficia 2.481 alumnes (1.337 de 3\u00e8r i 1.144 de 4art de prim\u00e0ria) de 60 centres educatius (13 ZER\u2019s, 37 escoles p\u00fabliques i 10 de concertades) de l\u2019Alt Urgell, Alta Ribagor\u00e7a, Bergued\u00e0, Cerdanya, Pallars Juss\u00e0, Pallars Sobir\u00e0, Ripoll\u00e8s, Solson\u00e8s i la Val d\u2019Aran.<\/p>\n<p><a href=\"http:\/\/www.conselharan.org\/wp-content\/uploads\/2019\/01\/Esport-Blanc-Escolar-2019-6.jpg\"><img loading=\"lazy\" decoding=\"async\" class=\"aligncenter size-large wp-image-26409\" src=\"http:\/\/www.conselharan.org\/wp-content\/uploads\/2019\/01\/Esport-Blanc-Escolar-2019-6-1024x768.jpg\" alt=\"\" width=\"1024\" height=\"768\" srcset=\"https:\/\/www.conselharan.org\/wp-content\/uploads\/2019\/01\/Esport-Blanc-Escolar-2019-6.jpg 1024w, https:\/\/www.conselharan.org\/wp-content\/uploads\/2019\/01\/Esport-Blanc-Escolar-2019-6-300x225.jpg 300w, https:\/\/www.conselharan.org\/wp-content\/uploads\/2019\/01\/Esport-Blanc-Escolar-2019-6-768x576.jpg 768w\" sizes=\"(max-width: 1024px) 100vw, 1024px\" \/><\/a><\/p>\n ","protected":false},"excerpt":{"rendered":"<p>Vielha, 29 de gener de 2019.- Un total de 188 alumnes de tercer i quart de prim\u00e0ria de les escoles de la Val d\u2019Aran: 124 de l\u2019Escola Garona de Vielha, 18 de l\u2019Escola Sant Roc de Boss\u00f2st, 14 de l\u2019Escola Estudi Alejandro Casona de Les, i 32 de l\u2019Escola ZER Val d\u2019Aran (Naut Aran) participen&#8230;<\/p>\n","protected":false},"author":2,"featured_media":26410,"comment_status":"closed","ping_status":"closed","sticky":false,"template":"","format":"standard","meta":{"footnotes":""},"categories":[53],"tags":[],"_links":{"self":[{"href":"https:\/\/www.conselharan.org\/ca\/wp-json\/wp\/v2\/posts\/26412"}],"collection":[{"href":"https:\/\/www.conselharan.org\/ca\/wp-json\/wp\/v2\/posts"}],"about":[{"href":"https:\/\/www.conselharan.org\/ca\/wp-json\/wp\/v2\/types\/post"}],"author":[{"embeddable":true,"href":"https:\/\/www.conselharan.org\/ca\/wp-json\/wp\/v2\/users\/2"}],"replies":[{"embeddable":true,"href":"https:\/\/www.conselharan.org\/ca\/wp-json\/wp\/v2\/comments?post=26412"}],"version-history":[{"count":1,"href":"https:\/\/www.conselharan.org\/ca\/wp-json\/wp\/v2\/posts\/26412\/revisions"}],"predecessor-version":[{"id":26413,"href":"https:\/\/www.conselharan.org\/ca\/wp-json\/wp\/v2\/posts\/26412\/revisions\/26413"}],"wp:featuredmedia":[{"embeddable":true,"href":"https:\/\/www.conselharan.org\/ca\/wp-json\/wp\/v2\/media\/26410"}],"wp:attachment":[{"href":"https:\/\/www.conselharan.org\/ca\/wp-json\/wp\/v2\/media?parent=26412"}],"wp:term":[{"taxonomy":"category","embeddable":true,"href":"https:\/\/www.conselharan.org\/ca\/wp-json\/wp\/v2\/categories?post=26412"},{"taxonomy":"post_tag","embeddable":true,"href":"https:\/\/www.conselharan.org\/ca\/wp-json\/wp\/v2\/tags?post=26412"}],"curies":[{"name":"wp","href":"https:\/\/api.w.org\/{rel}","templated":true}]}}