{"id":26462,"date":"2019-02-01T17:06:06","date_gmt":"2019-02-01T16:06:06","guid":{"rendered":"http:\/\/www.conselharan.org\/?p=26462"},"modified":"2019-02-01T17:17:29","modified_gmt":"2019-02-01T16:17:29","slug":"la-40a-marxa-beret-bat-el-record-dinscrits-online-amb-800-participants","status":"publish","type":"post","link":"https:\/\/www.conselharan.org\/ca\/la-40a-marxa-beret-bat-el-record-dinscrits-online-amb-800-participants\/","title":{"rendered":"La 40a Marxa Beret bat el r\u00e8cord d\u2019inscrits online amb 800 participants"},"content":{"rendered":"<p><strong>Dels inscrits, 150 son participants internacionals provinents de pa\u00efsos com Noruega, Su\u00e8cia, Finl\u00e0ndia, R\u00fassia, Estats Units de Nord Am\u00e8rica, M\u00e8xic, Su\u00efssa, Fran\u00e7a i It\u00e0lia<\/strong><\/p>\n<p>Vielha, 1 de febrer de 2019.- Quan falten dos dies per a la 40a edici\u00f3 de la Marxa Beret, la cursa popular d\u2019esqu\u00ed de fons m\u00e9s important de l\u2019estat espanyol, que es celebra el proper diumenge 3 de febrer la Pla de Beret, ja son 800 els participants inscrits online el que representa un r\u00e8cord en quan a inscripcions pr\u00e8vies a la prova i fa pensar en una gran participaci\u00f3 el proper diumenge.<\/p>\n<p>Dels inscrits, 150 son participants internacionals provinents de pa\u00efsos com Noruega, Su\u00e8cia, Finl\u00e0ndia, R\u00fassia, Estats Units de Nord Am\u00e8rica, M\u00e8xic, Su\u00efssa, Fran\u00e7a i It\u00e0lia.<\/p>\n<p><a href=\"http:\/\/www.conselharan.org\/wp-content\/uploads\/2019\/02\/40-Marxa-Beret-3.png\"><img loading=\"lazy\" decoding=\"async\" class=\"aligncenter size-full wp-image-26459\" src=\"http:\/\/www.conselharan.org\/wp-content\/uploads\/2019\/02\/40-Marxa-Beret-3.png\" alt=\"\" width=\"960\" height=\"642\" srcset=\"https:\/\/www.conselharan.org\/wp-content\/uploads\/2019\/02\/40-Marxa-Beret-3.png 960w, https:\/\/www.conselharan.org\/wp-content\/uploads\/2019\/02\/40-Marxa-Beret-3-300x201.png 300w, https:\/\/www.conselharan.org\/wp-content\/uploads\/2019\/02\/40-Marxa-Beret-3-768x514.png 768w\" sizes=\"(max-width: 960px) 100vw, 960px\" \/><\/a><\/p>\n<p>El dissabte 2 de febrer a les 10.00h es disputar\u00e0 el <strong>Sprint Salomon<\/strong> que aquesta edici\u00f3 ser\u00e0 tamb\u00e9 Campionat d&#8217;Espanya de Sprint en la modalitat de t\u00e8cnica lliure.<\/p>\n<p>El diumenge, 3 de febrer, a les 10.00h, es disputar\u00e0 la 40a Marxa Beret, amb un circuit de 10Km a la zona de Beret i Orri; de 21Km a la zona de Beret, Orri i Montgarri i finalment el circuit de 42Km a la zona de Beret, Orri, Montgarri i direcci\u00f3 Marimanha. Els organitzadors de la prova estan pendents de la previsi\u00f3 meteorol\u00f2gica per decidir els circuits definitius de la cursa.<\/p>\n<p>La 40a Marxa Beret, que \u00e9s una de les proves d\u2019esqu\u00ed n\u00f2rdic m\u00e9s consolidades de les que es realitzen en territori nacional, est\u00e0 inscrita al circuit de Marxes Populars (Popular Cross-Country Race) del calendari FIS (Federaci\u00f3 Internacional d\u2019Esqu\u00ed), ser\u00e0 aquest any Campionat d&#8217;Espanya de Llarga dist\u00e0ncia i forma part de la Copa Espanya Loteries d&#8217;Esqu\u00ed de fons de la RFEDI i puntuable pel circuit de Copa Catalana.<\/p>\n<p>El vicesindic d\u2019Aran i director de la Marxa Beret, <strong>C\u00e9sar Ruiz Canela<\/strong>, ha explicat que el bon ritme d\u2019inscripcions online fa pensar que la 40a edici\u00f3 de la Marxa Beret pot ser hist\u00f2rica i una de les m\u00e9s multitudin\u00e0ries dels \u00faltims anys.<\/p>\n<p><a href=\"http:\/\/www.conselharan.org\/wp-content\/uploads\/2019\/02\/Marxa-Beret-2019-4.jpg\"><img loading=\"lazy\" decoding=\"async\" class=\"aligncenter size-large wp-image-26466\" src=\"http:\/\/www.conselharan.org\/wp-content\/uploads\/2019\/02\/Marxa-Beret-2019-4-1024x683.jpg\" alt=\"\" width=\"1024\" height=\"683\" srcset=\"https:\/\/www.conselharan.org\/wp-content\/uploads\/2019\/02\/Marxa-Beret-2019-4.jpg 1024w, https:\/\/www.conselharan.org\/wp-content\/uploads\/2019\/02\/Marxa-Beret-2019-4-300x200.jpg 300w, https:\/\/www.conselharan.org\/wp-content\/uploads\/2019\/02\/Marxa-Beret-2019-4-768x512.jpg 768w\" sizes=\"(max-width: 1024px) 100vw, 1024px\" \/><\/a><\/p>\n<p>L\u2019aranesa <strong>Marta Cester<\/strong>, guanyadora l\u2019any passat del Sprint Salomon i de la Marxa Beret en la dist\u00e0ncia de 42 Km, les germanes <strong>Mar\u00eda<\/strong> i <strong>Lydia Iglesias Bar\u00e9s<\/strong>, i <strong>Pablo<\/strong> i <strong>Marta Moreno<\/strong> ja han formalitzat la seva inscripci\u00f3 a la 40a Marxa Beret, com tamb\u00e9 ho ha fet <strong>Sadurn\u00ed Betriu<\/strong>, guanyador l\u2019any passat en la dist\u00e0ncia de 42 Km.<\/p>\n<p>La Marxa Beret est\u00e0 organitzada pel <strong>Conselh Generau d\u2019Aran<\/strong>, <strong>Baqueira Beret<\/strong> i l\u2019<strong>Ajuntament de Naut Aran<\/strong>. Compta amb la col\u00b7laboraci\u00f3 de: Associaci\u00f3 Volentaris d\u2019Aran, Foment Torisme Val d\u2019Aran, Diputaci\u00f3 de Lleida, Pompi\u00e8rs d\u2019Aran, Aran Salut, Mossos d\u2019Esquadra, INS d\u2019Aran, a m\u00e9s de la Reial Federaci\u00f3 Espanyola d\u2019Esports d\u2018Hivern (RFEDI), la Federaci\u00f3 Catalana d\u2019Esports d\u2019Hivern (FCEH), la Secret\u00e0ria General de l\u2019Esport de la Generalitat i els diferents patrocinadors.<\/p>\n<p>Les inscripcions presencials es faran al Poliesportiu de Salard\u00fa (Casa d\u2019Acollida) el dissabte, 2 de febrer, on s\u2019haur\u00e0 de presentar la documentaci\u00f3 corresponent i recollir el dorsal, documentaci\u00f3 de la cursa i els obsequis dels organitzadors i patrocinadors, de 09.00h fins a les 21.00h. A la mateixa Casa d\u2019Acollida s\u2019hi far\u00e0 la presentaci\u00f3 oficial de la 40a Marxa Beret el dissabte a les 19.00h.<\/p>\n<p>Trobareu tota la informaci\u00f3 de la 40a Marxa Beret a <a href=\"http:\/\/www.marxaberet.com\">www.marxaberet.com<\/a>.<\/p>\n<p><a href=\"http:\/\/www.conselharan.org\/wp-content\/uploads\/2019\/02\/40-Marxa-Beret-1.png\"><img loading=\"lazy\" decoding=\"async\" class=\"aligncenter size-full wp-image-26460\" src=\"http:\/\/www.conselharan.org\/wp-content\/uploads\/2019\/02\/40-Marxa-Beret-1.png\" alt=\"\" width=\"400\" height=\"566\" srcset=\"https:\/\/www.conselharan.org\/wp-content\/uploads\/2019\/02\/40-Marxa-Beret-1.png 400w, https:\/\/www.conselharan.org\/wp-content\/uploads\/2019\/02\/40-Marxa-Beret-1-212x300.png 212w\" sizes=\"(max-width: 400px) 100vw, 400px\" \/><\/a><\/p>\n ","protected":false},"excerpt":{"rendered":"<p>Dels inscrits, 150 son participants internacionals provinents de pa\u00efsos com Noruega, Su\u00e8cia, Finl\u00e0ndia, R\u00fassia, Estats Units de Nord Am\u00e8rica, M\u00e8xic, Su\u00efssa, Fran\u00e7a i It\u00e0lia Vielha, 1 de febrer de 2019.- Quan falten dos dies per a la 40a edici\u00f3 de la Marxa Beret, la cursa popular d\u2019esqu\u00ed de fons m\u00e9s important de l\u2019estat espanyol, que&#8230;<\/p>\n","protected":false},"author":2,"featured_media":26460,"comment_status":"closed","ping_status":"closed","sticky":false,"template":"","format":"standard","meta":{"footnotes":""},"categories":[136],"tags":[],"_links":{"self":[{"href":"https:\/\/www.conselharan.org\/ca\/wp-json\/wp\/v2\/posts\/26462"}],"collection":[{"href":"https:\/\/www.conselharan.org\/ca\/wp-json\/wp\/v2\/posts"}],"about":[{"href":"https:\/\/www.conselharan.org\/ca\/wp-json\/wp\/v2\/types\/post"}],"author":[{"embeddable":true,"href":"https:\/\/www.conselharan.org\/ca\/wp-json\/wp\/v2\/users\/2"}],"replies":[{"embeddable":true,"href":"https:\/\/www.conselharan.org\/ca\/wp-json\/wp\/v2\/comments?post=26462"}],"version-history":[{"count":2,"href":"https:\/\/www.conselharan.org\/ca\/wp-json\/wp\/v2\/posts\/26462\/revisions"}],"predecessor-version":[{"id":26469,"href":"https:\/\/www.conselharan.org\/ca\/wp-json\/wp\/v2\/posts\/26462\/revisions\/26469"}],"wp:featuredmedia":[{"embeddable":true,"href":"https:\/\/www.conselharan.org\/ca\/wp-json\/wp\/v2\/media\/26460"}],"wp:attachment":[{"href":"https:\/\/www.conselharan.org\/ca\/wp-json\/wp\/v2\/media?parent=26462"}],"wp:term":[{"taxonomy":"category","embeddable":true,"href":"https:\/\/www.conselharan.org\/ca\/wp-json\/wp\/v2\/categories?post=26462"},{"taxonomy":"post_tag","embeddable":true,"href":"https:\/\/www.conselharan.org\/ca\/wp-json\/wp\/v2\/tags?post=26462"}],"curies":[{"name":"wp","href":"https:\/\/api.w.org\/{rel}","templated":true}]}}