{"id":26476,"date":"2019-02-01T17:36:37","date_gmt":"2019-02-01T16:36:37","guid":{"rendered":"http:\/\/www.conselharan.org\/?p=26476"},"modified":"2019-02-01T17:36:37","modified_gmt":"2019-02-01T16:36:37","slug":"valoracio-molt-positiva-de-la-primera-universitat-internacional-dhivern-de-la-val-daran","status":"publish","type":"post","link":"https:\/\/www.conselharan.org\/ca\/valoracio-molt-positiva-de-la-primera-universitat-internacional-dhivern-de-la-val-daran\/","title":{"rendered":"Valoraci\u00f3 molt positiva de la primera Universitat Internacional d&#8217;Hivern de la Val d&#8217;Aran"},"content":{"rendered":"<p>Vielha, 1 de febrer de 2019.- Podem dir que la 1a. Edici\u00f3 de la <strong>Universitat Internacional d&#8217;Hivern de la Val d&#8217;Aran<\/strong> del 25, 26 i 27 de gener de 2019 ha tingut una excel\u00b7lent acollida, amb m\u00e9s de 60 assistents, la major part d&#8217;ells de la Val d&#8217;Aran, el que vol dir que hi ha un inter\u00e8s pel coneixement sobre el patrimoni, en aquest cas sacre, de la Val d&#8217;Aran, per part dels seus habitants. A m\u00e9s, tamb\u00e9 ha tingut la participaci\u00f3 de persones procedents de Commenges, de la Ribagor\u00e7a i d&#8217;altres zones de Catalunya.<\/p>\n<p><a href=\"http:\/\/www.conselharan.org\/wp-content\/uploads\/2019\/02\/Univ-Hivern-3.jpg\"><img loading=\"lazy\" decoding=\"async\" class=\"aligncenter size-large wp-image-26472\" src=\"http:\/\/www.conselharan.org\/wp-content\/uploads\/2019\/02\/Univ-Hivern-3-1024x659.jpg\" alt=\"\" width=\"1024\" height=\"659\" srcset=\"https:\/\/www.conselharan.org\/wp-content\/uploads\/2019\/02\/Univ-Hivern-3.jpg 1024w, https:\/\/www.conselharan.org\/wp-content\/uploads\/2019\/02\/Univ-Hivern-3-300x193.jpg 300w, https:\/\/www.conselharan.org\/wp-content\/uploads\/2019\/02\/Univ-Hivern-3-768x494.jpg 768w\" sizes=\"(max-width: 1024px) 100vw, 1024px\" \/><\/a><\/p>\n<p>Inaugurada per la consellera de Turisme, <strong>Anna D\u00edaz<\/strong>, i presentada per l&#8217;assessor en Cultura i Patrimoni del Conselh Generau d&#8217;Aran, <strong>J\u00e8p de Montoya<\/strong>, han estat unes jornades d&#8217;una riquesa enorme de coneixement.<\/p>\n<p>El <strong>Dr.<\/strong> <strong>Josep Llu\u00eds Ginovart<\/strong> de la <strong>School of Architecture <\/strong>de la<strong> Universitat Internacional de Catalunya<\/strong> ha aportat el seu saber sobre la investigaci\u00f3 arquitect\u00f2nica i sobre les orientacions de les esgl\u00e9sies araneses, amb noves tesis i teories sobre el moment de les planificacions i construccions de les mateixes .<\/p>\n<p>El <strong>Dr. Agust\u00ed Costa<\/strong> de l&#8217;Escola T\u00e8cnica Superior d&#8217;Arquitectura de la Universitat Rovira i Virgili de Reus-Tarragona ha explicat tot el proc\u00e9s d&#8217;estudi de les esgl\u00e9sies araneses des d&#8217;un punt de vista arquitect\u00f2nic, dut a terme per alumnes i professors d&#8217;aquesta escola durant 7 anys.<\/p>\n<p>La <strong>Dra. Julia Pav\u00f3n<\/strong> de la <strong>Universitat de Navarra<\/strong> ha posat sobre la taula que el privilegi d&#8217;era Querim\u00f2nia, que els aranesos van reclamar a Lleida al rei Jaume II, possiblement no es va plasmar en un document fins el 15 de maig de 1328, quan va ser signat per Alfonso III el Benigne, a causa de la por dels aranesos de romandre de nou desemparats i d&#8217;un possible nou litigi entre francesos i aragonesos, davant el canvi a Fran\u00e7a de la dinastia dels Capets per la de Valois.<\/p>\n<p><strong>Carla del Valle<\/strong>, directora dels <strong>Museus de la Val d&#8217;Aran<\/strong>, juntament amb el <strong>Dr. Jordi<\/strong> <strong>Camps<\/strong>, conservador en cap del Departament d&#8217;Art medieval del<strong> Museu Nacional d&#8217;Art de Catalunya, MNAC<\/strong>, han fet un rep\u00e0s exhaustiu dels creadors, mestres escultors i pintors, de l&#8217;art medieval d&#8217;Aran.<\/p>\n<p><a href=\"http:\/\/www.conselharan.org\/wp-content\/uploads\/2019\/02\/Univ-Hivern-6.jpg\"><img loading=\"lazy\" decoding=\"async\" class=\"aligncenter size-full wp-image-26473\" src=\"http:\/\/www.conselharan.org\/wp-content\/uploads\/2019\/02\/Univ-Hivern-6.jpg\" alt=\"\" width=\"960\" height=\"642\" srcset=\"https:\/\/www.conselharan.org\/wp-content\/uploads\/2019\/02\/Univ-Hivern-6.jpg 960w, https:\/\/www.conselharan.org\/wp-content\/uploads\/2019\/02\/Univ-Hivern-6-300x201.jpg 300w, https:\/\/www.conselharan.org\/wp-content\/uploads\/2019\/02\/Univ-Hivern-6-768x514.jpg 768w\" sizes=\"(max-width: 960px) 100vw, 960px\" \/><\/a><\/p>\n<p><strong>Tha\u00efs Rod\u00e9s<\/strong> de la <strong>Universitat de Navarra<\/strong>, en la seva pon\u00e8ncia sobre l\u2019art sacre contemporani de la Val d&#8217;Aran, despr\u00e9s d&#8217;enumerar i explicar la major part de l&#8217;obra feta en els darrers decennis, ha donat a con\u00e8ixer el treball del taller de Ramon Borr\u00e0s de Lleida, constructor dels retaules neog\u00f2tics de les esgl\u00e9sies de Vielha, Gausac, Es B\u00f2rdes, Vilam\u00f2s i Canejan, que van perdre els seus retaules a la Guerra Civil i que gr\u00e0cies a les subhastes de fusta dels seus boscos van poder adquirir aquestes peces en els anys 40 del segle passat.<\/p>\n<p>Aix\u00ed mateix, <strong>Jordi Camps<\/strong>, gran especialista en escultura rom\u00e0nica ha aprofundit molt en l&#8217;estudi sobre el <strong>Crist de Mijaran<\/strong> i el <strong>Crist de Salard\u00fa,<\/strong> assegurant que aquestes obres no poden pert\u00e0nyer al Taller d&#8217;Erill o Taller Ribagor\u00e7\u00e0 com s&#8217;ha dit fins ara, sin\u00f3 a un altre taller, despr\u00e9s de les difer\u00e8ncies d&#8217;estil i de factura observada. Assegura que va haver d&#8217;existir un Taller o Mestre de la Val, amb una t\u00e8cnica ben refinada per poder arribar a fer aquestes peces d&#8217;una magn\u00edfica qualitat i perfecci\u00f3. La investigadora Tha\u00efs Rod\u00e9s, en els seus recents estudis, reafirma aquesta tesi.<\/p>\n<p><strong>Elisa Ros<\/strong>, t\u00e8cnica de Patrimoni del <strong>Conselh Generau d&#8217;Aran<\/strong> assegura, amb una an\u00e0lisi detallada de la documentaci\u00f3 existent i de les restes arquitect\u00f2niques de l&#8217;esgl\u00e9sia de Santa Maria de Mijaran, com ja tenia apuntat <strong>Dom\u00e8nech i Montaner<\/strong> i altres autors posteriors, que la esgl\u00e9sia de Mijaran tenia en el seu origen planta basilical de les tres naus, amb pilars circulars que suportaven les voltes de les tres naus, abans de construir els arcs g\u00f2tics que podem veure a la documentaci\u00f3 fotogr\u00e0fica anterior a l&#8217;any 1938, data de la seva destrucci\u00f3, i tamb\u00e9 en les restes que romanen. Tamb\u00e9 ha diferenciat diverses fases constructives a l&#8217;edifici.<\/p>\n<p>El <strong>Dr. Sergio Coll<\/strong> de l&#8217;<strong>Escola T\u00e8cnica Superior d&#8217;Arquitectura de la Universitat Rovira i Virgili<\/strong> ha explicat amb tot luxe de detalls els moments de construcci\u00f3 arquitect\u00f2nica de les esgl\u00e9sies rom\u00e0niques com les seves patologies i deformacions i les solucions a alguns dels seus problemes.<\/p>\n<p>El <strong>Dr. Juan Antonio Ola\u00f1eta<\/strong> de la <strong>Universitat de Barcelona<\/strong> despr\u00e9s d&#8217;analitzar els 18 crismons aranesos coneguts i provar que en un gran percentatge d&#8217;ells apareixen les lletres gregues, Alfa, i Omega, i la S invertida (dreta-esquerra), ha assegurat que s\u00f3n ben genu\u00efnes, i apunta que l&#8217;explicaci\u00f3 podem trobar-la en la defensa per part de l&#8217;Esgl\u00e9sia del dogma de la Sant\u00edssima Trinitat, per contrarestar a l&#8217;heretgia albigesa que ho negava. Tamb\u00e9 manifesta que l&#8217;Omega, _final de tot_, es posa en lloc de l&#8217;Alfa, _principi de tot_, perqu\u00e8 aquests crismons, sovint situats a les parets de les esgl\u00e9sies que tenien el cementiri al seu peu, volien recordar que la mort no era el final, sin\u00f3 el comen\u00e7ament de la vida eterna. Amb la mateixa teoria, <strong>Jordi Camps<\/strong> ha mantingut la idea que tant els cristos crucificats en l&#8217;escultura en pedra a les portalades de les esgl\u00e9sies com les talles dels cristos en fusta farien la mateixa funci\u00f3 de mostrar la naturalesa humana de Crist, en contra del que proposava l&#8217;heretge albigesa.<\/p>\n<p><a href=\"http:\/\/www.conselharan.org\/wp-content\/uploads\/2019\/02\/Univ-Hivern-5.jpg\"><img loading=\"lazy\" decoding=\"async\" class=\"aligncenter size-full wp-image-26474\" src=\"http:\/\/www.conselharan.org\/wp-content\/uploads\/2019\/02\/Univ-Hivern-5.jpg\" alt=\"\" width=\"960\" height=\"642\" srcset=\"https:\/\/www.conselharan.org\/wp-content\/uploads\/2019\/02\/Univ-Hivern-5.jpg 960w, https:\/\/www.conselharan.org\/wp-content\/uploads\/2019\/02\/Univ-Hivern-5-300x201.jpg 300w, https:\/\/www.conselharan.org\/wp-content\/uploads\/2019\/02\/Univ-Hivern-5-768x514.jpg 768w\" sizes=\"(max-width: 960px) 100vw, 960px\" \/><\/a><\/p>\n<p><strong>Jus\u00e8p Lo\u00eds Sans<\/strong>, president de <strong>l&#8217;Institut d&#8217;Estudis Aranesi &#8211; Acad\u00e8mia aranesa de la llengua occitana<\/strong>, ha explicat el moment socioling\u00fc\u00edstic de la llengua occitana tant en tot el seu context ling\u00fc\u00edstic com a la Val d&#8217;Aran i ha presentat les publicacions de l&#8217;Acad\u00e8mia com a ens normatiu de la llengua per a la Val d&#8217;Aran i tot Catalunya.<\/p>\n<p>A m\u00e9s de les pon\u00e8ncies on s&#8217;han donat tota mena d&#8217;explicacions en tots els dominis com arquitectura, escultura, pintura, b\u00e9ns immobles &#8230; s&#8217;han visitat tamb\u00e9, les esgl\u00e9sies de <strong>Sant Miqu\u00e8u de Vielha<\/strong>, <strong>Santa Maria d&#8217;Arties<\/strong>, <strong>la Purificaci\u00f3 de Maria de Boss\u00f2st<\/strong> , el <strong>Museu de la Val d&#8217;Aran a Vielha<\/strong> i l&#8217;Exposici\u00f3 <strong>ARAN ME + FECIT<\/strong> a l&#8217;esgl\u00e9sia de Sant Joan d&#8217;Arties.<\/p>\n<p>En alguns moments D&#8217;aquestes jornades s&#8217;han afegit les persones de <strong>l&#8217;Aula d&#8217;Extensi\u00f3 Universit\u00e0ria de la Gent Gran d&#8217;Aran AUGGA <\/strong>que han mostrat un gran inter\u00e8s per les explicacions.<\/p>\n ","protected":false},"excerpt":{"rendered":"<p>Vielha, 1 de febrer de 2019.- Podem dir que la 1a. Edici\u00f3 de la Universitat Internacional d&#8217;Hivern de la Val d&#8217;Aran del 25, 26 i 27 de gener de 2019 ha tingut una excel\u00b7lent acollida, amb m\u00e9s de 60 assistents, la major part d&#8217;ells de la Val d&#8217;Aran, el que vol dir que hi ha&#8230;<\/p>\n","protected":false},"author":2,"featured_media":26472,"comment_status":"closed","ping_status":"closed","sticky":false,"template":"","format":"standard","meta":{"footnotes":""},"categories":[53],"tags":[],"_links":{"self":[{"href":"https:\/\/www.conselharan.org\/ca\/wp-json\/wp\/v2\/posts\/26476"}],"collection":[{"href":"https:\/\/www.conselharan.org\/ca\/wp-json\/wp\/v2\/posts"}],"about":[{"href":"https:\/\/www.conselharan.org\/ca\/wp-json\/wp\/v2\/types\/post"}],"author":[{"embeddable":true,"href":"https:\/\/www.conselharan.org\/ca\/wp-json\/wp\/v2\/users\/2"}],"replies":[{"embeddable":true,"href":"https:\/\/www.conselharan.org\/ca\/wp-json\/wp\/v2\/comments?post=26476"}],"version-history":[{"count":1,"href":"https:\/\/www.conselharan.org\/ca\/wp-json\/wp\/v2\/posts\/26476\/revisions"}],"predecessor-version":[{"id":26477,"href":"https:\/\/www.conselharan.org\/ca\/wp-json\/wp\/v2\/posts\/26476\/revisions\/26477"}],"wp:featuredmedia":[{"embeddable":true,"href":"https:\/\/www.conselharan.org\/ca\/wp-json\/wp\/v2\/media\/26472"}],"wp:attachment":[{"href":"https:\/\/www.conselharan.org\/ca\/wp-json\/wp\/v2\/media?parent=26476"}],"wp:term":[{"taxonomy":"category","embeddable":true,"href":"https:\/\/www.conselharan.org\/ca\/wp-json\/wp\/v2\/categories?post=26476"},{"taxonomy":"post_tag","embeddable":true,"href":"https:\/\/www.conselharan.org\/ca\/wp-json\/wp\/v2\/tags?post=26476"}],"curies":[{"name":"wp","href":"https:\/\/api.w.org\/{rel}","templated":true}]}}