{"id":26499,"date":"2019-02-02T21:31:02","date_gmt":"2019-02-02T20:31:02","guid":{"rendered":"http:\/\/www.conselharan.org\/?p=26499"},"modified":"2019-02-02T21:36:37","modified_gmt":"2019-02-02T20:36:37","slug":"marta-cester-i-xabier-macias-guanyadors-del-sprint-salomon-campionat-despanya-de-sprint-a-beret","status":"publish","type":"post","link":"https:\/\/www.conselharan.org\/ca\/marta-cester-i-xabier-macias-guanyadors-del-sprint-salomon-campionat-despanya-de-sprint-a-beret\/","title":{"rendered":"Marta Cester i Xabier Macias guanyadors del Sprint Salomon Campionat d&#8217;Espanya de Sprint a Beret"},"content":{"rendered":"<p>Vielha, 2 de febrer de 2019.- La fondista aranesa <strong>Marta Cester<\/strong> (CAEI &#8211; Federaci\u00f3 Catalana) i <strong>Xabier Macias<\/strong> (UHRTE &#8211; Federaci\u00f3 Navarra) s&#8217;han proclamat campions d&#8217;Espanya de Sprint en la categoria s\u00e8nior en el marc del tradicional Sprint Salomon previ a la Marxa Beret.<\/p>\n<p><a href=\"http:\/\/www.conselharan.org\/wp-content\/uploads\/2019\/02\/Sprint-Salomon-1.jpg\"><img loading=\"lazy\" decoding=\"async\" class=\"aligncenter size-large wp-image-26494\" src=\"http:\/\/www.conselharan.org\/wp-content\/uploads\/2019\/02\/Sprint-Salomon-1-1024x683.jpg\" alt=\"\" width=\"1024\" height=\"683\" srcset=\"https:\/\/www.conselharan.org\/wp-content\/uploads\/2019\/02\/Sprint-Salomon-1-1024x683.jpg 1024w, https:\/\/www.conselharan.org\/wp-content\/uploads\/2019\/02\/Sprint-Salomon-1-300x200.jpg 300w, https:\/\/www.conselharan.org\/wp-content\/uploads\/2019\/02\/Sprint-Salomon-1-768x512.jpg 768w\" sizes=\"(max-width: 1024px) 100vw, 1024px\" \/><\/a><\/p>\n<p>En la prova han participat m\u00e9s de 130 inscrits que s&#8217;ha disputat sota una intensa nevada a l&#8217;estaci\u00f3 de Baqueira Beret. La prova forma part del calendari de Copa d&#8217;Espanya Loteries.<\/p>\n<p>El podi l\u2019han completat en dones la tamb\u00e9 aranesa <strong>Lydia Iglesias<\/strong> (ANEC &#8211; Federaci\u00f3 Catalana) i <strong>Varvara Prokhorova<\/strong> (R\u00fassia). La quarta classificada, <strong>Maialen L\u00f3pez<\/strong> (IRUNG &#8211; Federaci\u00f3 Basca) s&#8217;ha classificat per tant com a tercera a la Copa Espanya. Al podi mascul\u00ed, els fondistes <strong>Unai Sanz<\/strong> (UHRTE &#8211; Federaci\u00f3 Navarra) i <strong>Carlos Lannes<\/strong> (CMGC &#8211; Federaci\u00f3 Aragonesa) tancaven el podi. En la categoria U20 <strong>Alba Puigdef\u00e0bregas<\/strong> (RFEDI &#8211; CEC &#8211; Federaci\u00f3 Aragonesa) i <strong>Gral Selles<\/strong> (RFEDI &#8211; BELLVER &#8211; Federaci\u00f3 Catalana), en U18 l&#8217;aranesa Maria Iglesias (RFEDI &#8211; ANEC &#8211; Federaci\u00f3 Catalana) i <strong>Jaume Pueyo<\/strong> (RFEDI &#8211; CEFUC &#8211; Federaci\u00f3 Catalana ). En veterans ha ven\u00e7ut <strong>Miguel Carvajal<\/strong> (CEOE &#8211; Federaci\u00f3 Andalusa). Tots ells han hagut de realitzar dues voltes al circuit d&#8217;1 km.<\/p>\n<p>La resta dels vencedors, segons les categories han estat: en U16 <strong>Claustre Montaner<\/strong> (SOPAR &#8211; Federaci\u00f3 Catalana) i <strong>Nil Tosas<\/strong> (HBEN &#8211; Federaci\u00f3 Arag\u00f3), en U14 <strong>Martina Selles<\/strong> (BELLVER &#8211; Federaci\u00f3 Catalana) i <strong>Peio A\u00f1arbe<\/strong> (MGSTZ &#8211; Federaci\u00f3 Basca ), i en U12 <strong>Joana Puig<\/strong> (BELLVER &#8211; Federaci\u00f3 Catalana) i <strong>Jan Vicente<\/strong> (CFUC &#8211; Federaci\u00f3 Catalana). En aquestes categories ha estat necess\u00e0ria una \u00fanica volta al circuit d&#8217;1 km.<\/p>\n<p><a href=\"http:\/\/www.conselharan.org\/wp-content\/uploads\/2019\/02\/Sprint-Salomon-5-2.jpg\"><img loading=\"lazy\" decoding=\"async\" class=\"aligncenter size-large wp-image-26495\" src=\"http:\/\/www.conselharan.org\/wp-content\/uploads\/2019\/02\/Sprint-Salomon-5-2-1024x620.jpg\" alt=\"\" width=\"1024\" height=\"620\" srcset=\"https:\/\/www.conselharan.org\/wp-content\/uploads\/2019\/02\/Sprint-Salomon-5-2-1024x620.jpg 1024w, https:\/\/www.conselharan.org\/wp-content\/uploads\/2019\/02\/Sprint-Salomon-5-2-300x182.jpg 300w, https:\/\/www.conselharan.org\/wp-content\/uploads\/2019\/02\/Sprint-Salomon-5-2-768x465.jpg 768w\" sizes=\"(max-width: 1024px) 100vw, 1024px\" \/><\/a><\/p>\n<p>La prova ha estat organitzada pel Conselh Generau d&#8217;Aran, l&#8217;estaci\u00f3 de Baqueira Beret, l&#8217;Ajuntament de Naut Aran, la Reial Federaci\u00f3 Espanyola Esports d&#8217;Hivern (RFEDI) i amb la col\u00b7laboraci\u00f3 de la Federaci\u00f3 Catalana Esports d&#8217;Hivern (FCEH) i Salomon.<\/p>\n<p>Dem\u00e0 diumenge 3 se celebra la Marxa Beret, en la seva 40a edici\u00f3. La prova, est\u00e0 inclosa en el calendari de la Federaci\u00f3 Internacional d&#8217;Esqu\u00ed (FIS) de carreres populars (ML) i \u00e9s el Campionat d&#8217;Espanya de Llarga dist\u00e0ncia en el seu tra\u00e7at de 42 km pel que \u00e9s part de la Copa Espanya Loteries d&#8217;Esqu\u00ed de fons de la RFEDI.<\/p>\n<p><a href=\"http:\/\/www.conselharan.org\/wp-content\/uploads\/2019\/02\/Sprint-Salomon-9.jpg\"><img loading=\"lazy\" decoding=\"async\" class=\"aligncenter size-large wp-image-26496\" src=\"http:\/\/www.conselharan.org\/wp-content\/uploads\/2019\/02\/Sprint-Salomon-9-1024x683.jpg\" alt=\"\" width=\"1024\" height=\"683\" srcset=\"https:\/\/www.conselharan.org\/wp-content\/uploads\/2019\/02\/Sprint-Salomon-9-1024x683.jpg 1024w, https:\/\/www.conselharan.org\/wp-content\/uploads\/2019\/02\/Sprint-Salomon-9-300x200.jpg 300w, https:\/\/www.conselharan.org\/wp-content\/uploads\/2019\/02\/Sprint-Salomon-9-768x512.jpg 768w\" sizes=\"(max-width: 1024px) 100vw, 1024px\" \/><\/a><\/p>\n<p>Info: RFEDI<\/p>\n<p>Fotos: Fototur<\/p>\n ","protected":false},"excerpt":{"rendered":"<p>Vielha, 2 de febrer de 2019.- La fondista aranesa Marta Cester (CAEI &#8211; Federaci\u00f3 Catalana) i Xabier Macias (UHRTE &#8211; Federaci\u00f3 Navarra) s&#8217;han proclamat campions d&#8217;Espanya de Sprint en la categoria s\u00e8nior en el marc del tradicional Sprint Salomon previ a la Marxa Beret. En la prova han participat m\u00e9s de 130 inscrits que s&#8217;ha&#8230;<\/p>\n","protected":false},"author":2,"featured_media":26497,"comment_status":"closed","ping_status":"closed","sticky":false,"template":"","format":"standard","meta":{"footnotes":""},"categories":[136],"tags":[],"_links":{"self":[{"href":"https:\/\/www.conselharan.org\/ca\/wp-json\/wp\/v2\/posts\/26499"}],"collection":[{"href":"https:\/\/www.conselharan.org\/ca\/wp-json\/wp\/v2\/posts"}],"about":[{"href":"https:\/\/www.conselharan.org\/ca\/wp-json\/wp\/v2\/types\/post"}],"author":[{"embeddable":true,"href":"https:\/\/www.conselharan.org\/ca\/wp-json\/wp\/v2\/users\/2"}],"replies":[{"embeddable":true,"href":"https:\/\/www.conselharan.org\/ca\/wp-json\/wp\/v2\/comments?post=26499"}],"version-history":[{"count":2,"href":"https:\/\/www.conselharan.org\/ca\/wp-json\/wp\/v2\/posts\/26499\/revisions"}],"predecessor-version":[{"id":26504,"href":"https:\/\/www.conselharan.org\/ca\/wp-json\/wp\/v2\/posts\/26499\/revisions\/26504"}],"wp:featuredmedia":[{"embeddable":true,"href":"https:\/\/www.conselharan.org\/ca\/wp-json\/wp\/v2\/media\/26497"}],"wp:attachment":[{"href":"https:\/\/www.conselharan.org\/ca\/wp-json\/wp\/v2\/media?parent=26499"}],"wp:term":[{"taxonomy":"category","embeddable":true,"href":"https:\/\/www.conselharan.org\/ca\/wp-json\/wp\/v2\/categories?post=26499"},{"taxonomy":"post_tag","embeddable":true,"href":"https:\/\/www.conselharan.org\/ca\/wp-json\/wp\/v2\/tags?post=26499"}],"curies":[{"name":"wp","href":"https:\/\/api.w.org\/{rel}","templated":true}]}}