{"id":26527,"date":"2019-02-03T18:57:59","date_gmt":"2019-02-03T17:57:59","guid":{"rendered":"http:\/\/www.conselharan.org\/?p=26527"},"modified":"2019-02-07T13:46:18","modified_gmt":"2019-02-07T12:46:18","slug":"la-40a-marxa-beret-supera-els-900-participants","status":"publish","type":"post","link":"https:\/\/www.conselharan.org\/ca\/la-40a-marxa-beret-supera-els-900-participants\/","title":{"rendered":"La 40a Marxa Beret supera els 900 participants"},"content":{"rendered":"<p><strong>150 participants internacionals procedents de Noruega, Su\u00e8cia, Finl\u00e0ndia, Su\u00efssa, R\u00fassia, Estats Units, M\u00e8xic, Fran\u00e7a i It\u00e0lia han competit amb la resta de fondistes a Beret<\/strong><\/p>\n<p>Vielha, 3 de febrer de 2019.- M\u00e9s de 900 fondistes de totes les edats han participat avui en la 40a edici\u00f3 de la Marxa Beret disputada al Pla de Beret. L\u2019edici\u00f3 d\u2019enguany de la Marxa Beret ha comptat amb la participaci\u00f3 de 150 fondistes internacionals procedents de pa\u00efsos com Noruega, Su\u00e8cia, Finl\u00e0ndia, Su\u00efssa, R\u00fassia, Estats Units, M\u00e8xic, Fran\u00e7a i It\u00e0lia, que han gaudit de la gran festa de la prova degana de l\u2019esqu\u00ed de fons a Espanya, inscrita al circuit de Marxes Populars (Popular Cross-Country Race) del calendari FIS (Federaci\u00f3 Internacional d\u2019Esqu\u00ed), aquest any Campionat d\u2019Espanya de Llarga dist\u00e0ncia, i que forma part de la Copa Espanya Loteries d\u2019Esqu\u00ed de fons de la RFEDI i puntuable pel circuit de Copa Catalana.<\/p>\n<p><a href=\"http:\/\/www.conselharan.org\/wp-content\/uploads\/2019\/02\/Marxa-Beret-diumenge-16-Ok.jpg\"><img loading=\"lazy\" decoding=\"async\" class=\"aligncenter size-large wp-image-26511\" src=\"http:\/\/www.conselharan.org\/wp-content\/uploads\/2019\/02\/Marxa-Beret-diumenge-16-Ok-1024x683.jpg\" alt=\"\" width=\"1024\" height=\"683\" srcset=\"https:\/\/www.conselharan.org\/wp-content\/uploads\/2019\/02\/Marxa-Beret-diumenge-16-Ok-1024x683.jpg 1024w, https:\/\/www.conselharan.org\/wp-content\/uploads\/2019\/02\/Marxa-Beret-diumenge-16-Ok-300x200.jpg 300w, https:\/\/www.conselharan.org\/wp-content\/uploads\/2019\/02\/Marxa-Beret-diumenge-16-Ok-768x512.jpg 768w\" sizes=\"(max-width: 1024px) 100vw, 1024px\" \/><\/a><\/p>\n<p>La Marxa Beret, s\u2019ha disputat en un circuit de 10 km, 21 km i 42 km a la zona de Beret i Orri, sota unes condicions meteorol\u00f2giques de fred, vent i neu que ha obligat als organitzadors a remarcar el tra\u00e7at fins pocs moments abans de comen\u00e7ar la prova.<\/p>\n<p>El vicesindic d\u2019Aran i director de la Marxa Beret, <strong>C\u00e9sar Ruiz Canela<\/strong>, ha agra\u00eft \u201cel treball realitzat per l\u2019equip organitzador de la Marxa, de tots els col\u00b7laboradors que l`han fet possible en aquestes 40 edicions, i especialment el treball dels Voluntaris d\u2019Aran, sense oblidar les federacions i patrocinadors de la Marxa Beret\u201c.<\/p>\n<p>La Marxa Beret est\u00e0 organitzada pel Conselh Generau d\u2019Aran, Baqueira Beret i l\u2019Ajuntament de Naut Aran. Compta amb la col\u00b7laboraci\u00f3 de: Associaci\u00f3 Volentaris d\u2019Aran, Foment Torisme Val d\u2019Aran, Diputaci\u00f3 de Lleida, Pompi\u00e8rs d\u2019Aran, Aran Salut, Mossos d\u2019Esquadra, INS d\u2019Aran, a m\u00e9s de la Reial Federaci\u00f3 Espanyola d\u2019Esports d\u2018hivern (RFEDI), la Federaci\u00f3 Catalana d\u2019Esports d\u2019hivern (FCEH), la secret\u00e0ria general de l\u2019Esport de la Generalitat i els diferents patrocinadors.<\/p>\n<p>Pel que fa a la participaci\u00f3 dels esportistes aranesos cal destacar la victoria de <strong>Marta Cester<\/strong> en la categoria s\u00e8nior femenina en 42 km, <strong>Maria Iglesias<\/strong> guanyadora en 21 km, <strong>Lydia Iglesias<\/strong> 2a en la mateixa dist\u00e0ncia, i <strong>Marta Moreno<\/strong>, guanyadora en 10 km. En aquest sentit tant Marta Cester com Maria Iglesias s\u2019han proclamat campiones d\u2019Espanya de Llarga dist\u00e0ncia.<\/p>\n<p><a href=\"http:\/\/www.conselharan.org\/wp-content\/uploads\/2019\/02\/Marxa-Beret-diumenge-15-Ok.jpg\"><img loading=\"lazy\" decoding=\"async\" class=\"aligncenter size-large wp-image-26512\" src=\"http:\/\/www.conselharan.org\/wp-content\/uploads\/2019\/02\/Marxa-Beret-diumenge-15-Ok-1024x683.jpg\" alt=\"\" width=\"1024\" height=\"683\" srcset=\"https:\/\/www.conselharan.org\/wp-content\/uploads\/2019\/02\/Marxa-Beret-diumenge-15-Ok-1024x683.jpg 1024w, https:\/\/www.conselharan.org\/wp-content\/uploads\/2019\/02\/Marxa-Beret-diumenge-15-Ok-300x200.jpg 300w, https:\/\/www.conselharan.org\/wp-content\/uploads\/2019\/02\/Marxa-Beret-diumenge-15-Ok-768x512.jpg 768w\" sizes=\"(max-width: 1024px) 100vw, 1024px\" \/><\/a><\/p>\n<p>Ahir es va disputar el tradicional Sprint Salomon Campionat d\u2019Espanya de Sprint en la modalitat de t\u00e8cnica lliure en el que van participar 130 fondistes i disputat tamb\u00e9 sota una intensa nevada. <strong>Durant els dos dies de competici\u00f3 s\u2019han superat els mil participants en la 40a edici\u00f3 de la Marxa Beret.<\/strong><\/p>\n<p><a href=\"http:\/\/www.conselharan.org\/wp-content\/uploads\/2019\/02\/Marxa-Beret-podium-diumenge-1-Ok.jpg\"><img loading=\"lazy\" decoding=\"async\" class=\"aligncenter size-large wp-image-26524\" src=\"http:\/\/www.conselharan.org\/wp-content\/uploads\/2019\/02\/Marxa-Beret-podium-diumenge-1-Ok-1024x683.jpg\" alt=\"\" width=\"1024\" height=\"683\" srcset=\"https:\/\/www.conselharan.org\/wp-content\/uploads\/2019\/02\/Marxa-Beret-podium-diumenge-1-Ok-1024x683.jpg 1024w, https:\/\/www.conselharan.org\/wp-content\/uploads\/2019\/02\/Marxa-Beret-podium-diumenge-1-Ok-300x200.jpg 300w, https:\/\/www.conselharan.org\/wp-content\/uploads\/2019\/02\/Marxa-Beret-podium-diumenge-1-Ok-768x512.jpg 768w\" sizes=\"(max-width: 1024px) 100vw, 1024px\" \/><\/a><\/p>\n<p><a href=\"http:\/\/www.conselharan.org\/wp-content\/uploads\/2019\/02\/Marxa-Beret-podium-diumenge-3-Ok.jpg\"><img loading=\"lazy\" decoding=\"async\" class=\"aligncenter size-large wp-image-26513\" src=\"http:\/\/www.conselharan.org\/wp-content\/uploads\/2019\/02\/Marxa-Beret-podium-diumenge-3-Ok-1024x683.jpg\" alt=\"\" width=\"1024\" height=\"683\" srcset=\"https:\/\/www.conselharan.org\/wp-content\/uploads\/2019\/02\/Marxa-Beret-podium-diumenge-3-Ok-1024x683.jpg 1024w, https:\/\/www.conselharan.org\/wp-content\/uploads\/2019\/02\/Marxa-Beret-podium-diumenge-3-Ok-300x200.jpg 300w, https:\/\/www.conselharan.org\/wp-content\/uploads\/2019\/02\/Marxa-Beret-podium-diumenge-3-Ok-768x512.jpg 768w\" sizes=\"(max-width: 1024px) 100vw, 1024px\" \/><\/a><\/p>\n<p><a href=\"http:\/\/www.conselharan.org\/wp-content\/uploads\/2019\/02\/Marxa-Beret-podium-diumenge-6-Ok.jpg\"><img loading=\"lazy\" decoding=\"async\" class=\"aligncenter size-large wp-image-26514\" src=\"http:\/\/www.conselharan.org\/wp-content\/uploads\/2019\/02\/Marxa-Beret-podium-diumenge-6-Ok-1024x683.jpg\" alt=\"\" width=\"1024\" height=\"683\" srcset=\"https:\/\/www.conselharan.org\/wp-content\/uploads\/2019\/02\/Marxa-Beret-podium-diumenge-6-Ok-1024x683.jpg 1024w, https:\/\/www.conselharan.org\/wp-content\/uploads\/2019\/02\/Marxa-Beret-podium-diumenge-6-Ok-300x200.jpg 300w, https:\/\/www.conselharan.org\/wp-content\/uploads\/2019\/02\/Marxa-Beret-podium-diumenge-6-Ok-768x512.jpg 768w\" sizes=\"(max-width: 1024px) 100vw, 1024px\" \/><\/a><\/p>\n<p><a href=\"http:\/\/www.conselharan.org\/wp-content\/uploads\/2019\/02\/Marxa-Beret-podium-diumenge-7-Ok.jpg\"><img loading=\"lazy\" decoding=\"async\" class=\"aligncenter size-large wp-image-26515\" src=\"http:\/\/www.conselharan.org\/wp-content\/uploads\/2019\/02\/Marxa-Beret-podium-diumenge-7-Ok-1024x683.jpg\" alt=\"\" width=\"1024\" height=\"683\" srcset=\"https:\/\/www.conselharan.org\/wp-content\/uploads\/2019\/02\/Marxa-Beret-podium-diumenge-7-Ok-1024x683.jpg 1024w, https:\/\/www.conselharan.org\/wp-content\/uploads\/2019\/02\/Marxa-Beret-podium-diumenge-7-Ok-300x200.jpg 300w, https:\/\/www.conselharan.org\/wp-content\/uploads\/2019\/02\/Marxa-Beret-podium-diumenge-7-Ok-768x512.jpg 768w\" sizes=\"(max-width: 1024px) 100vw, 1024px\" \/><\/a><\/p>\n<p><a href=\"http:\/\/www.conselharan.org\/wp-content\/uploads\/2019\/02\/Marxa-Beret-podium-diumenge-8-Ok.jpg\"><img loading=\"lazy\" decoding=\"async\" class=\"aligncenter size-large wp-image-26516\" src=\"http:\/\/www.conselharan.org\/wp-content\/uploads\/2019\/02\/Marxa-Beret-podium-diumenge-8-Ok-1024x683.jpg\" alt=\"\" width=\"1024\" height=\"683\" srcset=\"https:\/\/www.conselharan.org\/wp-content\/uploads\/2019\/02\/Marxa-Beret-podium-diumenge-8-Ok-1024x683.jpg 1024w, https:\/\/www.conselharan.org\/wp-content\/uploads\/2019\/02\/Marxa-Beret-podium-diumenge-8-Ok-300x200.jpg 300w, https:\/\/www.conselharan.org\/wp-content\/uploads\/2019\/02\/Marxa-Beret-podium-diumenge-8-Ok-768x512.jpg 768w\" sizes=\"(max-width: 1024px) 100vw, 1024px\" \/><\/a><\/p>\n<p><a href=\"http:\/\/www.conselharan.org\/wp-content\/uploads\/2019\/02\/Marxa-Beret-podium-diumenge-10-Ok.jpg\"><img loading=\"lazy\" decoding=\"async\" class=\"aligncenter size-large wp-image-26518\" src=\"http:\/\/www.conselharan.org\/wp-content\/uploads\/2019\/02\/Marxa-Beret-podium-diumenge-10-Ok-1024x683.jpg\" alt=\"\" width=\"1024\" height=\"683\" srcset=\"https:\/\/www.conselharan.org\/wp-content\/uploads\/2019\/02\/Marxa-Beret-podium-diumenge-10-Ok-1024x683.jpg 1024w, https:\/\/www.conselharan.org\/wp-content\/uploads\/2019\/02\/Marxa-Beret-podium-diumenge-10-Ok-300x200.jpg 300w, https:\/\/www.conselharan.org\/wp-content\/uploads\/2019\/02\/Marxa-Beret-podium-diumenge-10-Ok-768x512.jpg 768w\" sizes=\"(max-width: 1024px) 100vw, 1024px\" \/><\/a><\/p>\n<p><a href=\"http:\/\/www.conselharan.org\/wp-content\/uploads\/2019\/02\/Marxa-Beret-podium-diumenge-11-Ok.jpg\"><img loading=\"lazy\" decoding=\"async\" class=\"aligncenter size-large wp-image-26519\" src=\"http:\/\/www.conselharan.org\/wp-content\/uploads\/2019\/02\/Marxa-Beret-podium-diumenge-11-Ok-1024x683.jpg\" alt=\"\" width=\"1024\" height=\"683\" srcset=\"https:\/\/www.conselharan.org\/wp-content\/uploads\/2019\/02\/Marxa-Beret-podium-diumenge-11-Ok-1024x683.jpg 1024w, https:\/\/www.conselharan.org\/wp-content\/uploads\/2019\/02\/Marxa-Beret-podium-diumenge-11-Ok-300x200.jpg 300w, https:\/\/www.conselharan.org\/wp-content\/uploads\/2019\/02\/Marxa-Beret-podium-diumenge-11-Ok-768x512.jpg 768w\" sizes=\"(max-width: 1024px) 100vw, 1024px\" \/><\/a><\/p>\n<p><a href=\"http:\/\/www.conselharan.org\/wp-content\/uploads\/2019\/02\/Marxa-Beret-podium-diumenge-12-Ok.jpg\"><img loading=\"lazy\" decoding=\"async\" class=\"aligncenter size-large wp-image-26520\" src=\"http:\/\/www.conselharan.org\/wp-content\/uploads\/2019\/02\/Marxa-Beret-podium-diumenge-12-Ok-1024x683.jpg\" alt=\"\" width=\"1024\" height=\"683\" srcset=\"https:\/\/www.conselharan.org\/wp-content\/uploads\/2019\/02\/Marxa-Beret-podium-diumenge-12-Ok-1024x683.jpg 1024w, https:\/\/www.conselharan.org\/wp-content\/uploads\/2019\/02\/Marxa-Beret-podium-diumenge-12-Ok-300x200.jpg 300w, https:\/\/www.conselharan.org\/wp-content\/uploads\/2019\/02\/Marxa-Beret-podium-diumenge-12-Ok-768x512.jpg 768w\" sizes=\"(max-width: 1024px) 100vw, 1024px\" \/><\/a><\/p>\n<p><a href=\"http:\/\/www.conselharan.org\/wp-content\/uploads\/2019\/02\/Marxa-Beret-podium-diumenge-13-Ok.jpg\"><img loading=\"lazy\" decoding=\"async\" class=\"aligncenter size-large wp-image-26521\" src=\"http:\/\/www.conselharan.org\/wp-content\/uploads\/2019\/02\/Marxa-Beret-podium-diumenge-13-Ok-1024x683.jpg\" alt=\"\" width=\"1024\" height=\"683\" srcset=\"https:\/\/www.conselharan.org\/wp-content\/uploads\/2019\/02\/Marxa-Beret-podium-diumenge-13-Ok-1024x683.jpg 1024w, https:\/\/www.conselharan.org\/wp-content\/uploads\/2019\/02\/Marxa-Beret-podium-diumenge-13-Ok-300x200.jpg 300w, https:\/\/www.conselharan.org\/wp-content\/uploads\/2019\/02\/Marxa-Beret-podium-diumenge-13-Ok-768x512.jpg 768w\" sizes=\"(max-width: 1024px) 100vw, 1024px\" \/><\/a><\/p>\n<p><strong>Resultats de la 40a Marxa Beret<\/strong><\/p>\n<p><strong>Marxa Beret 10Km &#8211; Classificaci\u00f3 Femenina<\/strong><\/p>\n<ul>\n<li>Marta Moreno Ramos<\/li>\n<li>Claustre Montaner Mangas<\/li>\n<li>Alaia Juaristi Etxabe<\/li>\n<li>Berenize Lavin Garc\u00eda<\/li>\n<li>Laura Villacampa Farr\u00e9s<\/li>\n<\/ul>\n<p><strong>Marxa Beret 10km &#8211; Classificaci\u00f3 Masculina<\/strong><\/p>\n<ul>\n<li>Miquel Auladell Visa<\/li>\n<li>Martin Morales S\u00e1nchez<\/li>\n<li>Roc Vilar\u00f3 Pomarol<\/li>\n<li>Bernat Sell\u00e9s Gasch<\/li>\n<li>Bernat Gabarr\u00f3 Graset<\/li>\n<\/ul>\n<p><strong>Marxa Beret 21km &#8211; Classificaci\u00f3 Femenina<\/strong><\/p>\n<ul>\n<li>Maria Iglesias Bar\u00e9s<\/li>\n<li>Lydia Iglesias Bar\u00e9s<\/li>\n<li>Alba Puigdefabregas Sieso<\/li>\n<li>Maria Sell\u00e9s Gasch<\/li>\n<li>Irati Cuadrado Noain<\/li>\n<\/ul>\n<p><strong>Marxa Beret 21km \u2013 Classificaci\u00f3 Masculina<\/strong><\/p>\n<ul>\n<li>Jaume Pueyo Repullo<\/li>\n<li>Gral Sell\u00e9s Bancells<\/li>\n<li>Mikel Plazas Iriberri<\/li>\n<li>Gerard Palomo Vicente<\/li>\n<li>Cesc Colell Pantebre<\/li>\n<\/ul>\n<p><strong>Marxa Beret 42km \u2013 Classificaci\u00f3 Femenina<\/strong><\/p>\n<ul>\n<li>Marta Cester Farr\u00e9<\/li>\n<li>Varvara Prokhorova<\/li>\n<li>Marielle Bigot Bigot<\/li>\n<li>Maialen L\u00f3pez I\u00f1arra<\/li>\n<li>Elisa Hern\u00e1ndez Juarez<\/li>\n<\/ul>\n<p><strong>Marxa Beret 42km \u2013 Classificaci\u00f3 Masculina<\/strong><\/p>\n<ul>\n<li>Sadurn\u00ed Betriu Boix<\/li>\n<li>Diego Ruiz As\u00edn<\/li>\n<li>Xabier Macias Cipriain<\/li>\n<li>Jan Margarit Sol\u00e9<\/li>\n<li>Carlos Lannes Fern\u00e1ndez<\/li>\n<\/ul>\n<p><strong>Resultats Campionat d\u2019Espanya de Llarga dist\u00e0ncia<\/strong><\/p>\n<p><strong>Categoria U18 Femenina<\/strong><\/p>\n<ul>\n<li>Maria Iglesias Bar\u00e9s<\/li>\n<li>Maria Sell\u00e9s Gasch<\/li>\n<li>Irati Cuadrado Noain<\/li>\n<\/ul>\n<p><strong>Categoria U18 Masculina<\/strong><\/p>\n<ul>\n<li>Jaume Pueyo Repullo<\/li>\n<li>Lander Martin Hern\u00e1ndez<\/li>\n<li>Manex Salsamendi Silva<\/li>\n<\/ul>\n<p><strong>Categoria U20 Femenina<\/strong><\/p>\n<ul>\n<li>Alba Puigdefabregas Sieso<\/li>\n<li>Amaia Berazaluze Mendive<\/li>\n<li>Nerea Etxebarria Etxeita<\/li>\n<\/ul>\n<p><strong>Categoria U20 Masculina<\/strong><\/p>\n<ul>\n<li>Gral Sell\u00e9s Bancells<\/li>\n<li>Mikel Plazas Iriberri<\/li>\n<li>Gerard Palomo Vicente<\/li>\n<\/ul>\n<p><strong>Categoria S\u00e8nior Femenina<\/strong><\/p>\n<ul>\n<li>Marta Cester Farr\u00e9<\/li>\n<li>Maialen L\u00f3pez I\u00f1arra<\/li>\n<li>Elisa Juarez Hern\u00e1ndez<\/li>\n<\/ul>\n<p><strong>Categoria S\u00e8nior Masculina<\/strong><\/p>\n<ul>\n<li>Sadurn\u00ed Betriu Boix<\/li>\n<li>Xabier Macias Cipriain<\/li>\n<li>Carlos Lannes Fern\u00e1ndez<\/li>\n<\/ul>\n<p><strong>Categoria Veterans Masculina<\/strong><\/p>\n<ul>\n<li>Diego Ruiz Asin<\/li>\n<li>Miguel Carvajal Rodr\u00edguez<\/li>\n<li>Daniel Pla Aguilar<\/li>\n<\/ul>\n<p>&nbsp;<\/p>\n<p>Fotos: Fototur<\/p>\n<p>&nbsp;<\/p>\n<p>&nbsp;<\/p>\n ","protected":false},"excerpt":{"rendered":"<p>150 participants internacionals procedents de Noruega, Su\u00e8cia, Finl\u00e0ndia, Su\u00efssa, R\u00fassia, Estats Units, M\u00e8xic, Fran\u00e7a i It\u00e0lia han competit amb la resta de fondistes a Beret Vielha, 3 de febrer de 2019.- M\u00e9s de 900 fondistes de totes les edats han participat avui en la 40a edici\u00f3 de la Marxa Beret disputada al Pla de Beret&#8230;.<\/p>\n","protected":false},"author":2,"featured_media":26522,"comment_status":"closed","ping_status":"closed","sticky":false,"template":"","format":"standard","meta":{"footnotes":""},"categories":[136],"tags":[],"_links":{"self":[{"href":"https:\/\/www.conselharan.org\/ca\/wp-json\/wp\/v2\/posts\/26527"}],"collection":[{"href":"https:\/\/www.conselharan.org\/ca\/wp-json\/wp\/v2\/posts"}],"about":[{"href":"https:\/\/www.conselharan.org\/ca\/wp-json\/wp\/v2\/types\/post"}],"author":[{"embeddable":true,"href":"https:\/\/www.conselharan.org\/ca\/wp-json\/wp\/v2\/users\/2"}],"replies":[{"embeddable":true,"href":"https:\/\/www.conselharan.org\/ca\/wp-json\/wp\/v2\/comments?post=26527"}],"version-history":[{"count":5,"href":"https:\/\/www.conselharan.org\/ca\/wp-json\/wp\/v2\/posts\/26527\/revisions"}],"predecessor-version":[{"id":26550,"href":"https:\/\/www.conselharan.org\/ca\/wp-json\/wp\/v2\/posts\/26527\/revisions\/26550"}],"wp:featuredmedia":[{"embeddable":true,"href":"https:\/\/www.conselharan.org\/ca\/wp-json\/wp\/v2\/media\/26522"}],"wp:attachment":[{"href":"https:\/\/www.conselharan.org\/ca\/wp-json\/wp\/v2\/media?parent=26527"}],"wp:term":[{"taxonomy":"category","embeddable":true,"href":"https:\/\/www.conselharan.org\/ca\/wp-json\/wp\/v2\/categories?post=26527"},{"taxonomy":"post_tag","embeddable":true,"href":"https:\/\/www.conselharan.org\/ca\/wp-json\/wp\/v2\/tags?post=26527"}],"curies":[{"name":"wp","href":"https:\/\/api.w.org\/{rel}","templated":true}]}}