{"id":26590,"date":"2019-02-08T13:08:00","date_gmt":"2019-02-08T12:08:00","guid":{"rendered":"http:\/\/www.conselharan.org\/?p=26590"},"modified":"2019-02-08T13:08:00","modified_gmt":"2019-02-08T12:08:00","slug":"obertes-les-inscripcions-online-per-la-6a-corsa-dera-hemna-2019","status":"publish","type":"post","link":"https:\/\/www.conselharan.org\/ca\/obertes-les-inscripcions-online-per-la-6a-corsa-dera-hemna-2019\/","title":{"rendered":"Obertes les inscripcions online per la 6a C\u00f2rsa dera Hemna 2019"},"content":{"rendered":"<p>Vielha, 8 de febrer de 2019.- La C\u00f2rsa dera Hemna organitzada pel <strong>Servici d\u2019Informacion e Atencion ara Hemna (SIAH) del Conselh Generau d\u2019Aran<\/strong> en col\u00b7laboraci\u00f3 amb el <strong>Conselh Esportiu de la Val d\u2019Aran<\/strong> i l\u2019<strong>Associaci\u00f3 Volentaris Val<\/strong> <strong>d\u2019Aran<\/strong> arriba enguany a la 6a edici\u00f3.<\/p>\n<p><strong>La 6a C\u00f2rsa dera Hemna es celebrar\u00e0 a Vielha el proper diumenge 10 de mar\u00e7 de 2019<\/strong> dins dels actes organitzats en motiu del Dia Internacional de les Dones.<\/p>\n<p><a href=\"http:\/\/www.conselharan.org\/wp-content\/uploads\/2019\/02\/CARTEL-6AU-CORSA-DERA-HEMNA-002.jpg\"><img loading=\"lazy\" decoding=\"async\" class=\"aligncenter size-large wp-image-26588\" src=\"http:\/\/www.conselharan.org\/wp-content\/uploads\/2019\/02\/CARTEL-6AU-CORSA-DERA-HEMNA-002-724x1024.jpg\" alt=\"\" width=\"724\" height=\"1024\" srcset=\"https:\/\/www.conselharan.org\/wp-content\/uploads\/2019\/02\/CARTEL-6AU-CORSA-DERA-HEMNA-002-724x1024.jpg 724w, https:\/\/www.conselharan.org\/wp-content\/uploads\/2019\/02\/CARTEL-6AU-CORSA-DERA-HEMNA-002-212x300.jpg 212w, https:\/\/www.conselharan.org\/wp-content\/uploads\/2019\/02\/CARTEL-6AU-CORSA-DERA-HEMNA-002-768x1086.jpg 768w\" sizes=\"(max-width: 724px) 100vw, 724px\" \/><\/a><\/p>\n<p>Com ja \u00e9s tradicional en l\u2019edici\u00f3 de la C\u00f2rsa dera Hemna d\u2019enguany es donaran tres premis per les seg\u00fcents categories:<\/p>\n<p>Absoluta dones; Juvenil; S\u00e8nior; M\u00e0ster 30; M\u00e0ster 40; M\u00e0ster 50; Absoluta homes.<\/p>\n<p>Les inscripcions online ja es poden formalitzar a: <a href=\"https:\/\/inscripcions.cat\/corsaderahemna2019\/\">https:\/\/inscripcions.cat\/corsaderahemna2019\/<\/a><\/p>\n<p>Les inscripcions tamb\u00e9 es podran realitzar presencialment el divendres 8 i dissabte 9 de mar\u00e7 a la tarda de 17 a 20 hores a la pla\u00e7a del Conselh Generau d\u2019Aran.<\/p>\n<p>El preu de la inscripci\u00f3 \u00e9s de 3\u20ac.<\/p>\n<p>La recollida de dorsals es podr\u00e0 realitzar a la pla\u00e7a del Conselh Generau d\u2019Aran, el divendres 8 i dissabte 9 de mar\u00e7 a la tarda de 17 a 20 hores.<\/p>\n<p>La sortida i l\u2019arribada de la Corsa es far\u00e0 a la pla\u00e7a del Conselh Generau d\u2019Aran. L\u2019horari de sortida de la 6a C\u00f2rsa dera Hemna ser\u00e0 a les 11h del dia 10 de mar\u00e7 de 2019.<\/p>\n<p><strong>Us animem a participar!<\/strong><\/p>\n ","protected":false},"excerpt":{"rendered":"<p>Vielha, 8 de febrer de 2019.- La C\u00f2rsa dera Hemna organitzada pel Servici d\u2019Informacion e Atencion ara Hemna (SIAH) del Conselh Generau d\u2019Aran en col\u00b7laboraci\u00f3 amb el Conselh Esportiu de la Val d\u2019Aran i l\u2019Associaci\u00f3 Volentaris Val d\u2019Aran arriba enguany a la 6a edici\u00f3. La 6a C\u00f2rsa dera Hemna es celebrar\u00e0 a Vielha el proper&#8230;<\/p>\n","protected":false},"author":2,"featured_media":26588,"comment_status":"closed","ping_status":"closed","sticky":false,"template":"","format":"standard","meta":{"footnotes":""},"categories":[53],"tags":[],"_links":{"self":[{"href":"https:\/\/www.conselharan.org\/ca\/wp-json\/wp\/v2\/posts\/26590"}],"collection":[{"href":"https:\/\/www.conselharan.org\/ca\/wp-json\/wp\/v2\/posts"}],"about":[{"href":"https:\/\/www.conselharan.org\/ca\/wp-json\/wp\/v2\/types\/post"}],"author":[{"embeddable":true,"href":"https:\/\/www.conselharan.org\/ca\/wp-json\/wp\/v2\/users\/2"}],"replies":[{"embeddable":true,"href":"https:\/\/www.conselharan.org\/ca\/wp-json\/wp\/v2\/comments?post=26590"}],"version-history":[{"count":1,"href":"https:\/\/www.conselharan.org\/ca\/wp-json\/wp\/v2\/posts\/26590\/revisions"}],"predecessor-version":[{"id":26591,"href":"https:\/\/www.conselharan.org\/ca\/wp-json\/wp\/v2\/posts\/26590\/revisions\/26591"}],"wp:featuredmedia":[{"embeddable":true,"href":"https:\/\/www.conselharan.org\/ca\/wp-json\/wp\/v2\/media\/26588"}],"wp:attachment":[{"href":"https:\/\/www.conselharan.org\/ca\/wp-json\/wp\/v2\/media?parent=26590"}],"wp:term":[{"taxonomy":"category","embeddable":true,"href":"https:\/\/www.conselharan.org\/ca\/wp-json\/wp\/v2\/categories?post=26590"},{"taxonomy":"post_tag","embeddable":true,"href":"https:\/\/www.conselharan.org\/ca\/wp-json\/wp\/v2\/tags?post=26590"}],"curies":[{"name":"wp","href":"https:\/\/api.w.org\/{rel}","templated":true}]}}