{"id":26629,"date":"2019-02-11T11:12:47","date_gmt":"2019-02-11T10:12:47","guid":{"rendered":"http:\/\/www.conselharan.org\/?p=26629"},"modified":"2019-02-11T11:12:47","modified_gmt":"2019-02-11T10:12:47","slug":"condo-deth-conselh-generau-daran-pera-mort-daina-moll","status":"publish","type":"post","link":"https:\/\/www.conselharan.org\/ca\/condo-deth-conselh-generau-daran-pera-mort-daina-moll\/","title":{"rendered":"Cond\u00f2 deth Conselh Generau d\u2019Aran pera m\u00f2rt d\u2019Aina Moll"},"content":{"rendered":"<p>Vielha, 11 de hereu\u00e8r de 2019.- Des deth Conselh Generau d\u2019Aran mostram eth n\u00f2ste cond\u00f2 ara familha e as amics m\u00e8s propers d\u2019Aina Moll.<\/p>\n<p>Segu\u00e9c ua des persones qu\u2019en an 1982 mostr\u00e8c damb tota claretat \u00e7\u00f2 qu\u2019ei era n\u00f2sta lengua. En eth Prefaci des normes ortografiques der aran\u00e8s, (text provisionau prepausat pera Comission entara normalisacion ortografica dera lengua dera Val d\u2019Aran), i figure en prum\u00e8r paragraf aguest contiengut.<\/p>\n<p><em>Era Val d\u2019Aran ei er \u00fanic territ\u00f2ri de Catalonha que non a eth Catalan coma lengua pr\u00f2pria. Eth Catalan i \u00e9 oficiau, coma lengua de Catalonha, e eth Castelhan coma lengua oficiau der Estat, m\u00e8s er Aran\u00e8s non ei cap ua varietat de cap d\u2019ageustes dues leng\u00fces, ei ua varietat d\u2019ua auta lengua romanica, parlada tanben ath del\u00e0 dera frontera francesa e que, coma conseq\u00fcencia des sues vicisituds istoriques, se trape en un estadi de normalisacion p\u00f2c auan\u00e7at, comparable ara situacion deth Catalan ath comen\u00e7ament d\u2019aguest segle.<\/em><\/p>\n<p><em>\u00a0<\/em>Situadi en contexte der an 1982 er esperit d\u2019aguest prefaci se veig\u00e9s h\u00e8t realitat damb era lei der occitan Aranes en Aran d\u20191 d\u2019octobre de 2010, que determine era cooficialitat der\u00a0 Aran\u00e9s en Catalunya situant era n\u00f2sta lengua ar estatus que merite.<\/p>\n<p>Posteriorament, coma Directora Generau de Politica ling\u00fc\u00edstica dera Generalitat de Catalunya amassa damb eth Conselh comarcau e es Ajuntaments Aranesi, se creec eth centre de normalizacion ling\u00fc\u00edstica dera Val d\u2019Aran.<\/p>\n<p>H\u00e8m sense cap dubte reconeishent er impuls d\u2019Aina Moll coma Directora Generau de Politica Ling\u00fc\u00edstica\u00a0 dera Generalitat de Catalunya que marqu\u00e8c eth camin dera normalizacion e pervivencia dera n\u00f2sta lengua.<\/p>\n<p>En nom des Institucions d\u2019Aran e deth p\u00f2ble Aran\u00e8s, eth n\u00f2ste mes sincer arregraiment ath s\u00f2n trebalh, e dam traslat deth n\u00f2ste cond\u00f2 ara familha e as m\u00e8s propers.<\/p>\n<p>&nbsp;<\/p>\n<p>&nbsp;<\/p>\n ","protected":false},"excerpt":{"rendered":"<p>Vielha, 11 de hereu\u00e8r de 2019.- Des deth Conselh Generau d\u2019Aran mostram eth n\u00f2ste cond\u00f2 ara familha e as amics m\u00e8s propers d\u2019Aina Moll. Segu\u00e9c ua des persones qu\u2019en an 1982 mostr\u00e8c damb tota claretat \u00e7\u00f2 qu\u2019ei era n\u00f2sta lengua. En eth Prefaci des normes ortografiques der aran\u00e8s, (text provisionau prepausat pera Comission entara normalisacion&#8230;<\/p>\n","protected":false},"author":2,"featured_media":26628,"comment_status":"closed","ping_status":"closed","sticky":false,"template":"","format":"standard","meta":{"footnotes":""},"categories":[33],"tags":[],"_links":{"self":[{"href":"https:\/\/www.conselharan.org\/ca\/wp-json\/wp\/v2\/posts\/26629"}],"collection":[{"href":"https:\/\/www.conselharan.org\/ca\/wp-json\/wp\/v2\/posts"}],"about":[{"href":"https:\/\/www.conselharan.org\/ca\/wp-json\/wp\/v2\/types\/post"}],"author":[{"embeddable":true,"href":"https:\/\/www.conselharan.org\/ca\/wp-json\/wp\/v2\/users\/2"}],"replies":[{"embeddable":true,"href":"https:\/\/www.conselharan.org\/ca\/wp-json\/wp\/v2\/comments?post=26629"}],"version-history":[{"count":1,"href":"https:\/\/www.conselharan.org\/ca\/wp-json\/wp\/v2\/posts\/26629\/revisions"}],"predecessor-version":[{"id":26630,"href":"https:\/\/www.conselharan.org\/ca\/wp-json\/wp\/v2\/posts\/26629\/revisions\/26630"}],"wp:featuredmedia":[{"embeddable":true,"href":"https:\/\/www.conselharan.org\/ca\/wp-json\/wp\/v2\/media\/26628"}],"wp:attachment":[{"href":"https:\/\/www.conselharan.org\/ca\/wp-json\/wp\/v2\/media?parent=26629"}],"wp:term":[{"taxonomy":"category","embeddable":true,"href":"https:\/\/www.conselharan.org\/ca\/wp-json\/wp\/v2\/categories?post=26629"},{"taxonomy":"post_tag","embeddable":true,"href":"https:\/\/www.conselharan.org\/ca\/wp-json\/wp\/v2\/tags?post=26629"}],"curies":[{"name":"wp","href":"https:\/\/api.w.org\/{rel}","templated":true}]}}