{"id":26641,"date":"2019-02-12T10:23:23","date_gmt":"2019-02-12T09:23:23","guid":{"rendered":"http:\/\/www.conselharan.org\/?p=26641"},"modified":"2019-02-12T10:23:23","modified_gmt":"2019-02-12T09:23:23","slug":"amics-de-montgarri-la-festa-dels-u10u12","status":"publish","type":"post","link":"https:\/\/www.conselharan.org\/ca\/amics-de-montgarri-la-festa-dels-u10u12\/","title":{"rendered":"AMICS DE MONTGARRI: LA FESTA DELS U10\/U12"},"content":{"rendered":"<p><a href=\"http:\/\/www.conselharan.org\/amics-de-montgarri-era-hesta-des-u10u12\/301_aqc_190209_fototurbr\/\" rel=\"attachment wp-att-26638\"><img loading=\"lazy\" decoding=\"async\" class=\"aligncenter size-large wp-image-26638\" src=\"http:\/\/www.conselharan.org\/wp-content\/uploads\/2019\/02\/301_AQC_190209_fototurbr-1024x683.jpg\" alt=\"\" width=\"1024\" height=\"683\" srcset=\"https:\/\/www.conselharan.org\/wp-content\/uploads\/2019\/02\/301_AQC_190209_fototurbr-1024x683.jpg 1024w, https:\/\/www.conselharan.org\/wp-content\/uploads\/2019\/02\/301_AQC_190209_fototurbr-300x200.jpg 300w, https:\/\/www.conselharan.org\/wp-content\/uploads\/2019\/02\/301_AQC_190209_fototurbr-768x512.jpg 768w, https:\/\/www.conselharan.org\/wp-content\/uploads\/2019\/02\/301_AQC_190209_fototurbr.jpg 1181w\" sizes=\"(max-width: 1024px) 100vw, 1024px\" \/><\/a><\/p>\n<p>&nbsp;<\/p>\n<p>Gaireb\u00e9 300 corredors de les categories U10 i U12 es van donar cita el cap de setmana passat a l&#8217;estaci\u00f3 aranesa de <strong>Baqueira Beret<\/strong> per participar en la 22a edici\u00f3 del Trofeu Amics de Montgarri organitzat pel Club Aran\u00e9s d\u2019Esp\u00f2rts d\u2019Iu\u00e8rn (<strong>CAEI<\/strong>). Aquesta carrera forma part del circuit <strong>Audi Quattro Cup<\/strong> d&#8217;esqu\u00ed alp\u00ed i del calendari de la <strong>RFEDI<\/strong>.<\/p>\n<p>El dissabte, 9 de febrer, es va disputar el S\u00faper Gegant per a les dues categories en unes condicions immillorables, tant per la pista com per la meteorologia.<\/p>\n<p>A la tarda, el CAEI i el circuit Audi Quattro Cup van fer que la competici\u00f3 es transform\u00e9s en una festa i d&#8217;aquesta manera els nens i nenes van gaudir de la jornada esportiva m\u00e9s enll\u00e0 dels resultats. Per aix\u00f2, a m\u00e9s del lliurament de premis es van realitzar activitats i sorteigs de regals per a tots, tant per als corredors com per als familiars i amics presents.<\/p>\n<p>El diumenge, 10 de febrer, es va celebrar un Gegant pels m\u00e9s petits (U10) i un Esl\u00e0lom amb pals curts pels de la categoria superior (U12).<\/p>\n<p>Despr\u00e9s del lliurament de premis celebrada a peu de pistes, quatre afortunats esquiadors van gaudir d&#8217;un passeig amb moto de neu pel Pla de Beret. El premi va correspondre als quatre primers classificats de la combinada (resultat mitj\u00e0 de la suma del gegant\/esl\u00e0lom i el s\u00faper gegant) de cadascuna de les quatre categories. Una experi\u00e8ncia per als petits que tan bon espectacle van brindar durant el cap de setmana.<\/p>\n<p><strong>RESULTATS:<\/strong><\/p>\n<ul>\n<li><strong>SG U10 DAMAS<\/strong><\/li>\n<\/ul>\n<p>1 SECO SANCHEZ MACARENA (MITIC)<br \/>\n2 ROS AZANZA MAIALEN (CAEI)<br \/>\n3 CARRASCOSA SANCHA PAULA (TECAL)<br \/>\n4 RAMON HINOJOSA IRENE (CEVA)<br \/>\n5 OCHOA PRADO GABRIELA (AISC)<\/p>\n<ul>\n<li><strong>SG U10 HOMBRES<\/strong><\/li>\n<\/ul>\n<p>1 UBEIRA CIERCO MARTI (CAEI)<br \/>\n2 PEREZ LABARTA GONZALO (AISC)<br \/>\n3 TRULLAS GUERRA DANIEL (TECAL)<br \/>\n4 DE LA CRUZ MARTIN MARIO (TECAL)<br \/>\n5 FIGUERUELO UBEIRA RAMON (CAEI)<\/p>\n<ul>\n<li><strong>SG U12 DAMAS<\/strong><\/li>\n<\/ul>\n<p>1 TORRES CASAS NUR (GRANUEC)<br \/>\n2 BLANXER ROCA EMMA (LLIVI)<br \/>\n3 ALVAREZ LOSADA VALERIA (NOROE)<br \/>\n4 SECO SANCHEZ ALEJANDRA (MITIC)<br \/>\n5 GENERO DE PRADO CLOE (ELIT)<\/p>\n<ul>\n<li><strong>SG U12 HOMBRES<\/strong><\/li>\n<\/ul>\n<p>1 ORDO\u00d1EZ RUBIO JAN (LLIVI)<br \/>\n2 VILAMITJANA SAGUES ARNAU (C.E.T)<br \/>\n3 JORGE L\u00d3PEZ ALEX (LLIVI)<br \/>\n4 BALLESTER MASSAGU\u00c9 SERGI (ELIT)<br \/>\n5 PADOAN &#8212; MATTEO (LMCE)<\/p>\n<ul>\n<li><strong>GS U10 DAMAS<\/strong><\/li>\n<\/ul>\n<p>1 ROS AZANZA MAIALEN (CAEI)<br \/>\n2 SECO SANCHEZ MACARENA (MITIC)<br \/>\n3 RAMON HINOJOSA IRENE (CEVA)<br \/>\n4 MARCOS CORTEZO CARLOTA (COPOS)<br \/>\n5 FIGULS GARRIGA LAIA (COPOS)<\/p>\n<ul>\n<li><strong>GS U10 HOMBRES<\/strong><\/li>\n<\/ul>\n<p>1 UBEIRA CIERCO MARTI (CAEI)<br \/>\n2 COMAS MONGE PAU (COPOS)<br \/>\n3 TRULLAS GUERRA DANIEL (TECAL)<br \/>\n4 FIGUERUELO UBEIRA RAMON (CAEI)<br \/>\n5 DE LA CRUZ MARTIN MARIO (TECAL)<\/p>\n<ul>\n<li><strong>SL U12 DAMAS<\/strong><\/li>\n<\/ul>\n<p>1 SECO SANCHEZ ALEJANDRA (MITIC)<br \/>\n2 VIVAS GARC\u00cdA CLAUDIA (MITIC)<br \/>\n3 CABASSERS MORROS MAR (CANMC)<br \/>\n4 TORRES CASAS NUR (GRANUEC)<br \/>\n5 GIMENEZ PEREIRO PAULA (ELIT)<\/p>\n<ul>\n<li><strong>SL U12 HOMBRES<\/strong><\/li>\n<\/ul>\n<p>1 VILAMITJANA SAGUES ARNAU (C.E.T)<br \/>\n2 BALLESTER MASSAGU\u00c9 SERGI (ELIT)<br \/>\n3 MATA RODRIGUEZ VICTOR (CANMC)<br \/>\n4 RORRES PALMITJAVILA JAN (SEC)<br \/>\n5 IBARBIA URLEZAGA IGNACIO (CEVA)<\/p>\n<p>&nbsp;<\/p>\n<p>M\u00e9s informaci\u00f3: <a href=\"http:\/\/www.caei.es\/\" target=\"_blank\" rel=\"noopener\">http:\/\/www.caei.es\/<\/a><\/p>\n<p>&nbsp;<\/p>\n<p>&nbsp;<\/p>\n<p>&nbsp;<\/p>\n<p>&nbsp;<\/p>\n<p>&nbsp;<\/p>\n<p>&nbsp;<\/p>\n<p>Vielha, 12 de febrer de 2019<\/p>\n<p>&nbsp;<\/p>\n<p><em>Conselh Generau d&#8217;Aran: N\u00faria Sanjuan<\/em><\/p>\n<p><em>Font i fotos: CAEI<\/em><\/p>\n ","protected":false},"excerpt":{"rendered":"<p>&nbsp; Gaireb\u00e9 300 corredors de les categories U10 i U12 es van donar cita el cap de setmana passat a l&#8217;estaci\u00f3 aranesa de Baqueira Beret per participar en la 22a edici\u00f3 del Trofeu Amics de Montgarri organitzat pel Club Aran\u00e9s d\u2019Esp\u00f2rts d\u2019Iu\u00e8rn (CAEI). Aquesta carrera forma part del circuit Audi Quattro Cup d&#8217;esqu\u00ed alp\u00ed i&#8230;<\/p>\n","protected":false},"author":2,"featured_media":26638,"comment_status":"closed","ping_status":"closed","sticky":false,"template":"","format":"standard","meta":{"footnotes":""},"categories":[136],"tags":[],"_links":{"self":[{"href":"https:\/\/www.conselharan.org\/ca\/wp-json\/wp\/v2\/posts\/26641"}],"collection":[{"href":"https:\/\/www.conselharan.org\/ca\/wp-json\/wp\/v2\/posts"}],"about":[{"href":"https:\/\/www.conselharan.org\/ca\/wp-json\/wp\/v2\/types\/post"}],"author":[{"embeddable":true,"href":"https:\/\/www.conselharan.org\/ca\/wp-json\/wp\/v2\/users\/2"}],"replies":[{"embeddable":true,"href":"https:\/\/www.conselharan.org\/ca\/wp-json\/wp\/v2\/comments?post=26641"}],"version-history":[{"count":1,"href":"https:\/\/www.conselharan.org\/ca\/wp-json\/wp\/v2\/posts\/26641\/revisions"}],"predecessor-version":[{"id":26642,"href":"https:\/\/www.conselharan.org\/ca\/wp-json\/wp\/v2\/posts\/26641\/revisions\/26642"}],"wp:featuredmedia":[{"embeddable":true,"href":"https:\/\/www.conselharan.org\/ca\/wp-json\/wp\/v2\/media\/26638"}],"wp:attachment":[{"href":"https:\/\/www.conselharan.org\/ca\/wp-json\/wp\/v2\/media?parent=26641"}],"wp:term":[{"taxonomy":"category","embeddable":true,"href":"https:\/\/www.conselharan.org\/ca\/wp-json\/wp\/v2\/categories?post=26641"},{"taxonomy":"post_tag","embeddable":true,"href":"https:\/\/www.conselharan.org\/ca\/wp-json\/wp\/v2\/tags?post=26641"}],"curies":[{"name":"wp","href":"https:\/\/api.w.org\/{rel}","templated":true}]}}