{"id":26650,"date":"2019-02-12T21:00:49","date_gmt":"2019-02-12T20:00:49","guid":{"rendered":"http:\/\/www.conselharan.org\/?p=26650"},"modified":"2019-02-14T12:11:31","modified_gmt":"2019-02-14T11:11:31","slug":"julian-puras-de-lescola-emotion-tercer-en-la-competicio-del-freeeride-junior-tour-de-la-clusaz","status":"publish","type":"post","link":"https:\/\/www.conselharan.org\/ca\/julian-puras-de-lescola-emotion-tercer-en-la-competicio-del-freeeride-junior-tour-de-la-clusaz\/","title":{"rendered":"Juli\u00e1n Puras, de l\u2019Escola Emotion, tercer en la competici\u00f3 del Freeeride Junior Tour de La Clusaz"},"content":{"rendered":"<p><strong>Juli\u00e1n Puras forma part del programa de Pre Tecnificaci\u00f3 de Freeride subvencionat pel Conselh Generau d\u2019Aran.<\/strong><\/p>\n<p>&nbsp;<\/p>\n<p><a href=\"http:\/\/www.conselharan.org\/julian-puras-dera-escola-emotion-tresau-ena-competicion-deth-freeeride-junior-tour-dera-clusaz\/img_0190\/\" rel=\"attachment wp-att-26647\"><img loading=\"lazy\" decoding=\"async\" class=\"aligncenter size-large wp-image-26647\" src=\"http:\/\/www.conselharan.org\/wp-content\/uploads\/2019\/02\/IMG_0190-1024x671.jpeg\" alt=\"\" width=\"1024\" height=\"671\" srcset=\"https:\/\/www.conselharan.org\/wp-content\/uploads\/2019\/02\/IMG_0190-1024x671.jpeg 1024w, https:\/\/www.conselharan.org\/wp-content\/uploads\/2019\/02\/IMG_0190-300x197.jpeg 300w, https:\/\/www.conselharan.org\/wp-content\/uploads\/2019\/02\/IMG_0190-768x503.jpeg 768w, https:\/\/www.conselharan.org\/wp-content\/uploads\/2019\/02\/IMG_0190.jpeg 1372w\" sizes=\"(max-width: 1024px) 100vw, 1024px\" \/><\/a><\/p>\n<p><em>Foto: soloski.net<\/em><\/p>\n<p>&nbsp;<\/p>\n<p>El cap de setmana passat es va celebrar a La Clusaz la segona competici\u00f3 de 3 estels del Freeride Junior Tour.<\/p>\n<p>La Clusaz \u00e9s una estaci\u00f3 molt semblant a les que trobem als Pirineus, amb la difer\u00e8ncia que est\u00e0 als Alps i que alberga alguns dels millors esquiadors de la hist\u00f2ria.<\/p>\n<p>Seb Michaud, Collomb Patton o Candide Thovex no necessiten presentaci\u00f3, ja que per a molts s\u00f3n alguns dels millors esquiadors de la hist\u00f2ria.<\/p>\n<p>En aquesta ocasi\u00f3 es va despla\u00e7ar cap a la Clusaz l&#8217;equip de l&#8217;<a href=\"https:\/\/www.escuelaemotion.com\/\" target=\"_blank\" rel=\"noopener\"><strong>Escola Emotion<\/strong><\/a>, amb els aranesos <strong>Abel Moga, P\u00f2l Tellosa<\/strong> i<strong> Juli\u00e1n Puras<\/strong>, i el seu entrenador <strong>Cristian Boiria<\/strong>.<\/p>\n<p>Les condicions eren molt dif\u00edcils i de gaireb\u00e9 els 100 riders que disputaven la prova van patir una caiguda una mica menys de la meitat.<\/p>\n<p>La vict\u00f2ria en -18 en esqu\u00ed va ser per als locals i germans Edgar Cheylus i Astrid Cheylus i en snowboard per a Remi Benamo i la local Anna Martinez.<\/p>\n<p><strong>P\u00f2l Tellosa<\/strong> va quedar vuit\u00e8 amb una ronda molt s\u00f2lida, no obstant aix\u00f2 no va poder saltar per on tenia pensat i aix\u00f2 li va restar punts.<\/p>\n<p><strong>Abel Moga<\/strong>, que va guanyar en els Arcs l&#8217;\u00faltima prova del campionat de 3 estels, va caure en el seu segon 360 i aix\u00f2 ho va baixar fins a la 12a posici\u00f3.<\/p>\n<p>En -16 va guanyar el su\u00eds Victor Hali-woods, Max Paim i el c\u00e0ntabre <strong>Juli\u00e1n Puras<\/strong>.<\/p>\n<p>La propera cita de 3 estels ser\u00e0 a Fieberbrunn coincidint amb el FWT. En aquesta ocasi\u00f3 estar\u00e0 tota l&#8217;artilleria aranesa, ja que comptarem amb <strong>Aymar Navarro <\/strong>i l&#8217;equip d&#8217;<strong>Emotion<\/strong>.<\/p>\n<p>&nbsp;<\/p>\n<p><strong>Video: https:\/\/youtu.be\/N-ylQmamRO0<\/strong><\/p>\n<p>&nbsp;<\/p>\n<p>M\u00e9s informaci\u00f3: <a href=\"https:\/\/www.escuelaemotion.com\/\" target=\"_blank\" rel=\"noopener\"><strong>https:\/\/www.escuelaemotion.com\/<\/strong><\/a><\/p>\n<p>&nbsp;<\/p>\n<p>&nbsp;<\/p>\n<p>&nbsp;<\/p>\n<p>&nbsp;<\/p>\n<p>&nbsp;<\/p>\n<p>Vielha, 12 de febrer de 2019<\/p>\n<p>&nbsp;<\/p>\n<p><em>Conselh Generau d&#8217;Aran: N\u00faria Sanjuan<\/em><\/p>\n<p><em>Informaci\u00f3 i fotos: Escuela Emotion<\/em><\/p>\n ","protected":false},"excerpt":{"rendered":"<p>Juli\u00e1n Puras forma part del programa de Pre Tecnificaci\u00f3 de Freeride subvencionat pel Conselh Generau d\u2019Aran. &nbsp; Foto: soloski.net &nbsp; El cap de setmana passat es va celebrar a La Clusaz la segona competici\u00f3 de 3 estels del Freeride Junior Tour. La Clusaz \u00e9s una estaci\u00f3 molt semblant a les que trobem als Pirineus, amb&#8230;<\/p>\n","protected":false},"author":2,"featured_media":26647,"comment_status":"closed","ping_status":"closed","sticky":false,"template":"","format":"standard","meta":{"footnotes":""},"categories":[136],"tags":[],"_links":{"self":[{"href":"https:\/\/www.conselharan.org\/ca\/wp-json\/wp\/v2\/posts\/26650"}],"collection":[{"href":"https:\/\/www.conselharan.org\/ca\/wp-json\/wp\/v2\/posts"}],"about":[{"href":"https:\/\/www.conselharan.org\/ca\/wp-json\/wp\/v2\/types\/post"}],"author":[{"embeddable":true,"href":"https:\/\/www.conselharan.org\/ca\/wp-json\/wp\/v2\/users\/2"}],"replies":[{"embeddable":true,"href":"https:\/\/www.conselharan.org\/ca\/wp-json\/wp\/v2\/comments?post=26650"}],"version-history":[{"count":1,"href":"https:\/\/www.conselharan.org\/ca\/wp-json\/wp\/v2\/posts\/26650\/revisions"}],"predecessor-version":[{"id":26651,"href":"https:\/\/www.conselharan.org\/ca\/wp-json\/wp\/v2\/posts\/26650\/revisions\/26651"}],"wp:featuredmedia":[{"embeddable":true,"href":"https:\/\/www.conselharan.org\/ca\/wp-json\/wp\/v2\/media\/26647"}],"wp:attachment":[{"href":"https:\/\/www.conselharan.org\/ca\/wp-json\/wp\/v2\/media?parent=26650"}],"wp:term":[{"taxonomy":"category","embeddable":true,"href":"https:\/\/www.conselharan.org\/ca\/wp-json\/wp\/v2\/categories?post=26650"},{"taxonomy":"post_tag","embeddable":true,"href":"https:\/\/www.conselharan.org\/ca\/wp-json\/wp\/v2\/tags?post=26650"}],"curies":[{"name":"wp","href":"https:\/\/api.w.org\/{rel}","templated":true}]}}