{"id":26658,"date":"2019-02-12T15:43:55","date_gmt":"2019-02-12T14:43:55","guid":{"rendered":"http:\/\/www.conselharan.org\/?p=26658"},"modified":"2019-02-12T18:25:09","modified_gmt":"2019-02-12T17:25:09","slug":"bons-resultats-dels-esquiadors-del-club-ceva-en-la-tornada-a-la-competicio","status":"publish","type":"post","link":"https:\/\/www.conselharan.org\/ca\/bons-resultats-dels-esquiadors-del-club-ceva-en-la-tornada-a-la-competicio\/","title":{"rendered":"Bons resultats dels esquiadors del Club CEVA en la tornada a la competici\u00f3"},"content":{"rendered":"<p><strong>Plata d&#8217;Andrea Rodr\u00edguez i dos quarts llocs per a V\u00edctor Bult\u00f3 al 1er Gran Premi GRANUEC del Pas de la Casa<\/strong><\/p>\n<p><strong>Irene Ram\u00f3n 3a al GS U10 i Ignacio Ibarbia 5\u00e8 en el SL U12 de l&#8217;Audi quattro Cup &#8211; 22\u00e8 Trofeu Amics de Montgarri a Baqueira Beret<\/strong><\/p>\n<p><strong>Guillermo Meire 5\u00e8 en el Gegant U16 del 27\u00e8 Trofeu Club Esqu\u00ed Terrassa a Masella<\/strong><\/p>\n<p><strong>Entrenament competitiu de l&#8217;equip de Freeride Jordi Tenas del Club CEVA de cara a l&#8217;ElDorado Freeride J\u00fanior de Bo\u00ed Ta\u00fcll 2019 del proper cap de setmana<\/strong><\/p>\n<p><strong>Victor Bult\u00f3 i Guillermo Meire<\/strong>\u00a0<strong>formen part del programa de Pre Tecnificaci\u00f3 d&#8217;esqu\u00ed alp\u00ed subvencionat pel Conselh Generau d\u2019Aran<\/strong><\/p>\n<p>Vielha, 11 de febrer de 2019.- Cap de setmana de tornada a la competici\u00f3 dels equips del Club CEVA en les diferents proves celebrades el dissabte i el diumenge amb el 1er Gran Premi GRANUEC del Pas de la Casa, Audi quattro Cup &#8211; 22\u00e8 Amics de Montgarri a Baqueira Beret i 27\u00e8 Trofeu Club Esqu\u00ed Terrassa a Masella.<\/p>\n<p><a href=\"http:\/\/www.conselharan.org\/wp-content\/uploads\/2019\/02\/Club-CEVA-3-febrer.jpg\"><img loading=\"lazy\" decoding=\"async\" class=\"aligncenter size-large wp-image-26655\" src=\"http:\/\/www.conselharan.org\/wp-content\/uploads\/2019\/02\/Club-CEVA-3-febrer-1024x768.jpg\" alt=\"\" width=\"1024\" height=\"768\" srcset=\"https:\/\/www.conselharan.org\/wp-content\/uploads\/2019\/02\/Club-CEVA-3-febrer-1024x768.jpg 1024w, https:\/\/www.conselharan.org\/wp-content\/uploads\/2019\/02\/Club-CEVA-3-febrer-300x225.jpg 300w, https:\/\/www.conselharan.org\/wp-content\/uploads\/2019\/02\/Club-CEVA-3-febrer-768x576.jpg 768w, https:\/\/www.conselharan.org\/wp-content\/uploads\/2019\/02\/Club-CEVA-3-febrer.jpg 1600w\" sizes=\"(max-width: 1024px) 100vw, 1024px\" \/><\/a><\/p>\n<p>En el 1er Gran Premi GRANUEC del Pas de la Casa, la corredora del Club CEVA <strong>Andrea Rodr\u00edguez Elosegui<\/strong>, va aconseguir una magn\u00edfica 2a posici\u00f3 en el Gegant U14 Dames disputat dissabte. Per la seva banda <strong>V\u00edctor Bult\u00f3-Gil Vernet<\/strong>, va aconseguir la 4\u00aa posici\u00f3 en els dos dies de competici\u00f3 al Gegant U14 Homes de dissabte i en el Esl\u00e0lom de diumenge. Tamb\u00e9 cal destacar la competici\u00f3 realitzada per <strong>Alfonso Cubillo Goytre<\/strong>, 7\u00e8 en el Esl\u00e0lom U14 de diumenge i la 10a posici\u00f3 de <strong>Nicol\u00e1s Meire Garc\u00eda<\/strong> en el Gegant i en el Esl\u00e0lom U14.<\/p>\n<p>Els esportistes del Club CEVA tamb\u00e9 han participat aquest cap de setmana al 27\u00e8 Trofeu Club Esqu\u00ed Terrassa a Masella, on <strong>Guillermo Meire Garc\u00eda <\/strong>va aconseguir la 5a posici\u00f3 en el GS U16 mascul\u00ed de dissabte, mentre que <strong>Hugo Soler Duffo-Mart\u00ednez<\/strong>, va ser 8\u00e8 al SL U16 de diumenge.<\/p>\n<p>Pel que fa a la participaci\u00f3 dels esquiadors del Club CEVA a la 2a prova de l&#8217;Audi quattro Cup &#8211; 22\u00e8 Trofeu Amics de Montgarri a Baqueira Beret en qu\u00e8 van participar m\u00e9s de 280 competidors de la categoria U12\/U10 acompanyats de fam\u00edlia i amics, l\u2019esquiadora del Club CEVA <strong>Irene Ram\u00f3n<\/strong> va pujar al podi en 3a posici\u00f3 en el GS U10, mentre que <strong>Ignacio Ibarbia<\/strong> va ser 5\u00e8 en el SL U12. En el SG U10 de dissabte, Irene Ram\u00f3n va ser 4a, mentre que <strong>Margarita Brotons<\/strong> va acabar en 6a posici\u00f3 en U12 femen\u00ed i Ignacio Ibarbia va aconseguir la 6a pla\u00e7a en U12 mascul\u00ed.<\/p>\n<p><a href=\"http:\/\/www.conselharan.org\/wp-content\/uploads\/2019\/02\/Club-CEVA-5-febrer.jpg\"><img loading=\"lazy\" decoding=\"async\" class=\"aligncenter size-large wp-image-26656\" src=\"http:\/\/www.conselharan.org\/wp-content\/uploads\/2019\/02\/Club-CEVA-5-febrer-1024x765.jpg\" alt=\"\" width=\"1024\" height=\"765\" srcset=\"https:\/\/www.conselharan.org\/wp-content\/uploads\/2019\/02\/Club-CEVA-5-febrer-1024x765.jpg 1024w, https:\/\/www.conselharan.org\/wp-content\/uploads\/2019\/02\/Club-CEVA-5-febrer-300x224.jpg 300w, https:\/\/www.conselharan.org\/wp-content\/uploads\/2019\/02\/Club-CEVA-5-febrer-768x574.jpg 768w, https:\/\/www.conselharan.org\/wp-content\/uploads\/2019\/02\/Club-CEVA-5-febrer.jpg 1600w\" sizes=\"(max-width: 1024px) 100vw, 1024px\" \/><\/a><\/p>\n<p>Per la seva part els integrants de l&#8217;<strong>equip de Freeride Jordi Tenas del Club CEVA <\/strong>van assistir dissabte a la pon\u00e8ncia sobre nivologia i seguretat a la muntanya impartida a la seu social del Club pel ge\u00f2leg i responsable del Centre de Prevenci\u00f3 d&#8217;Allaus del Conselh Generau d\u2019Aran, Jordi Gavald\u00e0. L&#8217;equip tamb\u00e9 va aprofitar el cap de setmana per realitzar un entrenament competitiu de preparaci\u00f3 per a la prova d&#8217;ElDorado Freeride J\u00fanior de Bo\u00ed Ta\u00fcll del proper cap de setmana.<\/p>\n<p>Info: Club CEVA<\/p>\n<p>&nbsp;<\/p>\n<p>&nbsp;<\/p>\n ","protected":false},"excerpt":{"rendered":"<p>Plata d&#8217;Andrea Rodr\u00edguez i dos quarts llocs per a V\u00edctor Bult\u00f3 al 1er Gran Premi GRANUEC del Pas de la Casa Irene Ram\u00f3n 3a al GS U10 i Ignacio Ibarbia 5\u00e8 en el SL U12 de l&#8217;Audi quattro Cup &#8211; 22\u00e8 Trofeu Amics de Montgarri a Baqueira Beret Guillermo Meire 5\u00e8 en el Gegant U16&#8230;<\/p>\n","protected":false},"author":2,"featured_media":26655,"comment_status":"closed","ping_status":"closed","sticky":false,"template":"","format":"standard","meta":{"footnotes":""},"categories":[136],"tags":[],"_links":{"self":[{"href":"https:\/\/www.conselharan.org\/ca\/wp-json\/wp\/v2\/posts\/26658"}],"collection":[{"href":"https:\/\/www.conselharan.org\/ca\/wp-json\/wp\/v2\/posts"}],"about":[{"href":"https:\/\/www.conselharan.org\/ca\/wp-json\/wp\/v2\/types\/post"}],"author":[{"embeddable":true,"href":"https:\/\/www.conselharan.org\/ca\/wp-json\/wp\/v2\/users\/2"}],"replies":[{"embeddable":true,"href":"https:\/\/www.conselharan.org\/ca\/wp-json\/wp\/v2\/comments?post=26658"}],"version-history":[{"count":3,"href":"https:\/\/www.conselharan.org\/ca\/wp-json\/wp\/v2\/posts\/26658\/revisions"}],"predecessor-version":[{"id":26669,"href":"https:\/\/www.conselharan.org\/ca\/wp-json\/wp\/v2\/posts\/26658\/revisions\/26669"}],"wp:featuredmedia":[{"embeddable":true,"href":"https:\/\/www.conselharan.org\/ca\/wp-json\/wp\/v2\/media\/26655"}],"wp:attachment":[{"href":"https:\/\/www.conselharan.org\/ca\/wp-json\/wp\/v2\/media?parent=26658"}],"wp:term":[{"taxonomy":"category","embeddable":true,"href":"https:\/\/www.conselharan.org\/ca\/wp-json\/wp\/v2\/categories?post=26658"},{"taxonomy":"post_tag","embeddable":true,"href":"https:\/\/www.conselharan.org\/ca\/wp-json\/wp\/v2\/tags?post=26658"}],"curies":[{"name":"wp","href":"https:\/\/api.w.org\/{rel}","templated":true}]}}