{"id":26678,"date":"2019-02-13T10:30:53","date_gmt":"2019-02-13T09:30:53","guid":{"rendered":"http:\/\/www.conselharan.org\/?p=26678"},"modified":"2019-02-13T10:30:53","modified_gmt":"2019-02-13T09:30:53","slug":"podis-pel-caei-en-la-1a-fase-de-la-copa-despanya-de-sbx","status":"publish","type":"post","link":"https:\/\/www.conselharan.org\/ca\/podis-pel-caei-en-la-1a-fase-de-la-copa-despanya-de-sbx\/","title":{"rendered":"Podis pel CAEI en la 1a Fase de la Copa d\u2019Espanya de SBX"},"content":{"rendered":"<p><a href=\"http:\/\/www.conselharan.org\/podiums-tath-caei-ena-1a-fasa-dera-copa-despanha-de-sbx\/whatsapp-image-2019-02-10-at-16-14-49\/\" rel=\"attachment wp-att-26675\"><img loading=\"lazy\" decoding=\"async\" class=\"aligncenter size-large wp-image-26675\" src=\"http:\/\/www.conselharan.org\/wp-content\/uploads\/2019\/02\/WhatsApp-Image-2019-02-10-at-16.14.49-1024x600.jpeg\" alt=\"\" width=\"1024\" height=\"600\" srcset=\"https:\/\/www.conselharan.org\/wp-content\/uploads\/2019\/02\/WhatsApp-Image-2019-02-10-at-16.14.49-1024x600.jpeg 1024w, https:\/\/www.conselharan.org\/wp-content\/uploads\/2019\/02\/WhatsApp-Image-2019-02-10-at-16.14.49-300x176.jpeg 300w, https:\/\/www.conselharan.org\/wp-content\/uploads\/2019\/02\/WhatsApp-Image-2019-02-10-at-16.14.49-768x450.jpeg 768w, https:\/\/www.conselharan.org\/wp-content\/uploads\/2019\/02\/WhatsApp-Image-2019-02-10-at-16.14.49.jpeg 1374w\" sizes=\"(max-width: 1024px) 100vw, 1024px\" \/><\/a><\/p>\n<p>El passat 9 i 10 de febrer l&#8217;estaci\u00f3 d&#8217;esqu\u00ed de Formigal va acollir la 1a fase de la Copa Espanya de SBX, la Copa d&#8217;Espanya es disputa en dues categories: Infantil i Absolut, mascul\u00ed i femen\u00ed.<\/p>\n<p>Aquesta prova va ser el punt de trobada per a molts riders que van apostar per la diversi\u00f3 que aporta una prova d&#8217;aquestes caracter\u00edstiques.<\/p>\n<p>M\u00e9s de 100 esportistes es van donar cita per gaudir de dos dies de competici\u00f3 on cal remarcar el gran esperit competitiu que es respirava.<\/p>\n<p>Les jornades es van desenvolupar en dues parts.<\/p>\n<p>En la jornada del dissabte es van realitzar els entrenaments i les classificat\u00f2ries, dues baixades cronometrades a determinar el millor crono entre ambdues, van designar els quadres d&#8217;eliminat\u00f2ries per als K.O.S del diumenge.<\/p>\n<p>En la jornada del diumenge, els riders es van enfrontar als seus rivals en les eliminat\u00f2ries, baixades de 4 rieres on els 2 primers es classificaven per a la seg\u00fcent ronda i els dos \u00faltims quedaven eliminats.<\/p>\n<p>Finalment, els millors van disputar les finals i small-finals a quatre que van determinar els campions de cada categoria.<\/p>\n<p>La secci\u00f3 de snowboard es va adjudicar 2 podis en la Copa d&#8217;Espanya en categoria absolut femen\u00ed de SBX.<\/p>\n<p>En la final <strong>Sara Don\u00e9s<\/strong> va finalitzar en la 2a posici\u00f3 i <strong>Anne Ripa<\/strong> en la 3a posici\u00f3.<\/p>\n<p><strong>Anna Le\u00f3n<\/strong> va v\u00e8ncer en la Small-Final.<\/p>\n<p>La secci\u00f3 de snowboard es va adjudicar 2 podis en la Copa Espanya categoria infantil femen\u00ed de SBX.<\/p>\n<p>En la final <strong>Danae Sanllehy<\/strong> va finalitzar en 2a posici\u00f3.<\/p>\n<p>En la Small-Final <strong>Sofia C\u00e1ceres<\/strong> va finalitzar en la 2a posici\u00f3 i Alba Farr\u00e9 en la 4a posici\u00f3.<\/p>\n<p><strong>Sara Don\u00e9s, Anne Ripa i Danae Sanllehy formen part del programa de Pre Tecnificaci\u00f3 de Snowboard subvencionat pel Conselh Generau d\u2019Aran.<\/strong><\/p>\n<p>&nbsp;<\/p>\n<p>M\u00e9s informaci\u00f3: <a href=\"http:\/\/www.caei.es\/\" target=\"_blank\" rel=\"noopener\"><strong>http:\/\/www.caei.es\/<\/strong><\/a><\/p>\n<p>&nbsp;<\/p>\n<p>&nbsp;<\/p>\n<p>&nbsp;<\/p>\n<p>&nbsp;<\/p>\n<p>&nbsp;<\/p>\n<p>&nbsp;<\/p>\n<p>Vielha, 13 de febrer de 2019<\/p>\n<p>&nbsp;<\/p>\n<p><em>Conselh Generau d&#8217;Aran: N\u00faria Sanjuan<\/em><\/p>\n<p><em>Informaci\u00f3 i fotos: CAEI<\/em><\/p>\n ","protected":false},"excerpt":{"rendered":"<p>El passat 9 i 10 de febrer l&#8217;estaci\u00f3 d&#8217;esqu\u00ed de Formigal va acollir la 1a fase de la Copa Espanya de SBX, la Copa d&#8217;Espanya es disputa en dues categories: Infantil i Absolut, mascul\u00ed i femen\u00ed. Aquesta prova va ser el punt de trobada per a molts riders que van apostar per la diversi\u00f3 que&#8230;<\/p>\n","protected":false},"author":2,"featured_media":26675,"comment_status":"closed","ping_status":"closed","sticky":false,"template":"","format":"standard","meta":{"footnotes":""},"categories":[136],"tags":[],"_links":{"self":[{"href":"https:\/\/www.conselharan.org\/ca\/wp-json\/wp\/v2\/posts\/26678"}],"collection":[{"href":"https:\/\/www.conselharan.org\/ca\/wp-json\/wp\/v2\/posts"}],"about":[{"href":"https:\/\/www.conselharan.org\/ca\/wp-json\/wp\/v2\/types\/post"}],"author":[{"embeddable":true,"href":"https:\/\/www.conselharan.org\/ca\/wp-json\/wp\/v2\/users\/2"}],"replies":[{"embeddable":true,"href":"https:\/\/www.conselharan.org\/ca\/wp-json\/wp\/v2\/comments?post=26678"}],"version-history":[{"count":1,"href":"https:\/\/www.conselharan.org\/ca\/wp-json\/wp\/v2\/posts\/26678\/revisions"}],"predecessor-version":[{"id":26679,"href":"https:\/\/www.conselharan.org\/ca\/wp-json\/wp\/v2\/posts\/26678\/revisions\/26679"}],"wp:featuredmedia":[{"embeddable":true,"href":"https:\/\/www.conselharan.org\/ca\/wp-json\/wp\/v2\/media\/26675"}],"wp:attachment":[{"href":"https:\/\/www.conselharan.org\/ca\/wp-json\/wp\/v2\/media?parent=26678"}],"wp:term":[{"taxonomy":"category","embeddable":true,"href":"https:\/\/www.conselharan.org\/ca\/wp-json\/wp\/v2\/categories?post=26678"},{"taxonomy":"post_tag","embeddable":true,"href":"https:\/\/www.conselharan.org\/ca\/wp-json\/wp\/v2\/tags?post=26678"}],"curies":[{"name":"wp","href":"https:\/\/api.w.org\/{rel}","templated":true}]}}