{"id":26734,"date":"2019-02-15T22:03:55","date_gmt":"2019-02-15T21:03:55","guid":{"rendered":"http:\/\/www.conselharan.org\/?p=26734"},"modified":"2019-02-15T22:03:55","modified_gmt":"2019-02-15T21:03:55","slug":"presenten-la-maleta-pedagogica-de-les-falles-del-pirineu","status":"publish","type":"post","link":"https:\/\/www.conselharan.org\/ca\/presenten-la-maleta-pedagogica-de-les-falles-del-pirineu\/","title":{"rendered":"Presenten la Maleta Pedag\u00f2gica de les Falles del Pirineu"},"content":{"rendered":"<p><strong>El projecte s\u2019ajusta als objectius de Desenvolupament Sostenible establerts per la ONU<\/strong><\/p>\n<p>Vielha, 16 de febrer de 2019.- La maleta pedag\u00f2gica de les Falles del Pirineu consisteix en la reproducci\u00f3 en miniatura de les Falles, Haros, Halhes i Brandons del Pirineu i de materials i activitats pedag\u00f2giques sobre la tradici\u00f3 fallaire, adre\u00e7ats a alumnes de prim\u00e0ria i primer cicle de secund\u00e0ria de les escoles de Catalunya, Andorra, Arag\u00f3 i Occit\u00e0nia, amb l\u2019objectiu de donar a con\u00e8ixer l\u2019origen, la hist\u00f2ria i el funcionament d\u2019aquesta tradici\u00f3 als estudiants de les escoles dels Pirineus per facilitar l\u2019intercanvi d\u2019aquests coneixements entre tota la comunitat fallaire. El projecte s\u2019ajusta als objectius de Desenvolupament Sostenible establerts par la ONU.<\/p>\n<p><a href=\"http:\/\/www.conselharan.org\/wp-content\/uploads\/2019\/02\/Maleta-Pedag\u00f2gica-4.jpg\"><img loading=\"lazy\" decoding=\"async\" class=\"aligncenter size-large wp-image-26730\" src=\"http:\/\/www.conselharan.org\/wp-content\/uploads\/2019\/02\/Maleta-Pedag\u00f2gica-4-1024x768.jpg\" alt=\"\" width=\"1024\" height=\"768\" srcset=\"https:\/\/www.conselharan.org\/wp-content\/uploads\/2019\/02\/Maleta-Pedag\u00f2gica-4-1024x768.jpg 1024w, https:\/\/www.conselharan.org\/wp-content\/uploads\/2019\/02\/Maleta-Pedag\u00f2gica-4-300x225.jpg 300w, https:\/\/www.conselharan.org\/wp-content\/uploads\/2019\/02\/Maleta-Pedag\u00f2gica-4-768x576.jpg 768w, https:\/\/www.conselharan.org\/wp-content\/uploads\/2019\/02\/Maleta-Pedag\u00f2gica-4.jpg 1714w\" sizes=\"(max-width: 1024px) 100vw, 1024px\" \/><\/a><\/p>\n<p>La maleta pedag\u00f2gica \u00e9s un projecte impulsat per la C\u00e0tedra Educaci\u00f3 i Patrimoni Immaterial dels Pirineus de la Universitat de Lleida que s\u2019ha presentat al Conselh Generau d\u2019Aran.<\/p>\n<p>El material did\u00e0ctic s\u2019estructura en sis apartats que s\u00f3n: La fusta del foc; Tants caps tants troncs; Paraules al voltant del foc; Territori fallaire; Prometeu la flama del sol;\u00a0 Balls i can\u00e7ons al voltant del faro.<\/p>\n<p>La Val d\u2019Aran \u00e9s un dels territoris on la tradici\u00f3 fallaire \u00e9s ben present amb els Haros de Les i Arties que celebren dues festes que diuen molt del seu car\u00e0cter i les seves tradicions. Els Haros de la Val d\u2019Aran al desembre de 2015 van ser reconeguts pel comit\u00e8 intergovernamental de la Unesco com a Patrimoni Immaterial de la Humanitat juntament amb la resta de Falles del Pirineu. Aquesta catalogaci\u00f3 contempla les 63 festes del foc que se celebren durant el solstici d\u2019estiu als Pirineus.<\/p>\n<p><a href=\"http:\/\/www.conselharan.org\/wp-content\/uploads\/2019\/02\/Maleta-Pedag\u00f2gica-1.jpg\"><img loading=\"lazy\" decoding=\"async\" class=\"aligncenter size-large wp-image-26732\" src=\"http:\/\/www.conselharan.org\/wp-content\/uploads\/2019\/02\/Maleta-Pedag\u00f2gica-1-1024x768.jpg\" alt=\"\" width=\"1024\" height=\"768\" srcset=\"https:\/\/www.conselharan.org\/wp-content\/uploads\/2019\/02\/Maleta-Pedag\u00f2gica-1-1024x768.jpg 1024w, https:\/\/www.conselharan.org\/wp-content\/uploads\/2019\/02\/Maleta-Pedag\u00f2gica-1-300x225.jpg 300w, https:\/\/www.conselharan.org\/wp-content\/uploads\/2019\/02\/Maleta-Pedag\u00f2gica-1-768x576.jpg 768w, https:\/\/www.conselharan.org\/wp-content\/uploads\/2019\/02\/Maleta-Pedag\u00f2gica-1.jpg 1957w\" sizes=\"(max-width: 1024px) 100vw, 1024px\" \/><\/a><\/p>\n<p>La celebraci\u00f3 t\u00e9 un origen ancestral, \u00edntimament lligat als cicles agraris i solars. Es relaciona amb els ritus primitius de regeneraci\u00f3 de la vida natural, de fecunditat i d\u2019agra\u00efment als d\u00e9us per l\u2019\u00e8xit de les collites i l\u2019arribada del bon temps. A la Val d\u2019Aran aquestes festes antigament se celebraven en tots els pobles, per\u00f2 nom\u00e9s Les i Arties les han mantingut.<\/p>\n<p>La C\u00e0tedra Educaci\u00f3 i Patrimoni Immaterial dels Pirineus de la Universitat de Lleida te previst presentar i desplegar el projecte pels territoris durant el curs 2019-2020.<\/p>\n<p><a href=\"http:\/\/www.conselharan.org\/wp-content\/uploads\/2019\/02\/Maleta-Pedag\u00f2gica-3.jpg\"><img loading=\"lazy\" decoding=\"async\" class=\"aligncenter size-large wp-image-26731\" src=\"http:\/\/www.conselharan.org\/wp-content\/uploads\/2019\/02\/Maleta-Pedag\u00f2gica-3-1024x768.jpg\" alt=\"\" width=\"1024\" height=\"768\" srcset=\"https:\/\/www.conselharan.org\/wp-content\/uploads\/2019\/02\/Maleta-Pedag\u00f2gica-3-1024x768.jpg 1024w, https:\/\/www.conselharan.org\/wp-content\/uploads\/2019\/02\/Maleta-Pedag\u00f2gica-3-300x225.jpg 300w, https:\/\/www.conselharan.org\/wp-content\/uploads\/2019\/02\/Maleta-Pedag\u00f2gica-3-768x576.jpg 768w, https:\/\/www.conselharan.org\/wp-content\/uploads\/2019\/02\/Maleta-Pedag\u00f2gica-3.jpg 1847w\" sizes=\"(max-width: 1024px) 100vw, 1024px\" \/><\/a><\/p>\n<p>&nbsp;<\/p>\n<p>&nbsp;<\/p>\n ","protected":false},"excerpt":{"rendered":"<p>El projecte s\u2019ajusta als objectius de Desenvolupament Sostenible establerts per la ONU Vielha, 16 de febrer de 2019.- La maleta pedag\u00f2gica de les Falles del Pirineu consisteix en la reproducci\u00f3 en miniatura de les Falles, Haros, Halhes i Brandons del Pirineu i de materials i activitats pedag\u00f2giques sobre la tradici\u00f3 fallaire, adre\u00e7ats a alumnes de&#8230;<\/p>\n","protected":false},"author":2,"featured_media":26732,"comment_status":"closed","ping_status":"closed","sticky":false,"template":"","format":"standard","meta":{"footnotes":""},"categories":[33],"tags":[],"_links":{"self":[{"href":"https:\/\/www.conselharan.org\/ca\/wp-json\/wp\/v2\/posts\/26734"}],"collection":[{"href":"https:\/\/www.conselharan.org\/ca\/wp-json\/wp\/v2\/posts"}],"about":[{"href":"https:\/\/www.conselharan.org\/ca\/wp-json\/wp\/v2\/types\/post"}],"author":[{"embeddable":true,"href":"https:\/\/www.conselharan.org\/ca\/wp-json\/wp\/v2\/users\/2"}],"replies":[{"embeddable":true,"href":"https:\/\/www.conselharan.org\/ca\/wp-json\/wp\/v2\/comments?post=26734"}],"version-history":[{"count":1,"href":"https:\/\/www.conselharan.org\/ca\/wp-json\/wp\/v2\/posts\/26734\/revisions"}],"predecessor-version":[{"id":26735,"href":"https:\/\/www.conselharan.org\/ca\/wp-json\/wp\/v2\/posts\/26734\/revisions\/26735"}],"wp:featuredmedia":[{"embeddable":true,"href":"https:\/\/www.conselharan.org\/ca\/wp-json\/wp\/v2\/media\/26732"}],"wp:attachment":[{"href":"https:\/\/www.conselharan.org\/ca\/wp-json\/wp\/v2\/media?parent=26734"}],"wp:term":[{"taxonomy":"category","embeddable":true,"href":"https:\/\/www.conselharan.org\/ca\/wp-json\/wp\/v2\/categories?post=26734"},{"taxonomy":"post_tag","embeddable":true,"href":"https:\/\/www.conselharan.org\/ca\/wp-json\/wp\/v2\/tags?post=26734"}],"curies":[{"name":"wp","href":"https:\/\/api.w.org\/{rel}","templated":true}]}}