{"id":26770,"date":"2019-02-19T13:00:37","date_gmt":"2019-02-19T12:00:37","guid":{"rendered":"http:\/\/www.conselharan.org\/?p=26770"},"modified":"2019-02-19T13:00:37","modified_gmt":"2019-02-19T12:00:37","slug":"onze-podis-per-lequip-dinterclubs-del-caei-a-boi","status":"publish","type":"post","link":"https:\/\/www.conselharan.org\/ca\/onze-podis-per-lequip-dinterclubs-del-caei-a-boi\/","title":{"rendered":"Onze podis per l\u2019equip d\u2019Interclubs del CAEI a Bo\u00ed"},"content":{"rendered":"<p><strong>Van aconseguir un total d&#8217;onze podis, la qual cosa demostra que aquest equip est\u00e0 en molt bona forma.<\/strong><\/p>\n<p>&nbsp;<\/p>\n<p><a href=\"http:\/\/www.conselharan.org\/onze-podiums-tara-equipa-dinterclubs-deth-caei-en-boi\/interclubs-boi\/\" rel=\"attachment wp-att-26767\"><img loading=\"lazy\" decoding=\"async\" class=\"aligncenter size-large wp-image-26767\" src=\"http:\/\/www.conselharan.org\/wp-content\/uploads\/2019\/02\/Interclubs-Boi-1024x659.jpg\" alt=\"\" width=\"1024\" height=\"659\" srcset=\"https:\/\/www.conselharan.org\/wp-content\/uploads\/2019\/02\/Interclubs-Boi-1024x659.jpg 1024w, https:\/\/www.conselharan.org\/wp-content\/uploads\/2019\/02\/Interclubs-Boi-300x193.jpg 300w, https:\/\/www.conselharan.org\/wp-content\/uploads\/2019\/02\/Interclubs-Boi-768x494.jpg 768w, https:\/\/www.conselharan.org\/wp-content\/uploads\/2019\/02\/Interclubs-Boi.jpg 1390w\" sizes=\"(max-width: 1024px) 100vw, 1024px\" \/><\/a><\/p>\n<p>Aquest cap de setmana s&#8217;ha disputat en l&#8217;estaci\u00f3 lleidatana de Bo\u00ed-Ta\u00fcll el 12\u00e8 Trofeu GER per a les categories d&#8217;Interclubs.<\/p>\n<p>L&#8217;equip del Club Aran\u00e9s d\u2019Esp\u00f2rts d\u2019Iu\u00e8rn (<strong>CAEI<\/strong>) va competir sota un sol fant\u00e0stic i en una pista en excel\u2022lents condicions.<\/p>\n<p>El dissabte, 16 de febrer, van disputar un GS en la pista de Vaques en la qual els joves esportistes es van trobar molt c\u00f2modes sobre els esqu\u00eds i van treure el millor de si mateixos en un tra\u00e7at bastant atape\u00eft.<\/p>\n<p>El diumenge, 17 de febrer, va tocar el torn al SL en la mateixa pista.<\/p>\n<p>Van aconseguir un total d&#8217;onze podis, la qual cosa demostra que aquest equip est\u00e0 en molt bona forma.<\/p>\n<ul>\n<li><strong>Resultats:<\/strong><\/li>\n<\/ul>\n<p><strong>GS<\/strong><br \/>\n2n Alonso Fern\u00e1ndez (U14)<br \/>\n2a J\u00falia Feixa (U16)<br \/>\n3a Irene Ar\u00eds (U16)<br \/>\n3a Ana Chesa (U18)<br \/>\n1r Guzm\u00e1n Fern\u00e1ndez (U18)<br \/>\n1r Pep Fern\u00e1ndez (Vet B)<\/p>\n<p><strong>SL<\/strong><br \/>\n1a Arantza Vidal (U14)<br \/>\n3r Toni Romagosa (U14)<br \/>\n2a J\u00falia Feixa (U16)<br \/>\n3a Irene Ar\u00eds (U16)<br \/>\n1r Pep Fern\u00e1ndez (Vet B)<\/p>\n<p>&nbsp;<\/p>\n<p>M\u00e9s informaci\u00f3: <a href=\"http:\/\/www.caei.es\/\" target=\"_blank\" rel=\"noopener\"><strong>http:\/\/www.caei.es\/<\/strong><\/a><\/p>\n<p>&nbsp;<\/p>\n<p>&nbsp;<\/p>\n<p>&nbsp;<\/p>\n<p>&nbsp;<\/p>\n<p>&nbsp;<\/p>\n<p>Vielha, 19 de febrer de 2019<\/p>\n<p>&nbsp;<\/p>\n<p><em>Conselh Generau d&#8217;Aran: N\u00faria Sanjuan\u00a0<\/em><\/p>\n<p><em>Font i fotos: CAEI<\/em><\/p>\n ","protected":false},"excerpt":{"rendered":"<p>Van aconseguir un total d&#8217;onze podis, la qual cosa demostra que aquest equip est\u00e0 en molt bona forma. &nbsp; Aquest cap de setmana s&#8217;ha disputat en l&#8217;estaci\u00f3 lleidatana de Bo\u00ed-Ta\u00fcll el 12\u00e8 Trofeu GER per a les categories d&#8217;Interclubs. L&#8217;equip del Club Aran\u00e9s d\u2019Esp\u00f2rts d\u2019Iu\u00e8rn (CAEI) va competir sota un sol fant\u00e0stic i en una&#8230;<\/p>\n","protected":false},"author":2,"featured_media":26767,"comment_status":"closed","ping_status":"closed","sticky":false,"template":"","format":"standard","meta":{"footnotes":""},"categories":[136],"tags":[],"_links":{"self":[{"href":"https:\/\/www.conselharan.org\/ca\/wp-json\/wp\/v2\/posts\/26770"}],"collection":[{"href":"https:\/\/www.conselharan.org\/ca\/wp-json\/wp\/v2\/posts"}],"about":[{"href":"https:\/\/www.conselharan.org\/ca\/wp-json\/wp\/v2\/types\/post"}],"author":[{"embeddable":true,"href":"https:\/\/www.conselharan.org\/ca\/wp-json\/wp\/v2\/users\/2"}],"replies":[{"embeddable":true,"href":"https:\/\/www.conselharan.org\/ca\/wp-json\/wp\/v2\/comments?post=26770"}],"version-history":[{"count":1,"href":"https:\/\/www.conselharan.org\/ca\/wp-json\/wp\/v2\/posts\/26770\/revisions"}],"predecessor-version":[{"id":26771,"href":"https:\/\/www.conselharan.org\/ca\/wp-json\/wp\/v2\/posts\/26770\/revisions\/26771"}],"wp:featuredmedia":[{"embeddable":true,"href":"https:\/\/www.conselharan.org\/ca\/wp-json\/wp\/v2\/media\/26767"}],"wp:attachment":[{"href":"https:\/\/www.conselharan.org\/ca\/wp-json\/wp\/v2\/media?parent=26770"}],"wp:term":[{"taxonomy":"category","embeddable":true,"href":"https:\/\/www.conselharan.org\/ca\/wp-json\/wp\/v2\/categories?post=26770"},{"taxonomy":"post_tag","embeddable":true,"href":"https:\/\/www.conselharan.org\/ca\/wp-json\/wp\/v2\/tags?post=26770"}],"curies":[{"name":"wp","href":"https:\/\/api.w.org\/{rel}","templated":true}]}}