{"id":26777,"date":"2019-02-19T13:58:10","date_gmt":"2019-02-19T12:58:10","guid":{"rendered":"http:\/\/www.conselharan.org\/?p=26777"},"modified":"2020-09-23T13:16:34","modified_gmt":"2020-09-23T11:16:34","slug":"nova-reunio-de-lequip-de-treball-sobre-el-pla-de-refugis-del-projecte-entrepyr-ii","status":"publish","type":"post","link":"https:\/\/www.conselharan.org\/ca\/nova-reunio-de-lequip-de-treball-sobre-el-pla-de-refugis-del-projecte-entrepyr-ii\/","title":{"rendered":"Nova reuni\u00f3 de l\u2019equip de treball sobre el Pla de refugis del projecte ENTREPYR II"},"content":{"rendered":"<p>Vielha, 19 de febrer de 2019.- El <strong>Conselh Generau d\u2019Aran<\/strong> ha acollit una nova reuni\u00f3 de treball del Pla de refugis del <strong>projecte ENTREPYR II<\/strong>, que forma part del <strong>Programa de Cooperaci\u00f3 Territorial Europea INTERREG V-A (Espanya-Fran\u00e7a-Andorra) POCTEFA 2014-2020.<\/strong><\/p>\n<p>La jornada de treball es va celebrar el passat dia 11 de febrer per tractar sobre tem\u00e0tiques referents a aquest Pla de refugis transfronterer, en \u00e0mbits com la modernitzaci\u00f3 dels refugis, bones i males pr\u00e0ctiques del treball dels guies, diagn\u00f2stic i qualitat dels refugis i albergs, gesti\u00f3 mediambiental, seguretat i emerg\u00e8ncies, promoci\u00f3, comunicaci\u00f3 i comercialitzaci\u00f3, recomanacions des de les oficines de turisme, i la formaci\u00f3 dels agents.<\/p>\n<p><a href=\"http:\/\/www.conselharan.org\/wp-content\/uploads\/2019\/02\/Reuni\u00f3-Interreg-2.jpg\"><img loading=\"lazy\" decoding=\"async\" class=\"aligncenter size-large wp-image-26775\" src=\"http:\/\/www.conselharan.org\/wp-content\/uploads\/2019\/02\/Reuni\u00f3-Interreg-2-1024x685.jpg\" alt=\"\" width=\"1024\" height=\"685\" srcset=\"https:\/\/www.conselharan.org\/wp-content\/uploads\/2019\/02\/Reuni\u00f3-Interreg-2-1024x685.jpg 1024w, https:\/\/www.conselharan.org\/wp-content\/uploads\/2019\/02\/Reuni\u00f3-Interreg-2-300x201.jpg 300w, https:\/\/www.conselharan.org\/wp-content\/uploads\/2019\/02\/Reuni\u00f3-Interreg-2-768x514.jpg 768w\" sizes=\"(max-width: 1024px) 100vw, 1024px\" \/><\/a><\/p>\n<p>En concret en aquesta jornada es va tractar la creaci\u00f3 de l&#8217;observatori dels refugis des de la Universitat de Tolosa, amb informaci\u00f3 d\u2019estades, usuaris, serveis, i sobre quin ha de ser el sistema d&#8217;enquesta i procediment. Al mateix temps tamb\u00e9 s\u2019est\u00e0 elaborant una enquesta\/estudi per al tema del tractament de les aig\u00fces residuals i dels banys secs dels refugis.<\/p>\n<p>En aquest sentit cal recordar que a trav\u00e9s del projecte ENTREPYR II, amb una subvenci\u00f3 de 97.500 \u20ac, el Conselh Generau d\u2019Aran instal\u00b7lar\u00e0 en dos refugis de muntanya de la Val d\u2019Aran dos banys secs i dues potabilitzadores per al tractament d\u2019aig\u00fces residuals. A part d\u2019aquestes millores el Conselh Generau tamb\u00e9 te previst destinar part d\u2019aquesta subvenci\u00f3 a la millora de la promoci\u00f3 i comercialitzaci\u00f3 de les rutes de senderisme de la Val d\u2019Aran aix\u00ed com la difusi\u00f3 de les mateixes via web.<\/p>\n<p>El Conselh Generau d\u2019Aran participa en aquest projecte europeu juntament amb la Federaci\u00f3n Aragonesa de Monta\u00f1ismo, la Federaci\u00f3 d\u2019Entitats Excursionistes de Catalunya (FEEC) i el Gobierno de Arag\u00f3n per part espanyola, juntament amb el Parc National des Pyr\u00e9n\u00e9es, L\u2019Universit\u00e9 de Toulouse III i la Federation Fran\u00e7aise des Clubs Alpins et de Montagne per la part francesa, i la Federaci\u00f3 Andorrana de Muntanyisme com entitat associada.<\/p>\n<p>POCTEFA \u00e9s un programa europeu de cooperaci\u00f3 transfronterera creat per fomentar el desenvolupament sostenible, aix\u00ed com per refor\u00e7ar la integraci\u00f3 econ\u00f2mica i social del territori de Catalunya que limita amb Fran\u00e7a i Andorra, a trav\u00e9s del finan\u00e7ament de projectes dissenyats i gestionats per organismes p\u00fablics i privats d\u2019ambdues bandes dels Pirineus. El Programa es finan\u00e7a a trav\u00e9s del Fons Europeu de Desenvolupament Regional (FEDER).<\/p>\n<p>&nbsp;<\/p>\n\n\t\t<style type=\"text\/css\">\n\t\t\t#gallery-1 {\n\t\t\t\tmargin: auto;\n\t\t\t}\n\t\t\t#gallery-1 .gallery-item {\n\t\t\t\tfloat: left;\n\t\t\t\tmargin-top: 10px;\n\t\t\t\ttext-align: center;\n\t\t\t\twidth: 50%;\n\t\t\t}\n\t\t\t#gallery-1 img {\n\t\t\t\tborder: 2px solid #cfcfcf;\n\t\t\t}\n\t\t\t#gallery-1 .gallery-caption {\n\t\t\t\tmargin-left: 0;\n\t\t\t}\n\t\t\t\/* see gallery_shortcode() in wp-includes\/media.php *\/\n\t\t<\/style>\n\t\t<div id='gallery-1' class='gallery galleryid-26777 gallery-columns-2 gallery-size-medium'><dl class='gallery-item'>\n\t\t\t<dt class='gallery-icon landscape'>\n\t\t\t\t<a href='https:\/\/www.conselharan.org\/ca\/el-conselh-generau-daran-aconsegueix-dues-subvencions-del-programa-poctefa-2014-2020\/logo-interreg-poctefa-cmyk-2\/'><img loading=\"lazy\" decoding=\"async\" width=\"300\" height=\"106\" src=\"https:\/\/www.conselharan.org\/wp-content\/uploads\/2017\/11\/logo-interreg-poctefa-CMYK-300x106.jpg\" class=\"attachment-medium size-medium\" alt=\"\" srcset=\"https:\/\/www.conselharan.org\/wp-content\/uploads\/2017\/11\/logo-interreg-poctefa-CMYK-300x106.jpg 300w, https:\/\/www.conselharan.org\/wp-content\/uploads\/2017\/11\/logo-interreg-poctefa-CMYK-1024x363.jpg 1024w, https:\/\/www.conselharan.org\/wp-content\/uploads\/2017\/11\/logo-interreg-poctefa-CMYK-768x272.jpg 768w, https:\/\/www.conselharan.org\/wp-content\/uploads\/2017\/11\/logo-interreg-poctefa-CMYK-1536x544.jpg 1536w, https:\/\/www.conselharan.org\/wp-content\/uploads\/2017\/11\/logo-interreg-poctefa-CMYK.jpg 1843w\" sizes=\"(max-width: 300px) 100vw, 300px\" \/><\/a>\n\t\t\t<\/dt><\/dl><dl class='gallery-item'>\n\t\t\t<dt class='gallery-icon landscape'>\n\t\t\t\t<a href='https:\/\/www.conselharan.org\/ca\/el-conselh-generau-daran-aconsegueix-dues-subvencions-del-programa-poctefa-2014-2020\/logo_entrepyr-2\/'><img loading=\"lazy\" decoding=\"async\" width=\"300\" height=\"197\" src=\"https:\/\/www.conselharan.org\/wp-content\/uploads\/2017\/11\/logo_entrepyr-300x197.jpg\" class=\"attachment-medium size-medium\" alt=\"\" srcset=\"https:\/\/www.conselharan.org\/wp-content\/uploads\/2017\/11\/logo_entrepyr-300x197.jpg 300w, https:\/\/www.conselharan.org\/wp-content\/uploads\/2017\/11\/logo_entrepyr-1024x674.jpg 1024w, https:\/\/www.conselharan.org\/wp-content\/uploads\/2017\/11\/logo_entrepyr-768x505.jpg 768w, https:\/\/www.conselharan.org\/wp-content\/uploads\/2017\/11\/logo_entrepyr-1536x1011.jpg 1536w, https:\/\/www.conselharan.org\/wp-content\/uploads\/2017\/11\/logo_entrepyr-2048x1348.jpg 2048w\" sizes=\"(max-width: 300px) 100vw, 300px\" \/><\/a>\n\t\t\t<\/dt><\/dl><br style=\"clear: both\" \/>\n\t\t<\/div>\n\n ","protected":false},"excerpt":{"rendered":"<p>Vielha, 19 de febrer de 2019.- El Conselh Generau d\u2019Aran ha acollit una nova reuni\u00f3 de treball del Pla de refugis del projecte ENTREPYR II, que forma part del Programa de Cooperaci\u00f3 Territorial Europea INTERREG V-A (Espanya-Fran\u00e7a-Andorra) POCTEFA 2014-2020. La jornada de treball es va celebrar el passat dia 11 de febrer per tractar sobre&#8230;<\/p>\n","protected":false},"author":2,"featured_media":26775,"comment_status":"closed","ping_status":"closed","sticky":false,"template":"","format":"standard","meta":{"footnotes":""},"categories":[53],"tags":[],"_links":{"self":[{"href":"https:\/\/www.conselharan.org\/ca\/wp-json\/wp\/v2\/posts\/26777"}],"collection":[{"href":"https:\/\/www.conselharan.org\/ca\/wp-json\/wp\/v2\/posts"}],"about":[{"href":"https:\/\/www.conselharan.org\/ca\/wp-json\/wp\/v2\/types\/post"}],"author":[{"embeddable":true,"href":"https:\/\/www.conselharan.org\/ca\/wp-json\/wp\/v2\/users\/2"}],"replies":[{"embeddable":true,"href":"https:\/\/www.conselharan.org\/ca\/wp-json\/wp\/v2\/comments?post=26777"}],"version-history":[{"count":2,"href":"https:\/\/www.conselharan.org\/ca\/wp-json\/wp\/v2\/posts\/26777\/revisions"}],"predecessor-version":[{"id":36541,"href":"https:\/\/www.conselharan.org\/ca\/wp-json\/wp\/v2\/posts\/26777\/revisions\/36541"}],"wp:featuredmedia":[{"embeddable":true,"href":"https:\/\/www.conselharan.org\/ca\/wp-json\/wp\/v2\/media\/26775"}],"wp:attachment":[{"href":"https:\/\/www.conselharan.org\/ca\/wp-json\/wp\/v2\/media?parent=26777"}],"wp:term":[{"taxonomy":"category","embeddable":true,"href":"https:\/\/www.conselharan.org\/ca\/wp-json\/wp\/v2\/categories?post=26777"},{"taxonomy":"post_tag","embeddable":true,"href":"https:\/\/www.conselharan.org\/ca\/wp-json\/wp\/v2\/tags?post=26777"}],"curies":[{"name":"wp","href":"https:\/\/api.w.org\/{rel}","templated":true}]}}