{"id":26787,"date":"2019-02-19T15:06:23","date_gmt":"2019-02-19T14:06:23","guid":{"rendered":"http:\/\/www.conselharan.org\/?p=26787"},"modified":"2019-02-19T15:06:23","modified_gmt":"2019-02-19T14:06:23","slug":"victoria-de-guillermo-meire-del-club-ceva-al-sl-u16-del-ix-trofeu-espot-esqui","status":"publish","type":"post","link":"https:\/\/www.conselharan.org\/ca\/victoria-de-guillermo-meire-del-club-ceva-al-sl-u16-del-ix-trofeu-espot-esqui\/","title":{"rendered":"Vict\u00f2ria de Guillermo Meire del Club CEVA al SL U16 del IX Trofeu Espot Esqu\u00ed"},"content":{"rendered":"<p><strong>Gran segona posici\u00f3 d&#8217;Hugo Soler Duffo despr\u00e9s de guanyar la segona m\u00e0nega del Gegant U16 a Espot<\/strong><\/p>\n<p><strong>L&#8217;equip de Freeride Jordi Tenas dominador del FWQ** de l&#8217;Eldorado Freeride Junior Boi Taull amb la 1a posici\u00f3 de Martina Rufin i la 3a i 4a posici\u00f3 per Teo Carn\u00e9 i Alejandro Soler<\/strong><\/p>\n<p><strong>Marc Montes del Club CEVA vencedor en la 1a edici\u00f3 de l&#8217;espectacular Era Nocturna a Baqueira Beret<\/strong><\/p>\n<p>Vielha, 19 de febrer de 2019.- Grans resultats per als esquiadors del Club CEVA aquest cap de setmana a les diferents competicions disputades en qu\u00e8 han participat.<\/p>\n<p>L&#8217;esquiador del Club CEVA <strong>Guillermo Meire Garc\u00eda<\/strong> es va proclamar vencedor del SL U16 del IX Trofeu Espot Esqu\u00ed. Per la seva banda <strong>Hugo Soler Duffo Mart\u00ednez<\/strong> es va classificar en 2a posici\u00f3 en el Gegant U16 d&#8217;Espot despr\u00e9s de guanyar la segona m\u00e0nega. Cal destacar els meritoris resultats d&#8217;Eugene Brotons Batista 6a i Emma Del Rio Sergi 7a en el Gegant femen\u00ed. Pablo Pleguezuelos Rico va ser 11\u00e8 en el Gegant mascul\u00ed i Jan Jorge Berge es va classificar en la 13a posici\u00f3. Al SL U16 Eugene Brotons va ser 9\u00aa.<\/p>\n<p><a href=\"http:\/\/www.conselharan.org\/wp-content\/uploads\/2019\/02\/Club-CEVA-18-de-febrer-2019-2.jpg\"><img loading=\"lazy\" decoding=\"async\" class=\"aligncenter size-large wp-image-26783\" src=\"http:\/\/www.conselharan.org\/wp-content\/uploads\/2019\/02\/Club-CEVA-18-de-febrer-2019-2-1024x768.jpg\" alt=\"\" width=\"1024\" height=\"768\" srcset=\"https:\/\/www.conselharan.org\/wp-content\/uploads\/2019\/02\/Club-CEVA-18-de-febrer-2019-2-1024x768.jpg 1024w, https:\/\/www.conselharan.org\/wp-content\/uploads\/2019\/02\/Club-CEVA-18-de-febrer-2019-2-300x225.jpg 300w, https:\/\/www.conselharan.org\/wp-content\/uploads\/2019\/02\/Club-CEVA-18-de-febrer-2019-2-768x576.jpg 768w, https:\/\/www.conselharan.org\/wp-content\/uploads\/2019\/02\/Club-CEVA-18-de-febrer-2019-2.jpg 1600w\" sizes=\"(max-width: 1024px) 100vw, 1024px\" \/><\/a><\/p>\n<p>Tamb\u00e9 aquest cap de setmana despr\u00e9s de ser ajornat s&#8217;ha disputat el FWQ** de l&#8217;Eldorado Freeride Junior 2019 de Boi Ta\u00fcll en el qual l&#8217;equip de Freeride Jordi Tenas del Club CEVA va resultar el clar dominador amb la <strong>1a posici\u00f3 de Martina Rufin<\/strong> en categoria femenina i la 3a posici\u00f3 de Teo Carn\u00e9, la 4a d&#8217;Alejandro Soler i la 6a d&#8217;Una<strong>i <\/strong>Huidobro en categoria masculina.<\/p>\n<p>En l&#8217;espectacular primera edici\u00f3 de la cursa Era Nocturna celebrada el cap de setmana a Baqueira Beret l&#8217;esquiador del Club CEVA <strong>Marc Montes<\/strong> va ser el guanyador despr\u00e9s de disputar el Gegant classificatori del mat\u00ed i al\u00e7ar-se amb la vict\u00f2ria en l&#8217;emocionant Esl\u00e0lom paral\u00b7lel a la tarda.<\/p>\n<p><a href=\"http:\/\/www.conselharan.org\/wp-content\/uploads\/2019\/02\/Club-CEVA-18-de-febrer-2019-3.jpg\"><img loading=\"lazy\" decoding=\"async\" class=\"aligncenter size-large wp-image-26784\" src=\"http:\/\/www.conselharan.org\/wp-content\/uploads\/2019\/02\/Club-CEVA-18-de-febrer-2019-3-1024x768.jpg\" alt=\"\" width=\"1024\" height=\"768\" srcset=\"https:\/\/www.conselharan.org\/wp-content\/uploads\/2019\/02\/Club-CEVA-18-de-febrer-2019-3-1024x768.jpg 1024w, https:\/\/www.conselharan.org\/wp-content\/uploads\/2019\/02\/Club-CEVA-18-de-febrer-2019-3-300x225.jpg 300w, https:\/\/www.conselharan.org\/wp-content\/uploads\/2019\/02\/Club-CEVA-18-de-febrer-2019-3-768x576.jpg 768w, https:\/\/www.conselharan.org\/wp-content\/uploads\/2019\/02\/Club-CEVA-18-de-febrer-2019-3.jpg 1600w\" sizes=\"(max-width: 1024px) 100vw, 1024px\" \/><\/a><\/p>\n<p><a href=\"http:\/\/www.conselharan.org\/wp-content\/uploads\/2019\/02\/Club-CEVA-18-de-febrer-2019-6.jpg\"><img loading=\"lazy\" decoding=\"async\" class=\"aligncenter size-large wp-image-26785\" src=\"http:\/\/www.conselharan.org\/wp-content\/uploads\/2019\/02\/Club-CEVA-18-de-febrer-2019-6-1024x767.jpg\" alt=\"\" width=\"1024\" height=\"767\" srcset=\"https:\/\/www.conselharan.org\/wp-content\/uploads\/2019\/02\/Club-CEVA-18-de-febrer-2019-6-1024x767.jpg 1024w, https:\/\/www.conselharan.org\/wp-content\/uploads\/2019\/02\/Club-CEVA-18-de-febrer-2019-6-300x225.jpg 300w, https:\/\/www.conselharan.org\/wp-content\/uploads\/2019\/02\/Club-CEVA-18-de-febrer-2019-6-768x575.jpg 768w, https:\/\/www.conselharan.org\/wp-content\/uploads\/2019\/02\/Club-CEVA-18-de-febrer-2019-6.jpg 1600w\" sizes=\"(max-width: 1024px) 100vw, 1024px\" \/><\/a><\/p>\n<p>Info i fotos: Club CEVA<\/p>\n<p>&nbsp;<\/p>\n ","protected":false},"excerpt":{"rendered":"<p>Gran segona posici\u00f3 d&#8217;Hugo Soler Duffo despr\u00e9s de guanyar la segona m\u00e0nega del Gegant U16 a Espot L&#8217;equip de Freeride Jordi Tenas dominador del FWQ** de l&#8217;Eldorado Freeride Junior Boi Taull amb la 1a posici\u00f3 de Martina Rufin i la 3a i 4a posici\u00f3 per Teo Carn\u00e9 i Alejandro Soler Marc Montes del Club CEVA&#8230;<\/p>\n","protected":false},"author":2,"featured_media":26783,"comment_status":"closed","ping_status":"closed","sticky":false,"template":"","format":"standard","meta":{"footnotes":""},"categories":[136],"tags":[],"_links":{"self":[{"href":"https:\/\/www.conselharan.org\/ca\/wp-json\/wp\/v2\/posts\/26787"}],"collection":[{"href":"https:\/\/www.conselharan.org\/ca\/wp-json\/wp\/v2\/posts"}],"about":[{"href":"https:\/\/www.conselharan.org\/ca\/wp-json\/wp\/v2\/types\/post"}],"author":[{"embeddable":true,"href":"https:\/\/www.conselharan.org\/ca\/wp-json\/wp\/v2\/users\/2"}],"replies":[{"embeddable":true,"href":"https:\/\/www.conselharan.org\/ca\/wp-json\/wp\/v2\/comments?post=26787"}],"version-history":[{"count":1,"href":"https:\/\/www.conselharan.org\/ca\/wp-json\/wp\/v2\/posts\/26787\/revisions"}],"predecessor-version":[{"id":26788,"href":"https:\/\/www.conselharan.org\/ca\/wp-json\/wp\/v2\/posts\/26787\/revisions\/26788"}],"wp:featuredmedia":[{"embeddable":true,"href":"https:\/\/www.conselharan.org\/ca\/wp-json\/wp\/v2\/media\/26783"}],"wp:attachment":[{"href":"https:\/\/www.conselharan.org\/ca\/wp-json\/wp\/v2\/media?parent=26787"}],"wp:term":[{"taxonomy":"category","embeddable":true,"href":"https:\/\/www.conselharan.org\/ca\/wp-json\/wp\/v2\/categories?post=26787"},{"taxonomy":"post_tag","embeddable":true,"href":"https:\/\/www.conselharan.org\/ca\/wp-json\/wp\/v2\/tags?post=26787"}],"curies":[{"name":"wp","href":"https:\/\/api.w.org\/{rel}","templated":true}]}}