{"id":26795,"date":"2019-02-19T19:08:29","date_gmt":"2019-02-19T18:08:29","guid":{"rendered":"http:\/\/www.conselharan.org\/?p=26795"},"modified":"2019-02-19T19:10:16","modified_gmt":"2019-02-19T18:10:16","slug":"laranes-alex-puente-acaba-en-la-41a-posicio-al-mundial-desqui-alpi-dare-a-suecia","status":"publish","type":"post","link":"https:\/\/www.conselharan.org\/ca\/laranes-alex-puente-acaba-en-la-41a-posicio-al-mundial-desqui-alpi-dare-a-suecia\/","title":{"rendered":"L\u2019aran\u00e8s Alex Puente acaba en la 41a posici\u00f3 al Mundial d\u2019Esqu\u00ed Alp\u00ed d\u2019Are a Su\u00e8cia"},"content":{"rendered":"<p>Vielha, 19 de febrer de 2019.- El passat diumenge l\u2019esquiador aran\u00e8s <strong>Alex Puente<\/strong> va acabar en la 41a posici\u00f3 la seva primera participaci\u00f3 en un mundial d\u2019esqu\u00ed alp\u00ed.<\/p>\n<p>Alex Puente va acusar la falta de ritme degut a una petita lesi\u00f3 que l\u2019ha tingut pr\u00e0cticament inactiu durant l\u2019\u00faltim mes, i no va poder arribar al top 30 despr\u00e9s de la primera manega. A la segona m\u00e0nega va sortir el 38 i va caure a la primera part del tra\u00e7at, per\u00f2 es va aixecar per acabar el seu primer mundial en la posici\u00f3 41.<\/p>\n<p>Despr\u00e8s del Campionat del M\u00f3n d\u2019Esqu\u00ed Alp\u00ed 2019 Alex Puente torna a casa per acabar de agafar la forma f\u00edsica i poder afrontar el final de temporada amb garanties. Encara li queda la participaci\u00f3 a les copes d\u2019Europa d\u2019Alemanya i diverses proves FIS pels Alps.<\/p>\n<p>Alex Puente compta aquesta temporada amb el patrocini de <strong>Torisme Val d\u2019Aran.<\/strong><\/p>\n<p><a href=\"http:\/\/www.conselharan.org\/wp-content\/uploads\/2019\/02\/Alex-Puente-Are-1.jpg\"><img loading=\"lazy\" decoding=\"async\" class=\"aligncenter size-large wp-image-26793\" src=\"http:\/\/www.conselharan.org\/wp-content\/uploads\/2019\/02\/Alex-Puente-Are-1-1024x682.jpg\" alt=\"\" width=\"1024\" height=\"682\" srcset=\"https:\/\/www.conselharan.org\/wp-content\/uploads\/2019\/02\/Alex-Puente-Are-1-1024x682.jpg 1024w, https:\/\/www.conselharan.org\/wp-content\/uploads\/2019\/02\/Alex-Puente-Are-1-300x200.jpg 300w, https:\/\/www.conselharan.org\/wp-content\/uploads\/2019\/02\/Alex-Puente-Are-1-768x512.jpg 768w, https:\/\/www.conselharan.org\/wp-content\/uploads\/2019\/02\/Alex-Puente-Are-1.jpg 1600w\" sizes=\"(max-width: 1024px) 100vw, 1024px\" \/><\/a><\/p>\n<p>&nbsp;<\/p>\n ","protected":false},"excerpt":{"rendered":"<p>Vielha, 19 de febrer de 2019.- El passat diumenge l\u2019esquiador aran\u00e8s Alex Puente va acabar en la 41a posici\u00f3 la seva primera participaci\u00f3 en un mundial d\u2019esqu\u00ed alp\u00ed. Alex Puente va acusar la falta de ritme degut a una petita lesi\u00f3 que l\u2019ha tingut pr\u00e0cticament inactiu durant l\u2019\u00faltim mes, i no va poder arribar al&#8230;<\/p>\n","protected":false},"author":2,"featured_media":26793,"comment_status":"closed","ping_status":"closed","sticky":false,"template":"","format":"standard","meta":{"footnotes":""},"categories":[136],"tags":[],"_links":{"self":[{"href":"https:\/\/www.conselharan.org\/ca\/wp-json\/wp\/v2\/posts\/26795"}],"collection":[{"href":"https:\/\/www.conselharan.org\/ca\/wp-json\/wp\/v2\/posts"}],"about":[{"href":"https:\/\/www.conselharan.org\/ca\/wp-json\/wp\/v2\/types\/post"}],"author":[{"embeddable":true,"href":"https:\/\/www.conselharan.org\/ca\/wp-json\/wp\/v2\/users\/2"}],"replies":[{"embeddable":true,"href":"https:\/\/www.conselharan.org\/ca\/wp-json\/wp\/v2\/comments?post=26795"}],"version-history":[{"count":2,"href":"https:\/\/www.conselharan.org\/ca\/wp-json\/wp\/v2\/posts\/26795\/revisions"}],"predecessor-version":[{"id":26799,"href":"https:\/\/www.conselharan.org\/ca\/wp-json\/wp\/v2\/posts\/26795\/revisions\/26799"}],"wp:featuredmedia":[{"embeddable":true,"href":"https:\/\/www.conselharan.org\/ca\/wp-json\/wp\/v2\/media\/26793"}],"wp:attachment":[{"href":"https:\/\/www.conselharan.org\/ca\/wp-json\/wp\/v2\/media?parent=26795"}],"wp:term":[{"taxonomy":"category","embeddable":true,"href":"https:\/\/www.conselharan.org\/ca\/wp-json\/wp\/v2\/categories?post=26795"},{"taxonomy":"post_tag","embeddable":true,"href":"https:\/\/www.conselharan.org\/ca\/wp-json\/wp\/v2\/tags?post=26795"}],"curies":[{"name":"wp","href":"https:\/\/api.w.org\/{rel}","templated":true}]}}