{"id":26814,"date":"2019-02-20T11:40:17","date_gmt":"2019-02-20T10:40:17","guid":{"rendered":"http:\/\/www.conselharan.org\/?p=26814"},"modified":"2019-02-20T11:40:17","modified_gmt":"2019-02-20T10:40:17","slug":"proteccio-de-dades-nova-capsula-formativa-gratuita-del-cei-val-daran","status":"publish","type":"post","link":"https:\/\/www.conselharan.org\/ca\/proteccio-de-dades-nova-capsula-formativa-gratuita-del-cei-val-daran\/","title":{"rendered":"\u201cProtecci\u00f3 de dades\u201d nova c\u00e0psula formativa gratu\u00efta del CEI Val d\u2019Aran"},"content":{"rendered":"<p>Vielha, 20 de febrer de 2019.- El CEI Val d\u2019Aran de Casau proposa una nova c\u00e0psula gratu\u00efta sobre <strong>Protecci\u00f3 de dades<\/strong> dins del cicle de formaci\u00f3 \u201cDijous emprenedors\u201d el proper <strong>dijous 14 de mar\u00e7 de 11.00 a 13.00h.<\/strong><\/p>\n<p>La formaci\u00f3 anir\u00e0 a c\u00e0rrec de <strong>Meritxell Benavente Cugat<\/strong> CEO de l\u2019empresa ON4 Servicios y Formaci\u00f3n, SL.<\/p>\n<p><a href=\"http:\/\/www.conselharan.org\/wp-content\/uploads\/2019\/02\/Proteccio-de-dades-CEI-2.jpg\"><img loading=\"lazy\" decoding=\"async\" class=\"aligncenter size-large wp-image-26811\" src=\"http:\/\/www.conselharan.org\/wp-content\/uploads\/2019\/02\/Proteccio-de-dades-CEI-2-724x1024.jpg\" alt=\"\" width=\"724\" height=\"1024\" srcset=\"https:\/\/www.conselharan.org\/wp-content\/uploads\/2019\/02\/Proteccio-de-dades-CEI-2-724x1024.jpg 724w, https:\/\/www.conselharan.org\/wp-content\/uploads\/2019\/02\/Proteccio-de-dades-CEI-2-212x300.jpg 212w, https:\/\/www.conselharan.org\/wp-content\/uploads\/2019\/02\/Proteccio-de-dades-CEI-2-768x1087.jpg 768w\" sizes=\"(max-width: 724px) 100vw, 724px\" \/><\/a><\/p>\n<p>Les c\u00e0psules formatives s\u2019imparteixen al CEI Val d\u2019Aran de Casau, Pla\u00e7a Naua, 1, i estan organitzades pel mateix CEI Val d\u2019Aran i el Conselh Generau d\u2019Aran en col\u00b7laboraci\u00f3 amb la Diputaci\u00f3 de Lleida i GlobaLleida, amb el suport del Departament d\u2019Empresa i Ocupaci\u00f3 de la Generalitat de Catalunya, Catalunya Empr\u00e8n i el Fons Social Europeu.<\/p>\n<p>Les inscripcions per a participar en aquesta c\u00e0psula formativa sobre protecci\u00f3 de dades es poden formalitzar a www.ceivaldaran.org o a l\u2019enlla\u00e7 corresponent del web del Conselh Generau d\u2019Aran www.aran.org, i tamb\u00e9 trucant al telf. 973 64 18 01. Les c\u00e0psules del CEI Val d\u2019Aran s\u00f3n gratu\u00eftes i s\u2019adrecen a totes les persones o empreses interessades a ampliar la seva formaci\u00f3.<\/p>\n<p>Totes les persones inscrites hauran de portar el DNI, NIE o fotoc\u00f2pia del document.<\/p>\n ","protected":false},"excerpt":{"rendered":"<p>Vielha, 20 de febrer de 2019.- El CEI Val d\u2019Aran de Casau proposa una nova c\u00e0psula gratu\u00efta sobre Protecci\u00f3 de dades dins del cicle de formaci\u00f3 \u201cDijous emprenedors\u201d el proper dijous 14 de mar\u00e7 de 11.00 a 13.00h. La formaci\u00f3 anir\u00e0 a c\u00e0rrec de Meritxell Benavente Cugat CEO de l\u2019empresa ON4 Servicios y Formaci\u00f3n, SL&#8230;.<\/p>\n","protected":false},"author":2,"featured_media":26812,"comment_status":"closed","ping_status":"closed","sticky":false,"template":"","format":"standard","meta":{"footnotes":""},"categories":[53],"tags":[],"_links":{"self":[{"href":"https:\/\/www.conselharan.org\/ca\/wp-json\/wp\/v2\/posts\/26814"}],"collection":[{"href":"https:\/\/www.conselharan.org\/ca\/wp-json\/wp\/v2\/posts"}],"about":[{"href":"https:\/\/www.conselharan.org\/ca\/wp-json\/wp\/v2\/types\/post"}],"author":[{"embeddable":true,"href":"https:\/\/www.conselharan.org\/ca\/wp-json\/wp\/v2\/users\/2"}],"replies":[{"embeddable":true,"href":"https:\/\/www.conselharan.org\/ca\/wp-json\/wp\/v2\/comments?post=26814"}],"version-history":[{"count":1,"href":"https:\/\/www.conselharan.org\/ca\/wp-json\/wp\/v2\/posts\/26814\/revisions"}],"predecessor-version":[{"id":26815,"href":"https:\/\/www.conselharan.org\/ca\/wp-json\/wp\/v2\/posts\/26814\/revisions\/26815"}],"wp:featuredmedia":[{"embeddable":true,"href":"https:\/\/www.conselharan.org\/ca\/wp-json\/wp\/v2\/media\/26812"}],"wp:attachment":[{"href":"https:\/\/www.conselharan.org\/ca\/wp-json\/wp\/v2\/media?parent=26814"}],"wp:term":[{"taxonomy":"category","embeddable":true,"href":"https:\/\/www.conselharan.org\/ca\/wp-json\/wp\/v2\/categories?post=26814"},{"taxonomy":"post_tag","embeddable":true,"href":"https:\/\/www.conselharan.org\/ca\/wp-json\/wp\/v2\/tags?post=26814"}],"curies":[{"name":"wp","href":"https:\/\/api.w.org\/{rel}","templated":true}]}}