{"id":26836,"date":"2019-02-21T15:27:00","date_gmt":"2019-02-21T14:27:00","guid":{"rendered":"http:\/\/www.conselharan.org\/?p=26836"},"modified":"2019-02-25T21:52:46","modified_gmt":"2019-02-25T20:52:46","slug":"el-conselh-generau-daran-incrementa-un-15-el-pressupost-del-transport-extraescolar-de-les-escoles-i-lies-de-la-val-daran","status":"publish","type":"post","link":"https:\/\/www.conselharan.org\/ca\/el-conselh-generau-daran-incrementa-un-15-el-pressupost-del-transport-extraescolar-de-les-escoles-i-lies-de-la-val-daran\/","title":{"rendered":"El Conselh Generau d\u2019Aran incrementa un 15% el pressupost del transport extraescolar de les escoles i l\u2019IES de la Val d\u2019Aran"},"content":{"rendered":"<p>Vielha, 21 de febrer de 2019.- La conselh\u00e8ra de Salut e Ben\u00e9ster d\u2019Aran, Anna D\u00edaz, i els directors i directores de les escoles i de l\u2019IES de la Val d\u2019Aran han signat la renovaci\u00f3 dels convenis per al finan\u00e7ament del transport de les activitats extraescolars i de menjador escolar per part del Conselh Generau d\u2019Aran.<\/p>\n<p>La conselh\u00e8ra <strong>Anna D\u00edaz<\/strong>, ha explicat que enguany el Govern d\u2019Aran incrementa en un 15% la dotaci\u00f3 econ\u00f2mica per finan\u00e7ar el transport de les activitats extraescolars dels alumnes de la Val d\u2019Aran. <strong>L\u2019import total destinat en aquests convenis \u00e9s de 30.000\u20ac<\/strong> \u00a0que inclou tamb\u00e9 1.246,50\u20ac per al finan\u00e7ament dels viatges que realitza el CRP (Centre de Recursos Pedag\u00f2gics) a l\u2019Alta Ribagor\u00e7a i als Pallars amb motiu de les exposicions dels TDR (Treballs de recerca) dels alumnes de Batxillerat.<\/p>\n<p><a href=\"http:\/\/www.conselharan.org\/wp-content\/uploads\/2019\/02\/Convenis-transport-extraescolar-2.jpg\"><img loading=\"lazy\" decoding=\"async\" class=\"aligncenter size-large wp-image-26833\" src=\"http:\/\/www.conselharan.org\/wp-content\/uploads\/2019\/02\/Convenis-transport-extraescolar-2-1024x683.jpg\" alt=\"\" width=\"1024\" height=\"683\" srcset=\"https:\/\/www.conselharan.org\/wp-content\/uploads\/2019\/02\/Convenis-transport-extraescolar-2-1024x683.jpg 1024w, https:\/\/www.conselharan.org\/wp-content\/uploads\/2019\/02\/Convenis-transport-extraescolar-2-300x200.jpg 300w, https:\/\/www.conselharan.org\/wp-content\/uploads\/2019\/02\/Convenis-transport-extraescolar-2-768x512.jpg 768w\" sizes=\"(max-width: 1024px) 100vw, 1024px\" \/><\/a><\/p>\n<p>Les escoles Alejandro Casona i Sant R\u00f2c rebran 2.811,75\u20ac cadascuna; Les ZER Val d\u2019Aran rebran 5.060,00\u20ac; i l\u2019Institut d\u2019Aran i l\u2019Escola Garona 8.993,00\u20ac cadascun.<\/p>\n<p>L\u2019increment total del pressupost destinat a aquestes activitats \u00e9s d\u2019un 20%.<\/p>\n<p>D\u2019altra banda tamb\u00e9 s\u2019han signat les renovacions pel curs 2018-2019 dels convenis per al finan\u00e7ament parcial dels serveis de menjadors escolars de les escoles de la Val d\u2019Aran, que tenen per objectiu igualar el preu dels serveis de menjador escolar gestionats per les AMPA a totes les escoles de l\u2019Aran.<\/p>\n<p>En aquest sentit la conselh\u00e8ra Anna D\u00edaz ha manifestat que la voluntat del Gov\u00e8rn d\u2019Aran \u00e9s afavorir l\u2019exist\u00e8ncia de les petites escoles en tots els municipis de la Val d\u2019Aran i mantenir el servei de menjador escolar i la cura dels nens durant l\u2019horari interlectiu de migdia per contribuir a la conciliaci\u00f3 laboral de les fam\u00edlies, afegint que, l\u2019objectiu d\u2019aquests convenis \u00e9s intentar igualar a totes les escoles de la Val d\u2019Aran el preu del servei del menjador escolar el cost del qual suporten directament les fam\u00edlies.<\/p>\n<p>&nbsp;<\/p>\n<p>&nbsp;<\/p>\n ","protected":false},"excerpt":{"rendered":"<p>Vielha, 21 de febrer de 2019.- La conselh\u00e8ra de Salut e Ben\u00e9ster d\u2019Aran, Anna D\u00edaz, i els directors i directores de les escoles i de l\u2019IES de la Val d\u2019Aran han signat la renovaci\u00f3 dels convenis per al finan\u00e7ament del transport de les activitats extraescolars i de menjador escolar per part del Conselh Generau d\u2019Aran&#8230;.<\/p>\n","protected":false},"author":2,"featured_media":26834,"comment_status":"closed","ping_status":"closed","sticky":false,"template":"","format":"standard","meta":{"footnotes":""},"categories":[53],"tags":[],"_links":{"self":[{"href":"https:\/\/www.conselharan.org\/ca\/wp-json\/wp\/v2\/posts\/26836"}],"collection":[{"href":"https:\/\/www.conselharan.org\/ca\/wp-json\/wp\/v2\/posts"}],"about":[{"href":"https:\/\/www.conselharan.org\/ca\/wp-json\/wp\/v2\/types\/post"}],"author":[{"embeddable":true,"href":"https:\/\/www.conselharan.org\/ca\/wp-json\/wp\/v2\/users\/2"}],"replies":[{"embeddable":true,"href":"https:\/\/www.conselharan.org\/ca\/wp-json\/wp\/v2\/comments?post=26836"}],"version-history":[{"count":1,"href":"https:\/\/www.conselharan.org\/ca\/wp-json\/wp\/v2\/posts\/26836\/revisions"}],"predecessor-version":[{"id":26837,"href":"https:\/\/www.conselharan.org\/ca\/wp-json\/wp\/v2\/posts\/26836\/revisions\/26837"}],"wp:featuredmedia":[{"embeddable":true,"href":"https:\/\/www.conselharan.org\/ca\/wp-json\/wp\/v2\/media\/26834"}],"wp:attachment":[{"href":"https:\/\/www.conselharan.org\/ca\/wp-json\/wp\/v2\/media?parent=26836"}],"wp:term":[{"taxonomy":"category","embeddable":true,"href":"https:\/\/www.conselharan.org\/ca\/wp-json\/wp\/v2\/categories?post=26836"},{"taxonomy":"post_tag","embeddable":true,"href":"https:\/\/www.conselharan.org\/ca\/wp-json\/wp\/v2\/tags?post=26836"}],"curies":[{"name":"wp","href":"https:\/\/api.w.org\/{rel}","templated":true}]}}