{"id":26868,"date":"2019-02-22T15:57:06","date_gmt":"2019-02-22T14:57:06","guid":{"rendered":"http:\/\/www.conselharan.org\/?p=26868"},"modified":"2019-02-22T15:57:06","modified_gmt":"2019-02-22T14:57:06","slug":"presenten-el-video-compartirxaprendre-sobre-lallau-del-tuc-de-la-llanca","status":"publish","type":"post","link":"https:\/\/www.conselharan.org\/ca\/presenten-el-video-compartirxaprendre-sobre-lallau-del-tuc-de-la-llanca\/","title":{"rendered":"Presenten el video \u201cCompartirXAprendre\u201d sobre l\u2019allau del Tuc de la Llan\u00e7a"},"content":{"rendered":"<p>Vielha, 22 de febrer de 2019.- La sala Era Audiovisuau de Vielha es va omplir de gom a gom per assistir a la projecci\u00f3 de la pel\u00b7l\u00edcula <strong>\u201cCompartirXAprendre<\/strong>\u201d, un v\u00eddeo sobre l\u2019experi\u00e8ncia de l\u2019allau del Tuc de la Llan\u00e7a (2.658 m) del passat 6 de febrer en el que tres esquiadors es van veure sorpresos quan practicaven esqu\u00ed forapista.<\/p>\n<p>La pel\u00b7l\u00edcula realitzada pel guia de muntanya <strong>Roger Martorell<\/strong> amb la col\u00b7laboraci\u00f3 dels <strong>t\u00e8cnics del Centre de Predicci\u00f3 de Lauegi del Conselh Generau d\u2019Aran<\/strong>, amb la narraci\u00f3 en primera persona d\u2019un dels esquiadors afectats per l\u2019allau, reflecteix la situaci\u00f3 que van viure els tres esquiadors en ser sorpresos pel desencadenament de la neu.<\/p>\n<p><a href=\"http:\/\/www.conselharan.org\/wp-content\/uploads\/2019\/02\/Compartir-per-aprendre-5.jpg\"><img loading=\"lazy\" decoding=\"async\" class=\"aligncenter size-large wp-image-26858\" src=\"http:\/\/www.conselharan.org\/wp-content\/uploads\/2019\/02\/Compartir-per-aprendre-5-1024x683.jpg\" alt=\"\" width=\"1024\" height=\"683\" srcset=\"https:\/\/www.conselharan.org\/wp-content\/uploads\/2019\/02\/Compartir-per-aprendre-5-1024x683.jpg 1024w, https:\/\/www.conselharan.org\/wp-content\/uploads\/2019\/02\/Compartir-per-aprendre-5-300x200.jpg 300w, https:\/\/www.conselharan.org\/wp-content\/uploads\/2019\/02\/Compartir-per-aprendre-5-768x512.jpg 768w\" sizes=\"(max-width: 1024px) 100vw, 1024px\" \/><\/a><\/p>\n<p>Les angoixants imatges reflecteixen com en un primer moment dos dels esquiadors aconsegueixen sobreposar-se a l\u2019allau, tot i que queden semienterrats, i comencen la recerca del tercer esquiador sepultat per la neu i localitzat mitjan\u00e7ant ARVA (Appareil de Recherche de Victimes d\u00b4Avalanches) i la r\u00e0pida intervenci\u00f3 dels companys amb la sonda i la pala fins a l\u2019arribada del <strong>GRM (Grup de Rescat de Muntanya) dels Pompi\u00e8rs d\u2019Aran<\/strong> que procedeixen al rescat i evacuaci\u00f3 amb helic\u00f2pter de les v\u00edctimes.<\/p>\n<p>El GRM dels Pompi\u00e8rs d\u2019Aran va ser avisat en el mateix moment de l\u2019allau pel guia de muntanya que es va mantenir en tot moment en contacte amb els t\u00e8cnics del Centre de Predicci\u00f3 de Lauegi del Conselh Generau d\u2019Aran i amb l\u2019equip de rescat. Finalment els esquiadors van ser evacuats en helic\u00f2pter a l\u2019Hospital de la Val d\u2019Aran els dos primers i el tercer derivat en helic\u00f2pter medicalitzat a l\u2019Hospital Arnau de Vilanova de Lleida on va quedar ingressat i donat d\u2019alta els dies posteriors.<\/p>\n<p>La projecci\u00f3 de la pel\u00b7l\u00edcula va comptar amb la pres\u00e8ncia dels t\u00e8cnics del Centre de Predicci\u00f3 de Lauegi del Conselh Generau d\u2019Aran, el guia de muntanya Roger Martorell i dos dels esquiadors afectats per l\u2019allau, acompanyats entre d\u2019altres pel conseller de Territori d\u2019Aran, Jos\u00e9 Antonio Boya. Despr\u00e8s de la projecci\u00f3 del v\u00eddeo va tenir lloc un interessant col\u00b7loqui amb la participaci\u00f3 del p\u00fablic assistent sobre les diferents situacions i la manera d\u2019actuar davant d\u2019una allau a la muntanya i de la import\u00e0ncia de consultar el butllet\u00ed de previsi\u00f3 d\u2019allaus que cada dia emet el Centre de Lauegi i la preparaci\u00f3 de les sortides aix\u00ed com les precaucions que no es poden oblidar.<\/p>\n<p><a href=\"http:\/\/www.conselharan.org\/wp-content\/uploads\/2019\/02\/Compartir-per-aprendre-1.jpg\"><img loading=\"lazy\" decoding=\"async\" class=\"aligncenter size-large wp-image-26859\" src=\"http:\/\/www.conselharan.org\/wp-content\/uploads\/2019\/02\/Compartir-per-aprendre-1-1024x683.jpg\" alt=\"\" width=\"1024\" height=\"683\" srcset=\"https:\/\/www.conselharan.org\/wp-content\/uploads\/2019\/02\/Compartir-per-aprendre-1-1024x683.jpg 1024w, https:\/\/www.conselharan.org\/wp-content\/uploads\/2019\/02\/Compartir-per-aprendre-1-300x200.jpg 300w, https:\/\/www.conselharan.org\/wp-content\/uploads\/2019\/02\/Compartir-per-aprendre-1-768x512.jpg 768w\" sizes=\"(max-width: 1024px) 100vw, 1024px\" \/><\/a><\/p>\n<p>En aquest sentit el conseller de Territori, <strong>Jos\u00e9 Antonio Boya<\/strong>, va destacar la r\u00e0pida actuaci\u00f3 dels Serveis de Pompi\u00e8rs i Emerg\u00e8ncies de la Val d\u2019Aran que en pocs minuts, encara que en el visionat de la pel\u00b7l\u00edcula es fan eterns, va dir, van poder efectuar el rescat dels esquiadors gr\u00e0cies a la seva formaci\u00f3 i experi\u00e8ncia en rescats de muntanya.<\/p>\n<p>El v\u00eddeo complet de \u201cCompartirXAprendre\u201d es podr\u00e0 veure a You Tube en els pr\u00f2xims dies tal com van anunciar els autors de la pel\u00b7l\u00edcula.<\/p>\n<p><a href=\"http:\/\/www.conselharan.org\/wp-content\/uploads\/2019\/02\/Compartir-per-aprendre-6.jpg\"><img loading=\"lazy\" decoding=\"async\" class=\"aligncenter size-large wp-image-26860\" src=\"http:\/\/www.conselharan.org\/wp-content\/uploads\/2019\/02\/Compartir-per-aprendre-6-1024x683.jpg\" alt=\"\" width=\"1024\" height=\"683\" srcset=\"https:\/\/www.conselharan.org\/wp-content\/uploads\/2019\/02\/Compartir-per-aprendre-6-1024x683.jpg 1024w, https:\/\/www.conselharan.org\/wp-content\/uploads\/2019\/02\/Compartir-per-aprendre-6-300x200.jpg 300w, https:\/\/www.conselharan.org\/wp-content\/uploads\/2019\/02\/Compartir-per-aprendre-6-768x512.jpg 768w\" sizes=\"(max-width: 1024px) 100vw, 1024px\" \/><\/a><a href=\"http:\/\/www.conselharan.org\/wp-content\/uploads\/2019\/02\/Tuc-Lan\u00e7a-6-2-OK.jpg\"><img loading=\"lazy\" decoding=\"async\" class=\"aligncenter size-large wp-image-26862\" src=\"http:\/\/www.conselharan.org\/wp-content\/uploads\/2019\/02\/Tuc-Lan\u00e7a-6-2-OK-1024x670.jpg\" alt=\"\" width=\"1024\" height=\"670\" srcset=\"https:\/\/www.conselharan.org\/wp-content\/uploads\/2019\/02\/Tuc-Lan\u00e7a-6-2-OK-1024x670.jpg 1024w, https:\/\/www.conselharan.org\/wp-content\/uploads\/2019\/02\/Tuc-Lan\u00e7a-6-2-OK-300x196.jpg 300w, https:\/\/www.conselharan.org\/wp-content\/uploads\/2019\/02\/Tuc-Lan\u00e7a-6-2-OK-768x502.jpg 768w, https:\/\/www.conselharan.org\/wp-content\/uploads\/2019\/02\/Tuc-Lan\u00e7a-6-2-OK.jpg 1575w\" sizes=\"(max-width: 1024px) 100vw, 1024px\" \/><\/a><\/p>\n<p><a href=\"http:\/\/www.conselharan.org\/wp-content\/uploads\/2019\/02\/Tuc-Lan\u00e7a-7.jpg\"><img loading=\"lazy\" decoding=\"async\" class=\"aligncenter size-large wp-image-26863\" src=\"http:\/\/www.conselharan.org\/wp-content\/uploads\/2019\/02\/Tuc-Lan\u00e7a-7-1024x768.jpg\" alt=\"\" width=\"1024\" height=\"768\" srcset=\"https:\/\/www.conselharan.org\/wp-content\/uploads\/2019\/02\/Tuc-Lan\u00e7a-7-1024x768.jpg 1024w, https:\/\/www.conselharan.org\/wp-content\/uploads\/2019\/02\/Tuc-Lan\u00e7a-7-300x225.jpg 300w, https:\/\/www.conselharan.org\/wp-content\/uploads\/2019\/02\/Tuc-Lan\u00e7a-7-768x576.jpg 768w, https:\/\/www.conselharan.org\/wp-content\/uploads\/2019\/02\/Tuc-Lan\u00e7a-7.jpg 1889w\" sizes=\"(max-width: 1024px) 100vw, 1024px\" \/><\/a><\/p>\n<p><a href=\"http:\/\/www.conselharan.org\/wp-content\/uploads\/2019\/02\/Tuc-Lan\u00e7a-8.jpg\"><img loading=\"lazy\" decoding=\"async\" class=\"aligncenter size-large wp-image-26864\" src=\"http:\/\/www.conselharan.org\/wp-content\/uploads\/2019\/02\/Tuc-Lan\u00e7a-8-1024x704.jpg\" alt=\"\" width=\"1024\" height=\"704\" srcset=\"https:\/\/www.conselharan.org\/wp-content\/uploads\/2019\/02\/Tuc-Lan\u00e7a-8-1024x704.jpg 1024w, https:\/\/www.conselharan.org\/wp-content\/uploads\/2019\/02\/Tuc-Lan\u00e7a-8-300x206.jpg 300w, https:\/\/www.conselharan.org\/wp-content\/uploads\/2019\/02\/Tuc-Lan\u00e7a-8-768x528.jpg 768w, https:\/\/www.conselharan.org\/wp-content\/uploads\/2019\/02\/Tuc-Lan\u00e7a-8.jpg 1993w\" sizes=\"(max-width: 1024px) 100vw, 1024px\" \/><\/a><\/p>\n<p><a href=\"http:\/\/www.conselharan.org\/wp-content\/uploads\/2019\/02\/Tuc-Lan\u00e7a-9.jpg\"><img loading=\"lazy\" decoding=\"async\" class=\"aligncenter size-large wp-image-26865\" src=\"http:\/\/www.conselharan.org\/wp-content\/uploads\/2019\/02\/Tuc-Lan\u00e7a-9-1024x768.jpg\" alt=\"\" width=\"1024\" height=\"768\" srcset=\"https:\/\/www.conselharan.org\/wp-content\/uploads\/2019\/02\/Tuc-Lan\u00e7a-9-1024x768.jpg 1024w, https:\/\/www.conselharan.org\/wp-content\/uploads\/2019\/02\/Tuc-Lan\u00e7a-9-300x225.jpg 300w, https:\/\/www.conselharan.org\/wp-content\/uploads\/2019\/02\/Tuc-Lan\u00e7a-9-768x576.jpg 768w, https:\/\/www.conselharan.org\/wp-content\/uploads\/2019\/02\/Tuc-Lan\u00e7a-9.jpg 2016w\" sizes=\"(max-width: 1024px) 100vw, 1024px\" \/><\/a><\/p>\n<p>&nbsp;<\/p>\n ","protected":false},"excerpt":{"rendered":"<p>Vielha, 22 de febrer de 2019.- La sala Era Audiovisuau de Vielha es va omplir de gom a gom per assistir a la projecci\u00f3 de la pel\u00b7l\u00edcula \u201cCompartirXAprendre\u201d, un v\u00eddeo sobre l\u2019experi\u00e8ncia de l\u2019allau del Tuc de la Llan\u00e7a (2.658 m) del passat 6 de febrer en el que tres esquiadors es van veure sorpresos&#8230;<\/p>\n","protected":false},"author":2,"featured_media":26866,"comment_status":"closed","ping_status":"closed","sticky":false,"template":"","format":"standard","meta":{"footnotes":""},"categories":[33],"tags":[],"_links":{"self":[{"href":"https:\/\/www.conselharan.org\/ca\/wp-json\/wp\/v2\/posts\/26868"}],"collection":[{"href":"https:\/\/www.conselharan.org\/ca\/wp-json\/wp\/v2\/posts"}],"about":[{"href":"https:\/\/www.conselharan.org\/ca\/wp-json\/wp\/v2\/types\/post"}],"author":[{"embeddable":true,"href":"https:\/\/www.conselharan.org\/ca\/wp-json\/wp\/v2\/users\/2"}],"replies":[{"embeddable":true,"href":"https:\/\/www.conselharan.org\/ca\/wp-json\/wp\/v2\/comments?post=26868"}],"version-history":[{"count":1,"href":"https:\/\/www.conselharan.org\/ca\/wp-json\/wp\/v2\/posts\/26868\/revisions"}],"predecessor-version":[{"id":26869,"href":"https:\/\/www.conselharan.org\/ca\/wp-json\/wp\/v2\/posts\/26868\/revisions\/26869"}],"wp:featuredmedia":[{"embeddable":true,"href":"https:\/\/www.conselharan.org\/ca\/wp-json\/wp\/v2\/media\/26866"}],"wp:attachment":[{"href":"https:\/\/www.conselharan.org\/ca\/wp-json\/wp\/v2\/media?parent=26868"}],"wp:term":[{"taxonomy":"category","embeddable":true,"href":"https:\/\/www.conselharan.org\/ca\/wp-json\/wp\/v2\/categories?post=26868"},{"taxonomy":"post_tag","embeddable":true,"href":"https:\/\/www.conselharan.org\/ca\/wp-json\/wp\/v2\/tags?post=26868"}],"curies":[{"name":"wp","href":"https:\/\/api.w.org\/{rel}","templated":true}]}}