{"id":27026,"date":"2019-03-01T15:59:54","date_gmt":"2019-03-01T14:59:54","guid":{"rendered":"http:\/\/www.conselharan.org\/?p=27026"},"modified":"2019-03-01T15:59:54","modified_gmt":"2019-03-01T14:59:54","slug":"el-sindic-daran-carlos-barrera-i-la-consellera-de-turisme-anna-diaz-al-programa-ara-lleida-tour-des-de-la-val-daran","status":"publish","type":"post","link":"https:\/\/www.conselharan.org\/ca\/el-sindic-daran-carlos-barrera-i-la-consellera-de-turisme-anna-diaz-al-programa-ara-lleida-tour-des-de-la-val-daran\/","title":{"rendered":"El sindic d\u2019Aran Carlos Barrera i la consellera de Turisme Anna D\u00edaz al programa Ara Lleida Tour des de la Val d\u2019Aran"},"content":{"rendered":"<p>Vielha, 1 de mar\u00e7 de 2019.- El sindic d\u2019Aran <strong>Carlos Barrera<\/strong> i la consellera de Turisme d\u2019Aran, <strong>Anna D\u00edaz<\/strong>, participen al programa Ara Lleida Tour de Lleida TV que aquest cap de setmana te com a protagonista la Val d\u2019Aran.<\/p>\n<p>Ara Lleida Tour \u00e9s un programa setmanal conduit per <strong>Joan Cama<\/strong>, amb reportatges de <strong>Rut Cam\u00ed<\/strong> i <strong>Aleix Berg\u00e9s<\/strong>. L&#8217;espai, realitzat amb la col\u00b7laboraci\u00f3 del Patronat de Turisme de la Diputaci\u00f3 de Lleida, es pot veure a trav\u00e9s de les televisions de la Xarxa Audiovisual Local. El programa compta amb un plat\u00f3 itinerant i reportatges sobre la riquesa patrimonial, cultural, hist\u00f2rica, gastron\u00f2mica i d&#8217;allotjament de la Val d\u2019Aran.<\/p>\n<p><a href=\"http:\/\/www.conselharan.org\/wp-content\/uploads\/2019\/03\/Ara-Lleida-Tour-2.jpg\"><img loading=\"lazy\" decoding=\"async\" class=\"aligncenter size-large wp-image-27023\" src=\"http:\/\/www.conselharan.org\/wp-content\/uploads\/2019\/03\/Ara-Lleida-Tour-2-1024x768.jpg\" alt=\"\" width=\"1024\" height=\"768\" srcset=\"https:\/\/www.conselharan.org\/wp-content\/uploads\/2019\/03\/Ara-Lleida-Tour-2-1024x768.jpg 1024w, https:\/\/www.conselharan.org\/wp-content\/uploads\/2019\/03\/Ara-Lleida-Tour-2-300x225.jpg 300w, https:\/\/www.conselharan.org\/wp-content\/uploads\/2019\/03\/Ara-Lleida-Tour-2-768x576.jpg 768w, https:\/\/www.conselharan.org\/wp-content\/uploads\/2019\/03\/Ara-Lleida-Tour-2.jpg 2016w\" sizes=\"(max-width: 1024px) 100vw, 1024px\" \/><\/a><\/p>\n<p>En l\u2019edici\u00f3 d\u2019aquest dissabte el sindic d\u2019Aran Carlos Barrera i la consellera de Turisme d\u2019Aran, Anna D\u00edaz, parlen des de la <strong>pla\u00e7a de l\u2019esgl\u00e9sia de Vilac<\/strong> sobre l\u2019oferta tur\u00edstica, gastron\u00f2mica i cultural de la Val d\u2019Aran de la que destaca tamb\u00e9 la celebraci\u00f3 de la tercera cita del circuit de Copa del M\u00f3n FIS d\u2019snowboard cross (SBX) aquest cap de setmana a l\u2019estaci\u00f3 de Baqueira Beret i el projecte de reconeixement de la Val d\u2019Aran com \u00a0Patrimoni de la Humanitat per la UNESCO en el que treballa el Conselh Generau d\u2019Aran.<\/p>\n<p>El programa Ara Lleida Tour s\u2019emet des de <strong>Bagergue<\/strong> que ha estat reconegut recentment com un dels pobles m\u00e9s bonics d\u2019Espanya.<\/p>\n<p>Ara Lleida Tour es pot veure el dissabte 2 de mar\u00e7 a les 22.30h i el diumenge dia 3 a les 14.30h a Lleida TV.<\/p>\n<p><a href=\"http:\/\/www.conselharan.org\/wp-content\/uploads\/2019\/03\/Ara-Lleida-Tour-1.jpg\"><img loading=\"lazy\" decoding=\"async\" class=\"aligncenter size-large wp-image-27024\" src=\"http:\/\/www.conselharan.org\/wp-content\/uploads\/2019\/03\/Ara-Lleida-Tour-1-1024x768.jpg\" alt=\"\" width=\"1024\" height=\"768\" srcset=\"https:\/\/www.conselharan.org\/wp-content\/uploads\/2019\/03\/Ara-Lleida-Tour-1-1024x768.jpg 1024w, https:\/\/www.conselharan.org\/wp-content\/uploads\/2019\/03\/Ara-Lleida-Tour-1-300x225.jpg 300w, https:\/\/www.conselharan.org\/wp-content\/uploads\/2019\/03\/Ara-Lleida-Tour-1-768x576.jpg 768w, https:\/\/www.conselharan.org\/wp-content\/uploads\/2019\/03\/Ara-Lleida-Tour-1.jpg 2016w\" sizes=\"(max-width: 1024px) 100vw, 1024px\" \/><\/a><\/p>\n<p>&nbsp;<\/p>\n<p>&nbsp;<\/p>\n ","protected":false},"excerpt":{"rendered":"<p>Vielha, 1 de mar\u00e7 de 2019.- El sindic d\u2019Aran Carlos Barrera i la consellera de Turisme d\u2019Aran, Anna D\u00edaz, participen al programa Ara Lleida Tour de Lleida TV que aquest cap de setmana te com a protagonista la Val d\u2019Aran. Ara Lleida Tour \u00e9s un programa setmanal conduit per Joan Cama, amb reportatges de Rut&#8230;<\/p>\n","protected":false},"author":2,"featured_media":27023,"comment_status":"closed","ping_status":"closed","sticky":false,"template":"","format":"standard","meta":{"footnotes":""},"categories":[53],"tags":[],"_links":{"self":[{"href":"https:\/\/www.conselharan.org\/ca\/wp-json\/wp\/v2\/posts\/27026"}],"collection":[{"href":"https:\/\/www.conselharan.org\/ca\/wp-json\/wp\/v2\/posts"}],"about":[{"href":"https:\/\/www.conselharan.org\/ca\/wp-json\/wp\/v2\/types\/post"}],"author":[{"embeddable":true,"href":"https:\/\/www.conselharan.org\/ca\/wp-json\/wp\/v2\/users\/2"}],"replies":[{"embeddable":true,"href":"https:\/\/www.conselharan.org\/ca\/wp-json\/wp\/v2\/comments?post=27026"}],"version-history":[{"count":1,"href":"https:\/\/www.conselharan.org\/ca\/wp-json\/wp\/v2\/posts\/27026\/revisions"}],"predecessor-version":[{"id":27027,"href":"https:\/\/www.conselharan.org\/ca\/wp-json\/wp\/v2\/posts\/27026\/revisions\/27027"}],"wp:featuredmedia":[{"embeddable":true,"href":"https:\/\/www.conselharan.org\/ca\/wp-json\/wp\/v2\/media\/27023"}],"wp:attachment":[{"href":"https:\/\/www.conselharan.org\/ca\/wp-json\/wp\/v2\/media?parent=27026"}],"wp:term":[{"taxonomy":"category","embeddable":true,"href":"https:\/\/www.conselharan.org\/ca\/wp-json\/wp\/v2\/categories?post=27026"},{"taxonomy":"post_tag","embeddable":true,"href":"https:\/\/www.conselharan.org\/ca\/wp-json\/wp\/v2\/tags?post=27026"}],"curies":[{"name":"wp","href":"https:\/\/api.w.org\/{rel}","templated":true}]}}