{"id":27037,"date":"2019-03-01T19:41:28","date_gmt":"2019-03-01T18:41:28","guid":{"rendered":"http:\/\/www.conselharan.org\/?p=27037"},"modified":"2019-03-01T19:41:28","modified_gmt":"2019-03-01T18:41:28","slug":"lucas-eguibar-guanya-la-classificatoria-de-la-copa-del-mon-de-snowboard-cross-fis-de-baqueira-beret","status":"publish","type":"post","link":"https:\/\/www.conselharan.org\/ca\/lucas-eguibar-guanya-la-classificatoria-de-la-copa-del-mon-de-snowboard-cross-fis-de-baqueira-beret\/","title":{"rendered":"Lucas Eguibar guanya la classificat\u00f2ria de la Copa del M\u00f3n de snowboard cross FIS de Baqueira Beret"},"content":{"rendered":"<p>Vielha, 1 de mar\u00e7 de 2019.- <strong>Lucas Eguibar<\/strong> rider de la Real Federaci\u00f3n Espa\u00f1ola Deportes de Invierno (RFEDI), t\u00e9 possibilitats d&#8217;entrar en el podi de la Copa del M\u00f3n de Baqueira Beret, ja que en la classificat\u00f2ria de divendres ha registrat el millor temps, amb 53,44 segons. En segon lloc s&#8217;ha ficat a la final de dissabte l&#8217;austr\u00edac <strong>Alessandro Haemmerle<\/strong> (53,63), seguit de l&#8217;itali\u00e0 <strong>Lorenzo Sommariva<\/strong> (53,89). El medallista ol\u00edmpic espanyol de la RFEDI <strong>Regino Hern\u00e1ndez<\/strong> s\u2019ha classificat en vuitena posici\u00f3 amb un temps de 54,39. Despr\u00e9s de finalitzar la baixada guanyadora, Eguibar s&#8217;ha mostrat molt satisfet amb el resultat de les classificat\u00f2ries.<\/p>\n<p><a href=\"http:\/\/www.conselharan.org\/wp-content\/uploads\/2019\/03\/Lucas-Eguibar-Fototur-1.jpg\"><img loading=\"lazy\" decoding=\"async\" class=\"aligncenter size-large wp-image-27032\" src=\"http:\/\/www.conselharan.org\/wp-content\/uploads\/2019\/03\/Lucas-Eguibar-Fototur-1-1024x683.jpg\" alt=\"\" width=\"1024\" height=\"683\" srcset=\"https:\/\/www.conselharan.org\/wp-content\/uploads\/2019\/03\/Lucas-Eguibar-Fototur-1-1024x683.jpg 1024w, https:\/\/www.conselharan.org\/wp-content\/uploads\/2019\/03\/Lucas-Eguibar-Fototur-1-300x200.jpg 300w, https:\/\/www.conselharan.org\/wp-content\/uploads\/2019\/03\/Lucas-Eguibar-Fototur-1-768x512.jpg 768w\" sizes=\"(max-width: 1024px) 100vw, 1024px\" \/><\/a><\/p>\n<p>La txeca <strong>Eva Samkova<\/strong> ha estat la rider m\u00e9s r\u00e0pida en les classificat\u00f2ries de divendres, amb un crono de 56,60 segons. La segona millor classificada ha estat la italiana <strong>Francesca Gallina<\/strong> amb un temps de 56,80 i tercera ha resultat la nord-americana <strong>Lindsey Jacobellis<\/strong> (56,81), rider que a dia d&#8217;avui ocupa el primer lloc de la general.<\/p>\n<p>Amb unes condicions meteorol\u00f2giques molt bones, divendres 1 de mar\u00e7, l&#8217;estaci\u00f3 de Baqueira Beret ha estat l&#8217;escenari de les proves classificat\u00f2ries de la Copa del M\u00f3n de snowboard cross, esdeveniment patrocinat per Movistar i Seguros Catalana Occidente. 91 esportistes (56 homes i 35 dones), els millors del m\u00f3n, han donat el millor d\u2019ells mateixos per entrar a la final, que es disputar\u00e0 dissabte 2 de mar\u00e7. Les proves classificat\u00f2ries femenines s&#8217;han iniciat a les 11.15 h i les masculines, a les 13.15 h.<\/p>\n<p>A la final de dissabte competiran 16 dones i 32 homes. En el cas de les dones les 8 primeres s&#8217;han classificat directament a la final i en el cas dels homes han estat els 16 primers. La resta de classificats per concretar els quadres s\u2019ha decidit en una espectacular segona m\u00e0nega de tot o res.<\/p>\n<p>Dissabte 2 de mar\u00e7 a partir del migdia, competiran els 32 riders de la categoria masculina i les 16 corredores de la categoria femenina, classificats divendres. Els riders disputaran la seva primera ronda en vuitens de final. Els corredors baixaran en grups de 4 i els dos primers de cada m\u00e0nega passaran a la seg\u00fcent eliminat\u00f2ria (vuit de final, quarts de final, semifinals i finals) fins arribar a la gran final (big final) i la final de consolaci\u00f3 (small final) per decidir els llocs del 1\u00e8 al 8\u00e8.<\/p>\n<p><a href=\"http:\/\/www.conselharan.org\/wp-content\/uploads\/2019\/03\/Lucas-Eguibar-Fototur-2.jpg\"><img loading=\"lazy\" decoding=\"async\" class=\"aligncenter size-large wp-image-27033\" src=\"http:\/\/www.conselharan.org\/wp-content\/uploads\/2019\/03\/Lucas-Eguibar-Fototur-2-1024x683.jpg\" alt=\"\" width=\"1024\" height=\"683\" srcset=\"https:\/\/www.conselharan.org\/wp-content\/uploads\/2019\/03\/Lucas-Eguibar-Fototur-2-1024x683.jpg 1024w, https:\/\/www.conselharan.org\/wp-content\/uploads\/2019\/03\/Lucas-Eguibar-Fototur-2-300x200.jpg 300w, https:\/\/www.conselharan.org\/wp-content\/uploads\/2019\/03\/Lucas-Eguibar-Fototur-2-768x512.jpg 768w\" sizes=\"(max-width: 1024px) 100vw, 1024px\" \/><\/a><\/p>\n<p>En total, 91 snowboarders s\u2019han despla\u00e7at a Baqueira Beret (56 homes i 35 dones) provinents de 17 pa\u00efsos: Alemanya (7), Andorra (1), Argentina (1), Austr\u00e0lia (6), \u00c0ustria (9), Canad\u00e0 ( 9), Espanya (2), Estats Units (16), Fran\u00e7a (9), Finl\u00e0ndia (1), It\u00e0lia (11), Jap\u00f3 (2), Pa\u00efsos Baixos (1), Pol\u00f2nia (1), Gran Bretanya (2) , Rep\u00fablica Txeca (4) i Su\u00efssa (9).<\/p>\n<p>La Copa del M\u00f3n SBX a la Val d\u2019Aran compta amb el suport d\u2019institucions esportives com el Consell Catal\u00e0 de l\u2019Esport (CCE), juntament amb la RFEDI (Real Federaci\u00f3n Espa\u00f1ola de Deportes de Invierno) i la col\u00b7laboraci\u00f3 de les institucions locals com el Conselh Generau d\u2019Aran, l\u2019ajuntament de Naut Aran i la Diputaci\u00f3 de Lleida. Tamb\u00e9 cal recordar la vinculaci\u00f3 dels clubs aranesos d\u2019esqu\u00ed i de l\u2019Associaci\u00f3 Volentaris d\u2019Aran.<\/p>\n<p><strong>Programa de la final de la Copa del M\u00f3n SBX<\/strong><\/p>\n<p><strong>Dissabte 2 de mar\u00e7:<\/strong><\/p>\n<p>12:15 \u2013 13:00 h: Entrenament.<\/p>\n<p>13:30 \u2013 14:50 h: Finals SBX (vuitens, quarts, semifinals i final).<\/p>\n<p>15:00 \u2013 18:00 h: Festa amb DJ Serx Einheri en el village.<\/p>\n<p><a href=\"http:\/\/www.conselharan.org\/wp-content\/uploads\/2019\/03\/Lucas-Eguibar-Fototur-3.jpg\"><img loading=\"lazy\" decoding=\"async\" class=\"aligncenter size-large wp-image-27034\" src=\"http:\/\/www.conselharan.org\/wp-content\/uploads\/2019\/03\/Lucas-Eguibar-Fototur-3-1024x683.jpg\" alt=\"\" width=\"1024\" height=\"683\" srcset=\"https:\/\/www.conselharan.org\/wp-content\/uploads\/2019\/03\/Lucas-Eguibar-Fototur-3-1024x683.jpg 1024w, https:\/\/www.conselharan.org\/wp-content\/uploads\/2019\/03\/Lucas-Eguibar-Fototur-3-300x200.jpg 300w, https:\/\/www.conselharan.org\/wp-content\/uploads\/2019\/03\/Lucas-Eguibar-Fototur-3-768x512.jpg 768w\" sizes=\"(max-width: 1024px) 100vw, 1024px\" \/><\/a><\/p>\n<p><a href=\"http:\/\/www.conselharan.org\/wp-content\/uploads\/2019\/03\/Lucas-Eguibar-Fototur-4.jpg\"><img loading=\"lazy\" decoding=\"async\" class=\"aligncenter size-large wp-image-27035\" src=\"http:\/\/www.conselharan.org\/wp-content\/uploads\/2019\/03\/Lucas-Eguibar-Fototur-4-1024x683.jpg\" alt=\"\" width=\"1024\" height=\"683\" srcset=\"https:\/\/www.conselharan.org\/wp-content\/uploads\/2019\/03\/Lucas-Eguibar-Fototur-4-1024x683.jpg 1024w, https:\/\/www.conselharan.org\/wp-content\/uploads\/2019\/03\/Lucas-Eguibar-Fototur-4-300x200.jpg 300w, https:\/\/www.conselharan.org\/wp-content\/uploads\/2019\/03\/Lucas-Eguibar-Fototur-4-768x512.jpg 768w\" sizes=\"(max-width: 1024px) 100vw, 1024px\" \/><\/a><\/p>\n<p>&nbsp;<\/p>\n<p>Info: Baqueira Media<\/p>\n<p>Fotos: Fototur<\/p>\n<p>&nbsp;<\/p>\n<p>&nbsp;<\/p>\n<p>&nbsp;<\/p>\n<p>&nbsp;<\/p>\n<p>&nbsp;<\/p>\n<p>&nbsp;<\/p>\n<p>&nbsp;<\/p>\n<p>&nbsp;<\/p>\n ","protected":false},"excerpt":{"rendered":"<p>Vielha, 1 de mar\u00e7 de 2019.- Lucas Eguibar rider de la Real Federaci\u00f3n Espa\u00f1ola Deportes de Invierno (RFEDI), t\u00e9 possibilitats d&#8217;entrar en el podi de la Copa del M\u00f3n de Baqueira Beret, ja que en la classificat\u00f2ria de divendres ha registrat el millor temps, amb 53,44 segons. En segon lloc s&#8217;ha ficat a la final&#8230;<\/p>\n","protected":false},"author":2,"featured_media":27033,"comment_status":"closed","ping_status":"closed","sticky":false,"template":"","format":"standard","meta":{"footnotes":""},"categories":[136],"tags":[],"_links":{"self":[{"href":"https:\/\/www.conselharan.org\/ca\/wp-json\/wp\/v2\/posts\/27037"}],"collection":[{"href":"https:\/\/www.conselharan.org\/ca\/wp-json\/wp\/v2\/posts"}],"about":[{"href":"https:\/\/www.conselharan.org\/ca\/wp-json\/wp\/v2\/types\/post"}],"author":[{"embeddable":true,"href":"https:\/\/www.conselharan.org\/ca\/wp-json\/wp\/v2\/users\/2"}],"replies":[{"embeddable":true,"href":"https:\/\/www.conselharan.org\/ca\/wp-json\/wp\/v2\/comments?post=27037"}],"version-history":[{"count":1,"href":"https:\/\/www.conselharan.org\/ca\/wp-json\/wp\/v2\/posts\/27037\/revisions"}],"predecessor-version":[{"id":27038,"href":"https:\/\/www.conselharan.org\/ca\/wp-json\/wp\/v2\/posts\/27037\/revisions\/27038"}],"wp:featuredmedia":[{"embeddable":true,"href":"https:\/\/www.conselharan.org\/ca\/wp-json\/wp\/v2\/media\/27033"}],"wp:attachment":[{"href":"https:\/\/www.conselharan.org\/ca\/wp-json\/wp\/v2\/media?parent=27037"}],"wp:term":[{"taxonomy":"category","embeddable":true,"href":"https:\/\/www.conselharan.org\/ca\/wp-json\/wp\/v2\/categories?post=27037"},{"taxonomy":"post_tag","embeddable":true,"href":"https:\/\/www.conselharan.org\/ca\/wp-json\/wp\/v2\/tags?post=27037"}],"curies":[{"name":"wp","href":"https:\/\/api.w.org\/{rel}","templated":true}]}}