{"id":27069,"date":"2019-03-03T03:08:19","date_gmt":"2019-03-03T02:08:19","guid":{"rendered":"http:\/\/www.conselharan.org\/?p=27069"},"modified":"2019-03-05T10:28:26","modified_gmt":"2019-03-05T09:28:26","slug":"baqueira-beret-ha-acollit-una-apassionant-final-de-la-copa-del-mon-de-snowboard-cross-amb-les-victories-de-la-txeca-eva-samkova-i-laustriac-alessandro-haemmerle","status":"publish","type":"post","link":"https:\/\/www.conselharan.org\/ca\/baqueira-beret-ha-acollit-una-apassionant-final-de-la-copa-del-mon-de-snowboard-cross-amb-les-victories-de-la-txeca-eva-samkova-i-laustriac-alessandro-haemmerle\/","title":{"rendered":"Baqueira Beret ha acollit una apassionant final de la Copa del M\u00f3n de snowboard cross amb les vict\u00f2ries de la txeca Eva Samkova i l&#8217;austr\u00edac Alessandro Haemmerle"},"content":{"rendered":"<p><strong>Unes 3000 persones han passat per la zona de Beret per animar els esportistes durant aquesta final de Copa del M\u00f3n a la Val d\u2019Aran<\/strong><\/p>\n<p><strong>Els productes tradicionals de la Val d&#8217;Aran com l\u2019Olla Aranesa tamb\u00e9 han estat protagonistes al Village de la zona de Blanhiblar<\/strong><\/p>\n<p>Vielha, 2 de mar\u00e7 de 2019.- Les finals del dissabte 2 de mar\u00e7 han tancat dues magn\u00edfiques jornades en qu\u00e8 s&#8217;ha disputat la <strong>Copa del M\u00f3n de snowboard cross FIS a Baqueira Beret.<\/strong> L&#8217;estaci\u00f3 aranesa que ja va acollir aquesta prova l\u2019any 2016 ha estat testimoni del millor espectacle sobre una taula de snowboard.<\/p>\n<p>En la competici\u00f3 femenina, la primera pla\u00e7a ha estat per la txeca <strong>Eva Samkova<\/strong>, de 25 anys, que ha liderat totes les baixades en qu\u00e8 ha participat. Gr\u00e0cies a aquest bon resultat, puja un primer lloc en la classificaci\u00f3 general amb 3.400 punts, la mateixa puntuaci\u00f3 que obt\u00e9 la nord-americana <strong>Lindsey Jacobellis<\/strong> de 33 anys que ha quedat en tercera posici\u00f3 al podi de Beret. Aix\u00ed les coses, les dues riders ocupen la primera posici\u00f3 del r\u00e0nquing. Despr\u00e9s del lliurament de premis, Samkova ha confessat estar &#8220;molt feli\u00e7, la cursa ha estat molt divertida amb un gran tra\u00e7at i crec que tothom s&#8217;ho ha passat d&#8217;all\u00f2 m\u00e9s b\u00e9. Tot ha anat sobre rodes, una gran organitzaci\u00f3 i ha estat un gran dia&#8221;. Tamb\u00e9 ha esmentat &#8220;que \u00e9s molt emocionant per a mi que en el primer lloc hi hagi un empat de punts en la classificaci\u00f3 de la Copa del M\u00f3n de SBX&#8221;.<\/p>\n<p><a href=\"http:\/\/www.conselharan.org\/wp-content\/uploads\/2019\/03\/SBX-2-DE-MAR\u00c7-PODIUM-4.jpg\"><img loading=\"lazy\" decoding=\"async\" class=\"aligncenter size-large wp-image-27048\" src=\"http:\/\/www.conselharan.org\/wp-content\/uploads\/2019\/03\/SBX-2-DE-MAR\u00c7-PODIUM-4-1024x683.jpg\" alt=\"\" width=\"1024\" height=\"683\" srcset=\"https:\/\/www.conselharan.org\/wp-content\/uploads\/2019\/03\/SBX-2-DE-MAR\u00c7-PODIUM-4-1024x683.jpg 1024w, https:\/\/www.conselharan.org\/wp-content\/uploads\/2019\/03\/SBX-2-DE-MAR\u00c7-PODIUM-4-300x200.jpg 300w, https:\/\/www.conselharan.org\/wp-content\/uploads\/2019\/03\/SBX-2-DE-MAR\u00c7-PODIUM-4-768x512.jpg 768w\" sizes=\"(max-width: 1024px) 100vw, 1024px\" \/><\/a><\/p>\n<p>El segon lloc al podi ha estat per a la francesa <strong>Chloe Trespeuch<\/strong>, de 24 anys i el quart lloc per la tamb\u00e9 francesa <strong>Nelly Moenne Loccoz<\/strong>, de 28 anys.<\/p>\n<p>El guanyador de la final celebrada a l&#8217;estaci\u00f3 de la Val d&#8217;Aran ha estat l&#8217;austr\u00edac <strong>Alessandro Haemmerle<\/strong>, de 25 anys, que ha liderat totes les rondes de les finals. En finalitzar la competici\u00f3, el vencedor ha declarat: &#8220;M&#8217;encanta ser aqu\u00ed de nou. Vaig venir fa 3 anys i em vaig sentir molt c\u00f2mode i avui aquest tra\u00e7at m&#8217;ha resultat familiar de nou i he pogut demostrar el meu millor snowboard. Estic molt content&#8221;.<\/p>\n<p><a href=\"http:\/\/www.conselharan.org\/wp-content\/uploads\/2019\/03\/SBX-2-DE-MAR\u00c7-PODIUM-5.jpg\"><img loading=\"lazy\" decoding=\"async\" class=\"aligncenter size-large wp-image-27049\" src=\"http:\/\/www.conselharan.org\/wp-content\/uploads\/2019\/03\/SBX-2-DE-MAR\u00c7-PODIUM-5-1024x683.jpg\" alt=\"\" width=\"1024\" height=\"683\" srcset=\"https:\/\/www.conselharan.org\/wp-content\/uploads\/2019\/03\/SBX-2-DE-MAR\u00c7-PODIUM-5-1024x683.jpg 1024w, https:\/\/www.conselharan.org\/wp-content\/uploads\/2019\/03\/SBX-2-DE-MAR\u00c7-PODIUM-5-300x200.jpg 300w, https:\/\/www.conselharan.org\/wp-content\/uploads\/2019\/03\/SBX-2-DE-MAR\u00c7-PODIUM-5-768x512.jpg 768w\" sizes=\"(max-width: 1024px) 100vw, 1024px\" \/><\/a><\/p>\n<p>El segon a creuar la l\u00ednia de meta ha estat l&#8217;australi\u00e0 <strong>Adam Lambert<\/strong>, de 21 anys, i el canadenc <strong>Kevin Hill<\/strong>, de 32 anys, que tamb\u00e9 va pujar al podi a la Copa del M\u00f3n de SBX de Baqueira Beret el 2016, ha tancat el podi amb un tercer lloc. El quart en arribar ha estat el nord-americ\u00e0 <strong>Mick Dierdorff<\/strong> de 27 anys.<\/p>\n<p>Tot i haver guanyat les classificat\u00f2ries de divendres i marcar un bon ritme en els vuitens de final, el rider de la Real Federaci\u00f3n Espa\u00f1ola Deportes de Invierno (RFEDI), \u00a0\u00a0<strong>Lucas Eguibar<\/strong>, de 25 anys, ha patit una caiguda en quarts de final en una ajustada baixada. Com a resultat final el basc ha estat el 13\u00e8 de la final. Per la seva part l&#8217;ol\u00edmpic <strong>Regino Hern\u00e1ndez<\/strong>, de 27 anys, no ha aconseguit passar de vuitens de final en una baixada que ha dominat fins l&#8217;\u00faltim revolt per\u00f2 un petit error en la conducci\u00f3 li ha penalitzat i els seus contrincants l&#8217;han superat abans de meta. L&#8217;andal\u00fas ha estat el 26\u00e8.<\/p>\n<p><a href=\"http:\/\/www.conselharan.org\/wp-content\/uploads\/2019\/03\/SBX-2-DE-MAR\u00c7-14.jpg\"><img loading=\"lazy\" decoding=\"async\" class=\"aligncenter size-large wp-image-27050\" src=\"http:\/\/www.conselharan.org\/wp-content\/uploads\/2019\/03\/SBX-2-DE-MAR\u00c7-14-1024x683.jpg\" alt=\"\" width=\"1024\" height=\"683\" srcset=\"https:\/\/www.conselharan.org\/wp-content\/uploads\/2019\/03\/SBX-2-DE-MAR\u00c7-14-1024x683.jpg 1024w, https:\/\/www.conselharan.org\/wp-content\/uploads\/2019\/03\/SBX-2-DE-MAR\u00c7-14-300x200.jpg 300w, https:\/\/www.conselharan.org\/wp-content\/uploads\/2019\/03\/SBX-2-DE-MAR\u00c7-14-768x512.jpg 768w\" sizes=\"(max-width: 1024px) 100vw, 1024px\" \/><\/a><\/p>\n<p>El sindic d\u2019Aran, <strong>Carlos Barrera<\/strong>, que ha assistit a la final de la Copa del M\u00f3n SBX a Beret, ha explicat que \u201crebre una prova tant important com aquesta en dues ocasions en tres anys demostra l\u2019alt nivell organitzatiu de Baqueira Beret i la gran capacitat de la Val d\u2019Aran per acollir proves esportives de primer nivell mundial, ja que un cop m\u00e9s, molt\u00edssims espectadors arreu del m\u00f3n han pogut con\u00e8ixer el nostre pa\u00eds\u201d. Barrera ha agra\u00eft l\u2019esfor\u00e7 de l\u2019estaci\u00f3 Baqueira Beret i dels patrocinadors i institucions que han fet possible aquest esdeveniment esportiu.<\/p>\n<p><a href=\"http:\/\/www.conselharan.org\/wp-content\/uploads\/2019\/03\/SBX-2-DE-MAR\u00c7-12.jpg\"><img loading=\"lazy\" decoding=\"async\" class=\"aligncenter size-large wp-image-27051\" src=\"http:\/\/www.conselharan.org\/wp-content\/uploads\/2019\/03\/SBX-2-DE-MAR\u00c7-12-1024x683.jpg\" alt=\"\" width=\"1024\" height=\"683\" srcset=\"https:\/\/www.conselharan.org\/wp-content\/uploads\/2019\/03\/SBX-2-DE-MAR\u00c7-12-1024x683.jpg 1024w, https:\/\/www.conselharan.org\/wp-content\/uploads\/2019\/03\/SBX-2-DE-MAR\u00c7-12-300x200.jpg 300w, https:\/\/www.conselharan.org\/wp-content\/uploads\/2019\/03\/SBX-2-DE-MAR\u00c7-12-768x512.jpg 768w\" sizes=\"(max-width: 1024px) 100vw, 1024px\" \/><\/a><\/p>\n<p><strong>Francis Coll<\/strong>, director general de Baqueira Beret, ha comentat que per a l&#8217;estaci\u00f3 &#8220;la competici\u00f3 d&#8217;aquest hivern ha reafirmat l&#8217;\u00e8xit que ja es va recollir en l&#8217;edici\u00f3 de 2016 i ens deixa clar que aquests esdeveniments amb cobertura televisiva internacional s\u00f3n una gran manera de donar a con\u00e8ixer la Val d&#8217;Aran, Baqueira i el potencial dels Pirineus al m\u00f3n&#8221;.<\/p>\n<p>El president de la Real Federaci\u00f3n Espa\u00f1ola Deportes de Invierno, l\u2019aran\u00e8s <strong>May Peus<\/strong> <strong>Espanya<\/strong>, ha qualificat d\u2019excel\u00b7lent l\u2019organitzaci\u00f3 de Baqueira Beret, amb implicaci\u00f3 de tota la Val d&#8217;Aran en coordinaci\u00f3 amb la RFEDI, i ha manifestat que &#8220;segur que la FIS vol tornar a Beret en una nova edici\u00f3. Pel que fa als resultats esportius per a Espanya, avui no han sortit, tot i que vam arribar en molt bona forma, com va demostrar ahir Lucas Eguibar marcant el millor temps en les classificat\u00f2ries sent primer i Regino amb la seva magn\u00edfica vuitena posici\u00f3. Aquest dissabte a les eliminat\u00f2ries, senzillament la sort no ens ha acompanyat&#8221;.<\/p>\n<p>A la final de la Copa del M\u00f3n SBX a Baqueira Beret tamb\u00e9 hi ha assistit el vicesindic d\u2019Aran i alcalde de Naut Aran, <strong>Cesar Ruiz Canela<\/strong>, el secretari general de l\u2019Esport de la Generalitat de Catalunya, <strong>Gerard Figueras<\/strong>, el president de Baqueira Beret, <strong>Aureli Bisbe<\/strong> i la consellera de Turisme d\u2019Aran, <strong>Anna D\u00edaz<\/strong>, entre d\u2019altres.<\/p>\n<p>Unes 3000 persones han passat per la zona de l&#8217;esdeveniment a Beret per animar els esportistes durant aquesta final. A la zona de Blanhiblar han gaudit de l&#8217;espectacle amb salts en els quals els corredors arribaven a volar fins a 20 metres, mentre degustaven els productes tradicionals de la Val d&#8217;Aran al Village, com la coneguda Olla Aranesa. En finalitzar la prova, els participants i el p\u00fablic han viscut al m\u00e0xim la festa de cloenda al Village amb el DJ Serx Einheri.<\/p>\n<p><a href=\"http:\/\/www.conselharan.org\/wp-content\/uploads\/2019\/03\/SBX-2-DE-MAR\u00c7-2.jpg\"><img loading=\"lazy\" decoding=\"async\" class=\"aligncenter size-large wp-image-27052\" src=\"http:\/\/www.conselharan.org\/wp-content\/uploads\/2019\/03\/SBX-2-DE-MAR\u00c7-2-1024x683.jpg\" alt=\"\" width=\"1024\" height=\"683\" srcset=\"https:\/\/www.conselharan.org\/wp-content\/uploads\/2019\/03\/SBX-2-DE-MAR\u00c7-2-1024x683.jpg 1024w, https:\/\/www.conselharan.org\/wp-content\/uploads\/2019\/03\/SBX-2-DE-MAR\u00c7-2-300x200.jpg 300w, https:\/\/www.conselharan.org\/wp-content\/uploads\/2019\/03\/SBX-2-DE-MAR\u00c7-2-768x512.jpg 768w\" sizes=\"(max-width: 1024px) 100vw, 1024px\" \/><\/a><\/p>\n<p>En total, 91 snowboarders s&#8217;han despla\u00e7at a Baqueira Beret (56 homes i 35 dones) provinents de 17 pa\u00efsos: Alemanya (7), Andorra (1), Argentina (1), Austr\u00e0lia (6), \u00c0ustria (9), Canad\u00e0 ( 9), Espanya (2), Estats Units (16), Fran\u00e7a (9), Finl\u00e0ndia (1), It\u00e0lia (11), Jap\u00f3 (2), Pa\u00efsos Baixos (1), Pol\u00f2nia (1), la Gran Bretanya (2) , Rep\u00fablica Txeca (4) i Su\u00efssa (9).<\/p>\n<p>La Copa del M\u00f3n de SBX de Baqueira Beret ha comptat amb el patrocini de Movistar i la companyia Seguros Catalana Occidente.<\/p>\n<p>La prova a la Val d\u2019Aran ha comptat amb el suport d\u2019institucions esportives com el Consell Catal\u00e0 de l\u2019Esport (CCE), juntament amb la RFEDI (Real Federaci\u00f3n Espa\u00f1ola de Deportes de Invierno) i la col\u00b7laboraci\u00f3 de les institucions araneses com el Conselh Generau d\u2019Aran, l\u2019ajuntament de Naut Aran i Foment Torisme Val d\u2019Aran, a m\u00e9s de la Diputaci\u00f3 de Lleida. Tamb\u00e9 cal recordar la vinculaci\u00f3 dels clubs aranesos d\u2019esqu\u00ed i de l\u2019Associaci\u00f3 Volentaris d\u2019Aran.<\/p>\n<p><a href=\"http:\/\/www.conselharan.org\/wp-content\/uploads\/2019\/03\/SBX-2-DE-MAR\u00c7-17-2-GUANYADORA.jpg\"><img loading=\"lazy\" decoding=\"async\" class=\"aligncenter size-large wp-image-27053\" src=\"http:\/\/www.conselharan.org\/wp-content\/uploads\/2019\/03\/SBX-2-DE-MAR\u00c7-17-2-GUANYADORA-1024x682.jpg\" alt=\"\" width=\"1024\" height=\"682\" srcset=\"https:\/\/www.conselharan.org\/wp-content\/uploads\/2019\/03\/SBX-2-DE-MAR\u00c7-17-2-GUANYADORA-1024x682.jpg 1024w, https:\/\/www.conselharan.org\/wp-content\/uploads\/2019\/03\/SBX-2-DE-MAR\u00c7-17-2-GUANYADORA-300x200.jpg 300w, https:\/\/www.conselharan.org\/wp-content\/uploads\/2019\/03\/SBX-2-DE-MAR\u00c7-17-2-GUANYADORA-768x512.jpg 768w\" sizes=\"(max-width: 1024px) 100vw, 1024px\" \/><\/a><\/p>\n<p><a href=\"http:\/\/www.conselharan.org\/wp-content\/uploads\/2019\/03\/SBX-2-DE-MAR\u00c7-6.jpg\"><img loading=\"lazy\" decoding=\"async\" class=\"aligncenter size-large wp-image-27054\" src=\"http:\/\/www.conselharan.org\/wp-content\/uploads\/2019\/03\/SBX-2-DE-MAR\u00c7-6-1024x683.jpg\" alt=\"\" width=\"1024\" height=\"683\" srcset=\"https:\/\/www.conselharan.org\/wp-content\/uploads\/2019\/03\/SBX-2-DE-MAR\u00c7-6-1024x683.jpg 1024w, https:\/\/www.conselharan.org\/wp-content\/uploads\/2019\/03\/SBX-2-DE-MAR\u00c7-6-300x200.jpg 300w, https:\/\/www.conselharan.org\/wp-content\/uploads\/2019\/03\/SBX-2-DE-MAR\u00c7-6-768x512.jpg 768w\" sizes=\"(max-width: 1024px) 100vw, 1024px\" \/><\/a><\/p>\n<p><a href=\"http:\/\/www.conselharan.org\/wp-content\/uploads\/2019\/03\/SBX-2-DE-MAR\u00c7-4.jpg\"><img loading=\"lazy\" decoding=\"async\" class=\"aligncenter size-large wp-image-27055\" src=\"http:\/\/www.conselharan.org\/wp-content\/uploads\/2019\/03\/SBX-2-DE-MAR\u00c7-4-1024x683.jpg\" alt=\"\" width=\"1024\" height=\"683\" srcset=\"https:\/\/www.conselharan.org\/wp-content\/uploads\/2019\/03\/SBX-2-DE-MAR\u00c7-4-1024x683.jpg 1024w, https:\/\/www.conselharan.org\/wp-content\/uploads\/2019\/03\/SBX-2-DE-MAR\u00c7-4-300x200.jpg 300w, https:\/\/www.conselharan.org\/wp-content\/uploads\/2019\/03\/SBX-2-DE-MAR\u00c7-4-768x512.jpg 768w\" sizes=\"(max-width: 1024px) 100vw, 1024px\" \/><\/a><\/p>\n<p><a href=\"http:\/\/www.conselharan.org\/wp-content\/uploads\/2019\/03\/SBX-2-DE-MAR\u00c7-7.jpg\"><img loading=\"lazy\" decoding=\"async\" class=\"aligncenter size-large wp-image-27056\" src=\"http:\/\/www.conselharan.org\/wp-content\/uploads\/2019\/03\/SBX-2-DE-MAR\u00c7-7-1024x683.jpg\" alt=\"\" width=\"1024\" height=\"683\" srcset=\"https:\/\/www.conselharan.org\/wp-content\/uploads\/2019\/03\/SBX-2-DE-MAR\u00c7-7-1024x683.jpg 1024w, https:\/\/www.conselharan.org\/wp-content\/uploads\/2019\/03\/SBX-2-DE-MAR\u00c7-7-300x200.jpg 300w, https:\/\/www.conselharan.org\/wp-content\/uploads\/2019\/03\/SBX-2-DE-MAR\u00c7-7-768x512.jpg 768w\" sizes=\"(max-width: 1024px) 100vw, 1024px\" \/><\/a><\/p>\n<p><a href=\"http:\/\/www.conselharan.org\/wp-content\/uploads\/2019\/03\/SBX-2-DE-MAR\u00c7-8.jpg\"><img loading=\"lazy\" decoding=\"async\" class=\"aligncenter size-large wp-image-27057\" src=\"http:\/\/www.conselharan.org\/wp-content\/uploads\/2019\/03\/SBX-2-DE-MAR\u00c7-8-1024x683.jpg\" alt=\"\" width=\"1024\" height=\"683\" srcset=\"https:\/\/www.conselharan.org\/wp-content\/uploads\/2019\/03\/SBX-2-DE-MAR\u00c7-8-1024x683.jpg 1024w, https:\/\/www.conselharan.org\/wp-content\/uploads\/2019\/03\/SBX-2-DE-MAR\u00c7-8-300x200.jpg 300w, https:\/\/www.conselharan.org\/wp-content\/uploads\/2019\/03\/SBX-2-DE-MAR\u00c7-8-768x512.jpg 768w\" sizes=\"(max-width: 1024px) 100vw, 1024px\" \/><\/a><\/p>\n<p><a href=\"http:\/\/www.conselharan.org\/wp-content\/uploads\/2019\/03\/SBX-2-DE-MAR\u00c7-19-GUANYADOR.jpg\"><img loading=\"lazy\" decoding=\"async\" class=\"aligncenter size-large wp-image-27058\" src=\"http:\/\/www.conselharan.org\/wp-content\/uploads\/2019\/03\/SBX-2-DE-MAR\u00c7-19-GUANYADOR-1024x683.jpg\" alt=\"\" width=\"1024\" height=\"683\" srcset=\"https:\/\/www.conselharan.org\/wp-content\/uploads\/2019\/03\/SBX-2-DE-MAR\u00c7-19-GUANYADOR-1024x683.jpg 1024w, https:\/\/www.conselharan.org\/wp-content\/uploads\/2019\/03\/SBX-2-DE-MAR\u00c7-19-GUANYADOR-300x200.jpg 300w, https:\/\/www.conselharan.org\/wp-content\/uploads\/2019\/03\/SBX-2-DE-MAR\u00c7-19-GUANYADOR-768x512.jpg 768w\" sizes=\"(max-width: 1024px) 100vw, 1024px\" \/><\/a><\/p>\n<p><a href=\"http:\/\/www.conselharan.org\/wp-content\/uploads\/2019\/03\/SBX-2-DE-MAR\u00c7-3.jpg\"><img loading=\"lazy\" decoding=\"async\" class=\"aligncenter size-large wp-image-27059\" src=\"http:\/\/www.conselharan.org\/wp-content\/uploads\/2019\/03\/SBX-2-DE-MAR\u00c7-3-1024x683.jpg\" alt=\"\" width=\"1024\" height=\"683\" srcset=\"https:\/\/www.conselharan.org\/wp-content\/uploads\/2019\/03\/SBX-2-DE-MAR\u00c7-3-1024x683.jpg 1024w, https:\/\/www.conselharan.org\/wp-content\/uploads\/2019\/03\/SBX-2-DE-MAR\u00c7-3-300x200.jpg 300w, https:\/\/www.conselharan.org\/wp-content\/uploads\/2019\/03\/SBX-2-DE-MAR\u00c7-3-768x512.jpg 768w\" sizes=\"(max-width: 1024px) 100vw, 1024px\" \/><\/a><\/p>\n<p><a href=\"http:\/\/www.conselharan.org\/wp-content\/uploads\/2019\/03\/SBX-2-DE-MAR\u00c7-1.jpg\"><img loading=\"lazy\" decoding=\"async\" class=\"aligncenter size-large wp-image-27060\" src=\"http:\/\/www.conselharan.org\/wp-content\/uploads\/2019\/03\/SBX-2-DE-MAR\u00c7-1-1024x683.jpg\" alt=\"\" width=\"1024\" height=\"683\" srcset=\"https:\/\/www.conselharan.org\/wp-content\/uploads\/2019\/03\/SBX-2-DE-MAR\u00c7-1-1024x683.jpg 1024w, https:\/\/www.conselharan.org\/wp-content\/uploads\/2019\/03\/SBX-2-DE-MAR\u00c7-1-300x200.jpg 300w, https:\/\/www.conselharan.org\/wp-content\/uploads\/2019\/03\/SBX-2-DE-MAR\u00c7-1-768x512.jpg 768w\" sizes=\"(max-width: 1024px) 100vw, 1024px\" \/><\/a><\/p>\n<p><a href=\"http:\/\/www.conselharan.org\/wp-content\/uploads\/2019\/03\/SBX-2-DE-MAR\u00c7-16.jpg\"><img loading=\"lazy\" decoding=\"async\" class=\"aligncenter size-large wp-image-27061\" src=\"http:\/\/www.conselharan.org\/wp-content\/uploads\/2019\/03\/SBX-2-DE-MAR\u00c7-16-1024x683.jpg\" alt=\"\" width=\"1024\" height=\"683\" srcset=\"https:\/\/www.conselharan.org\/wp-content\/uploads\/2019\/03\/SBX-2-DE-MAR\u00c7-16-1024x683.jpg 1024w, https:\/\/www.conselharan.org\/wp-content\/uploads\/2019\/03\/SBX-2-DE-MAR\u00c7-16-300x200.jpg 300w, https:\/\/www.conselharan.org\/wp-content\/uploads\/2019\/03\/SBX-2-DE-MAR\u00c7-16-768x512.jpg 768w\" sizes=\"(max-width: 1024px) 100vw, 1024px\" \/><\/a><\/p>\n<p><a href=\"http:\/\/www.conselharan.org\/wp-content\/uploads\/2019\/03\/SBX-2-DE-MAR\u00c7-PODIUM-1.jpg\"><img loading=\"lazy\" decoding=\"async\" class=\"aligncenter size-large wp-image-27062\" src=\"http:\/\/www.conselharan.org\/wp-content\/uploads\/2019\/03\/SBX-2-DE-MAR\u00c7-PODIUM-1-1024x683.jpg\" alt=\"\" width=\"1024\" height=\"683\" srcset=\"https:\/\/www.conselharan.org\/wp-content\/uploads\/2019\/03\/SBX-2-DE-MAR\u00c7-PODIUM-1-1024x683.jpg 1024w, https:\/\/www.conselharan.org\/wp-content\/uploads\/2019\/03\/SBX-2-DE-MAR\u00c7-PODIUM-1-300x200.jpg 300w, https:\/\/www.conselharan.org\/wp-content\/uploads\/2019\/03\/SBX-2-DE-MAR\u00c7-PODIUM-1-768x512.jpg 768w\" sizes=\"(max-width: 1024px) 100vw, 1024px\" \/><\/a><\/p>\n<p><a href=\"http:\/\/www.conselharan.org\/wp-content\/uploads\/2019\/03\/SBX-2-DE-MAR\u00c7-PODIUM-2.jpg\"><img loading=\"lazy\" decoding=\"async\" class=\"aligncenter size-large wp-image-27063\" src=\"http:\/\/www.conselharan.org\/wp-content\/uploads\/2019\/03\/SBX-2-DE-MAR\u00c7-PODIUM-2-1024x683.jpg\" alt=\"\" width=\"1024\" height=\"683\" srcset=\"https:\/\/www.conselharan.org\/wp-content\/uploads\/2019\/03\/SBX-2-DE-MAR\u00c7-PODIUM-2-1024x683.jpg 1024w, https:\/\/www.conselharan.org\/wp-content\/uploads\/2019\/03\/SBX-2-DE-MAR\u00c7-PODIUM-2-300x200.jpg 300w, https:\/\/www.conselharan.org\/wp-content\/uploads\/2019\/03\/SBX-2-DE-MAR\u00c7-PODIUM-2-768x512.jpg 768w\" sizes=\"(max-width: 1024px) 100vw, 1024px\" \/><\/a><\/p>\n<p><a href=\"http:\/\/www.conselharan.org\/wp-content\/uploads\/2019\/03\/SBX-2-DE-MAR\u00c7-PODIUM-3.jpg\"><img loading=\"lazy\" decoding=\"async\" class=\"aligncenter size-large wp-image-27064\" src=\"http:\/\/www.conselharan.org\/wp-content\/uploads\/2019\/03\/SBX-2-DE-MAR\u00c7-PODIUM-3-1024x683.jpg\" alt=\"\" width=\"1024\" height=\"683\" srcset=\"https:\/\/www.conselharan.org\/wp-content\/uploads\/2019\/03\/SBX-2-DE-MAR\u00c7-PODIUM-3-1024x683.jpg 1024w, https:\/\/www.conselharan.org\/wp-content\/uploads\/2019\/03\/SBX-2-DE-MAR\u00c7-PODIUM-3-300x200.jpg 300w, https:\/\/www.conselharan.org\/wp-content\/uploads\/2019\/03\/SBX-2-DE-MAR\u00c7-PODIUM-3-768x512.jpg 768w\" sizes=\"(max-width: 1024px) 100vw, 1024px\" \/><\/a><\/p>\n<p><a href=\"http:\/\/www.conselharan.org\/wp-content\/uploads\/2019\/03\/SBX-2-DE-MAR\u00c7-21.jpg\"><img loading=\"lazy\" decoding=\"async\" class=\"aligncenter size-large wp-image-27065\" src=\"http:\/\/www.conselharan.org\/wp-content\/uploads\/2019\/03\/SBX-2-DE-MAR\u00c7-21-1024x683.jpg\" alt=\"\" width=\"1024\" height=\"683\" srcset=\"https:\/\/www.conselharan.org\/wp-content\/uploads\/2019\/03\/SBX-2-DE-MAR\u00c7-21-1024x683.jpg 1024w, https:\/\/www.conselharan.org\/wp-content\/uploads\/2019\/03\/SBX-2-DE-MAR\u00c7-21-300x200.jpg 300w, https:\/\/www.conselharan.org\/wp-content\/uploads\/2019\/03\/SBX-2-DE-MAR\u00c7-21-768x512.jpg 768w\" sizes=\"(max-width: 1024px) 100vw, 1024px\" \/><\/a><\/p>\n<p><a href=\"http:\/\/www.conselharan.org\/wp-content\/uploads\/2019\/03\/SBX-2-DE-MAR\u00c7-PODIUM-6.jpg\"><img loading=\"lazy\" decoding=\"async\" class=\"aligncenter size-large wp-image-27066\" src=\"http:\/\/www.conselharan.org\/wp-content\/uploads\/2019\/03\/SBX-2-DE-MAR\u00c7-PODIUM-6-1024x683.jpg\" alt=\"\" width=\"1024\" height=\"683\" srcset=\"https:\/\/www.conselharan.org\/wp-content\/uploads\/2019\/03\/SBX-2-DE-MAR\u00c7-PODIUM-6-1024x683.jpg 1024w, https:\/\/www.conselharan.org\/wp-content\/uploads\/2019\/03\/SBX-2-DE-MAR\u00c7-PODIUM-6-300x200.jpg 300w, https:\/\/www.conselharan.org\/wp-content\/uploads\/2019\/03\/SBX-2-DE-MAR\u00c7-PODIUM-6-768x512.jpg 768w\" sizes=\"(max-width: 1024px) 100vw, 1024px\" \/><\/a><\/p>\n<p>&nbsp;<\/p>\n<p>Info: Baqueira Media<\/p>\n<p>&nbsp;<\/p>\n<p>&nbsp;<\/p>\n<p>&nbsp;<\/p>\n<p>&nbsp;<\/p>\n<p>&nbsp;<\/p>\n ","protected":false},"excerpt":{"rendered":"<p>Unes 3000 persones han passat per la zona de Beret per animar els esportistes durant aquesta final de Copa del M\u00f3n a la Val d\u2019Aran Els productes tradicionals de la Val d&#8217;Aran com l\u2019Olla Aranesa tamb\u00e9 han estat protagonistes al Village de la zona de Blanhiblar Vielha, 2 de mar\u00e7 de 2019.- Les finals del&#8230;<\/p>\n","protected":false},"author":2,"featured_media":27073,"comment_status":"closed","ping_status":"closed","sticky":false,"template":"","format":"standard","meta":{"footnotes":""},"categories":[33],"tags":[],"_links":{"self":[{"href":"https:\/\/www.conselharan.org\/ca\/wp-json\/wp\/v2\/posts\/27069"}],"collection":[{"href":"https:\/\/www.conselharan.org\/ca\/wp-json\/wp\/v2\/posts"}],"about":[{"href":"https:\/\/www.conselharan.org\/ca\/wp-json\/wp\/v2\/types\/post"}],"author":[{"embeddable":true,"href":"https:\/\/www.conselharan.org\/ca\/wp-json\/wp\/v2\/users\/2"}],"replies":[{"embeddable":true,"href":"https:\/\/www.conselharan.org\/ca\/wp-json\/wp\/v2\/comments?post=27069"}],"version-history":[{"count":1,"href":"https:\/\/www.conselharan.org\/ca\/wp-json\/wp\/v2\/posts\/27069\/revisions"}],"predecessor-version":[{"id":27070,"href":"https:\/\/www.conselharan.org\/ca\/wp-json\/wp\/v2\/posts\/27069\/revisions\/27070"}],"wp:featuredmedia":[{"embeddable":true,"href":"https:\/\/www.conselharan.org\/ca\/wp-json\/wp\/v2\/media\/27073"}],"wp:attachment":[{"href":"https:\/\/www.conselharan.org\/ca\/wp-json\/wp\/v2\/media?parent=27069"}],"wp:term":[{"taxonomy":"category","embeddable":true,"href":"https:\/\/www.conselharan.org\/ca\/wp-json\/wp\/v2\/categories?post=27069"},{"taxonomy":"post_tag","embeddable":true,"href":"https:\/\/www.conselharan.org\/ca\/wp-json\/wp\/v2\/tags?post=27069"}],"curies":[{"name":"wp","href":"https:\/\/api.w.org\/{rel}","templated":true}]}}