{"id":27102,"date":"2019-03-05T10:20:40","date_gmt":"2019-03-05T09:20:40","guid":{"rendered":"http:\/\/www.conselharan.org\/?p=27102"},"modified":"2019-03-08T13:11:50","modified_gmt":"2019-03-08T12:11:50","slug":"grans-esportistes-donen-suport-a-la-6a-corsa-dera-hemna-val-daran","status":"publish","type":"post","link":"https:\/\/www.conselharan.org\/ca\/grans-esportistes-donen-suport-a-la-6a-corsa-dera-hemna-val-daran\/","title":{"rendered":"Grans esportistes donen suport a la 6a Corsa dera Hemna Val d\u2019Aran"},"content":{"rendered":"<p><strong>Edurne Pasaban com Lydia i Maria Iglesias participaran a la 6a Corsa dera Hemna el proper diumenge<\/strong><\/p>\n<p>Vielha, 4 de mar\u00e7 de 2019.- El proper diumenge 10 de mar\u00e7 es celebra la 6a edici\u00f3 de la Corsa dera Hemna Val d\u2019Aran a la que aquest any nombroses esportistes de primer nivell li donen suport.<\/p>\n<p>Les esportistes s\u00f3n les jugadores de la primera plantilla del <strong>RCE Espanyol Femen\u00ed<\/strong>; la rider paral\u00edmpica medalla de bronze als Jocs Paralimpics PyeongChang 2018,<strong> Astrid<\/strong> <strong>Fina<\/strong>; <strong>Sandra G\u00f3mez<\/strong>, pilot de Trial i Enduro Campiona del M\u00f3n de superenduro; l\u2019alpinista <strong>Edurne Pasaban<\/strong>, la primera dona a la historia a ascendir als 14 vuitmils; i les esquiadores d\u2019esqu\u00ed de fons araneses <strong>Marta Cester<\/strong>, Campiona d&#8217;Espanya d&#8217;esqu\u00ed de fons skating i\u00a0<strong>Mar\u00eda i Lydia Iglesias<\/strong>. A m\u00e9s tant Edurne Pasaban com Lydia i Maria Iglesias participaran a la 6a Corsa dera Hemna el proper diumenge.<\/p>\n<p><a href=\"http:\/\/www.conselharan.org\/wp-content\/uploads\/2019\/03\/Espanyol-femen\u00ed-1.png\"><img loading=\"lazy\" decoding=\"async\" class=\"aligncenter size-large wp-image-27098\" src=\"http:\/\/www.conselharan.org\/wp-content\/uploads\/2019\/03\/Espanyol-femen\u00ed-1-1024x575.png\" alt=\"\" width=\"1024\" height=\"575\" srcset=\"https:\/\/www.conselharan.org\/wp-content\/uploads\/2019\/03\/Espanyol-femen\u00ed-1-1024x575.png 1024w, https:\/\/www.conselharan.org\/wp-content\/uploads\/2019\/03\/Espanyol-femen\u00ed-1-300x169.png 300w, https:\/\/www.conselharan.org\/wp-content\/uploads\/2019\/03\/Espanyol-femen\u00ed-1-768x432.png 768w, https:\/\/www.conselharan.org\/wp-content\/uploads\/2019\/03\/Espanyol-femen\u00ed-1.png 1315w\" sizes=\"(max-width: 1024px) 100vw, 1024px\" \/><\/a><\/p>\n<p>Totes elles han enregistrat v\u00eddeos en els que animem a tothom a donar suport als actes commemoratius del Dia Internacional de les Dones i a participar en la 6a Corsa dera Hemna Val d\u2019Aran del diumenge 10 de mar\u00e7.<\/p>\n<p>La Corsa dera Hemna \u00e9s organitzada pel Servici d\u2019Informacion e Atencion ara Hemna (SIAH) del Conselh Generau d\u2019Aran en col\u00b7laboraci\u00f3 amb el Conselh Esportiu de la Val d\u2019Aran i l\u2019Associaci\u00f3 Volentaris Val d\u2019Aran dins dels actes organitzats en motiu del Dia Internacional de les Dones.<\/p>\n<p>A la 6a Corsa dera Hemna, que \u00e9s oberta a tothom, es donaran tres premis per les seg\u00fcents categories: Absoluta dones; Juvenil; S\u00e8nior; M\u00e0ster 30; M\u00e0ster 40; M\u00e0ster 50; Absoluta homes.<\/p>\n<p>Les inscripcions online ja es poden formalitzar a: <a href=\"https:\/\/inscripcions.cat\/corsaderahemna2019\/\">https:\/\/inscripcions.cat\/corsaderahemna2019\/<\/a><\/p>\n<p>Les inscripcions tamb\u00e9 es podran realitzar presencialment el divendres 8 i dissabte 9 de mar\u00e7 a la tarda de 17 a 20 hores a la seu del Conselh Generau d&#8217;Aran on es podran recollir els dorsals i la samarreta de la Corsa.<\/p>\n<p>El preu de la inscripci\u00f3 \u00e9s de 3\u20ac.<\/p>\n<p>La sortida i l\u2019arribada de la Corsa es far\u00e0 a la pla\u00e7a del Conselh Generau d\u2019Aran. L\u2019horari de sortida de la 6a C\u00f2rsa dera Hemna ser\u00e0 a les 11h del dia 10 de mar\u00e7 de 2019.<\/p>\n<p>Us animem a participar!<\/p>\n ","protected":false},"excerpt":{"rendered":"<p>Edurne Pasaban com Lydia i Maria Iglesias participaran a la 6a Corsa dera Hemna el proper diumenge Vielha, 4 de mar\u00e7 de 2019.- El proper diumenge 10 de mar\u00e7 es celebra la 6a edici\u00f3 de la Corsa dera Hemna Val d\u2019Aran a la que aquest any nombroses esportistes de primer nivell li donen suport. Les&#8230;<\/p>\n","protected":false},"author":2,"featured_media":27100,"comment_status":"closed","ping_status":"closed","sticky":false,"template":"","format":"standard","meta":{"footnotes":""},"categories":[33],"tags":[],"_links":{"self":[{"href":"https:\/\/www.conselharan.org\/ca\/wp-json\/wp\/v2\/posts\/27102"}],"collection":[{"href":"https:\/\/www.conselharan.org\/ca\/wp-json\/wp\/v2\/posts"}],"about":[{"href":"https:\/\/www.conselharan.org\/ca\/wp-json\/wp\/v2\/types\/post"}],"author":[{"embeddable":true,"href":"https:\/\/www.conselharan.org\/ca\/wp-json\/wp\/v2\/users\/2"}],"replies":[{"embeddable":true,"href":"https:\/\/www.conselharan.org\/ca\/wp-json\/wp\/v2\/comments?post=27102"}],"version-history":[{"count":3,"href":"https:\/\/www.conselharan.org\/ca\/wp-json\/wp\/v2\/posts\/27102\/revisions"}],"predecessor-version":[{"id":27133,"href":"https:\/\/www.conselharan.org\/ca\/wp-json\/wp\/v2\/posts\/27102\/revisions\/27133"}],"wp:featuredmedia":[{"embeddable":true,"href":"https:\/\/www.conselharan.org\/ca\/wp-json\/wp\/v2\/media\/27100"}],"wp:attachment":[{"href":"https:\/\/www.conselharan.org\/ca\/wp-json\/wp\/v2\/media?parent=27102"}],"wp:term":[{"taxonomy":"category","embeddable":true,"href":"https:\/\/www.conselharan.org\/ca\/wp-json\/wp\/v2\/categories?post=27102"},{"taxonomy":"post_tag","embeddable":true,"href":"https:\/\/www.conselharan.org\/ca\/wp-json\/wp\/v2\/tags?post=27102"}],"curies":[{"name":"wp","href":"https:\/\/api.w.org\/{rel}","templated":true}]}}