{"id":27326,"date":"2019-03-15T13:46:41","date_gmt":"2019-03-15T12:46:41","guid":{"rendered":"http:\/\/www.conselharan.org\/?p=27326"},"modified":"2019-03-22T01:54:49","modified_gmt":"2019-03-22T00:54:49","slug":"agents-de-medi-natural-del-conselh-generau-capturen-544-cavilats-i-235-truites-al-riu-garona","status":"publish","type":"post","link":"https:\/\/www.conselharan.org\/ca\/agents-de-medi-natural-del-conselh-generau-capturen-544-cavilats-i-235-truites-al-riu-garona\/","title":{"rendered":"Agents de Medi Natural del Conselh Generau capturen 544 cavilats i 235 truites al riu Garona"},"content":{"rendered":"<p><strong>Els exemplars van ser posteriorment alliberats en diferents rius de la Val d\u2019Aran<\/strong><\/p>\n<p>Vielha, 15 de mar\u00e7 de 2019.- Els Agents de Medi Natural del Conselh Generau d\u2019Aran van rescatar mitjan\u00e7ant la t\u00e8cnica de pesca el\u00e8ctrica 544 exemplars de cavilat i 235 truites al riu Garona al seu pas per la poblaci\u00f3 de Boss\u00f2st.<\/p>\n<p><a href=\"http:\/\/www.conselharan.org\/wp-content\/uploads\/2019\/03\/Cavilats-1.jpg\"><img loading=\"lazy\" decoding=\"async\" class=\"aligncenter size-large wp-image-27322\" src=\"http:\/\/www.conselharan.org\/wp-content\/uploads\/2019\/03\/Cavilats-1-1024x768.jpg\" alt=\"\" width=\"1024\" height=\"768\" srcset=\"https:\/\/www.conselharan.org\/wp-content\/uploads\/2019\/03\/Cavilats-1-1024x768.jpg 1024w, https:\/\/www.conselharan.org\/wp-content\/uploads\/2019\/03\/Cavilats-1-300x225.jpg 300w, https:\/\/www.conselharan.org\/wp-content\/uploads\/2019\/03\/Cavilats-1-768x576.jpg 768w, https:\/\/www.conselharan.org\/wp-content\/uploads\/2019\/03\/Cavilats-1.jpg 1600w\" sizes=\"(max-width: 1024px) 100vw, 1024px\" \/><\/a><\/p>\n<p>Les captures es van produir motivades per treballs de manteniment i millora del canal de subministrament d\u2019aigua de la central hidroel\u00e8ctrica de Boss\u00f2st en el que s\u2019havien detectat fuites que afectaven als horts del voltant.<\/p>\n<p>Els cavilats i les truites van ser alliberats posteriorment en diferents rius de la Val d\u2019Aran.<\/p>\n<p><strong>Una esp\u00e8cie end\u00e8mica dels Pirineus, en perill d\u2019extinci\u00f3<\/strong><\/p>\n<p>El cavilat o cullereta (Cottus hispaniolensis) \u00e9s un petit peix que ocupa rius i torrents d\u2019alta muntanya, on conviu amb la truita comuna (Salmo trutta). \u00c9s una esp\u00e8cie end\u00e8mica del vessant nord dels Pirineus i, m\u00e9s en concret, de la conca de la Garona, incloent la Val d\u2019Aran, on actualment es troba extremadament amena\u00e7ada degut al baix nombre d\u2019individus i a l\u2019a\u00efllament respecte la resta de poblacions de la conca. Nom\u00e9s \u00e9s present en uns pocs trams, amb densitats molt baixes.<\/p>\n<p>El cavilat ocupa preferentment trams d\u2019aig\u00fces oxigenades, fort corrent i certa turbul\u00e8ncia, i substrat pedreg\u00f3s. S\u2019alimenta, sobretot, d\u2019invertebrats aqu\u00e0tics, i ocasionalment tamb\u00e9 d\u2019altres animalons, incloent els alevins de la truita. \u00c9s un animal que no es deixa veure f\u00e0cilment, ja que \u00e9s actiu durant la nit, mentre que durant el dia acostuma a romandre quiet en algun amagatall del fons.<\/p>\n<p>El conseller d\u2019Agricultura, Ramaderia i Medi Natural d\u2019Aran, <strong>Jos\u00e9 Enrique Arr\u00f3<\/strong>, ha explicat que sempre que es porten a terme actuacions de manteniment o altres accions als rius de la Val d\u2019Aran els agents de Medi Natural realitzen aquestes captures per preservar els exemplars d\u2019esp\u00e8cies com el Cavilat, esp\u00e8cie aut\u00f2ctona protegida i en perill d\u2019extinci\u00f3, que es va veure molt afectada pels aiguats de l\u2019any 2013 a la Val d\u2019Aran.<\/p>\n<p><a href=\"http:\/\/www.conselharan.org\/wp-content\/uploads\/2019\/03\/Cavilats-3.jpg\"><img loading=\"lazy\" decoding=\"async\" class=\"aligncenter size-large wp-image-27323\" src=\"http:\/\/www.conselharan.org\/wp-content\/uploads\/2019\/03\/Cavilats-3-1024x768.jpg\" alt=\"\" width=\"1024\" height=\"768\" srcset=\"https:\/\/www.conselharan.org\/wp-content\/uploads\/2019\/03\/Cavilats-3-1024x768.jpg 1024w, https:\/\/www.conselharan.org\/wp-content\/uploads\/2019\/03\/Cavilats-3-300x225.jpg 300w, https:\/\/www.conselharan.org\/wp-content\/uploads\/2019\/03\/Cavilats-3-768x576.jpg 768w, https:\/\/www.conselharan.org\/wp-content\/uploads\/2019\/03\/Cavilats-3.jpg 1600w\" sizes=\"(max-width: 1024px) 100vw, 1024px\" \/><\/a><\/p>\n<p><a href=\"http:\/\/www.conselharan.org\/wp-content\/uploads\/2019\/03\/Cavilats-4.jpg\"><img loading=\"lazy\" decoding=\"async\" class=\"aligncenter size-large wp-image-27324\" src=\"http:\/\/www.conselharan.org\/wp-content\/uploads\/2019\/03\/Cavilats-4-1024x768.jpg\" alt=\"\" width=\"1024\" height=\"768\" srcset=\"https:\/\/www.conselharan.org\/wp-content\/uploads\/2019\/03\/Cavilats-4-1024x768.jpg 1024w, https:\/\/www.conselharan.org\/wp-content\/uploads\/2019\/03\/Cavilats-4-300x225.jpg 300w, https:\/\/www.conselharan.org\/wp-content\/uploads\/2019\/03\/Cavilats-4-768x576.jpg 768w, https:\/\/www.conselharan.org\/wp-content\/uploads\/2019\/03\/Cavilats-4.jpg 1600w\" sizes=\"(max-width: 1024px) 100vw, 1024px\" \/><\/a><\/p>\n ","protected":false},"excerpt":{"rendered":"<p>Els exemplars van ser posteriorment alliberats en diferents rius de la Val d\u2019Aran Vielha, 15 de mar\u00e7 de 2019.- Els Agents de Medi Natural del Conselh Generau d\u2019Aran van rescatar mitjan\u00e7ant la t\u00e8cnica de pesca el\u00e8ctrica 544 exemplars de cavilat i 235 truites al riu Garona al seu pas per la poblaci\u00f3 de Boss\u00f2st. Les&#8230;<\/p>\n","protected":false},"author":2,"featured_media":27323,"comment_status":"closed","ping_status":"closed","sticky":false,"template":"","format":"standard","meta":{"footnotes":""},"categories":[53],"tags":[],"_links":{"self":[{"href":"https:\/\/www.conselharan.org\/ca\/wp-json\/wp\/v2\/posts\/27326"}],"collection":[{"href":"https:\/\/www.conselharan.org\/ca\/wp-json\/wp\/v2\/posts"}],"about":[{"href":"https:\/\/www.conselharan.org\/ca\/wp-json\/wp\/v2\/types\/post"}],"author":[{"embeddable":true,"href":"https:\/\/www.conselharan.org\/ca\/wp-json\/wp\/v2\/users\/2"}],"replies":[{"embeddable":true,"href":"https:\/\/www.conselharan.org\/ca\/wp-json\/wp\/v2\/comments?post=27326"}],"version-history":[{"count":1,"href":"https:\/\/www.conselharan.org\/ca\/wp-json\/wp\/v2\/posts\/27326\/revisions"}],"predecessor-version":[{"id":27327,"href":"https:\/\/www.conselharan.org\/ca\/wp-json\/wp\/v2\/posts\/27326\/revisions\/27327"}],"wp:featuredmedia":[{"embeddable":true,"href":"https:\/\/www.conselharan.org\/ca\/wp-json\/wp\/v2\/media\/27323"}],"wp:attachment":[{"href":"https:\/\/www.conselharan.org\/ca\/wp-json\/wp\/v2\/media?parent=27326"}],"wp:term":[{"taxonomy":"category","embeddable":true,"href":"https:\/\/www.conselharan.org\/ca\/wp-json\/wp\/v2\/categories?post=27326"},{"taxonomy":"post_tag","embeddable":true,"href":"https:\/\/www.conselharan.org\/ca\/wp-json\/wp\/v2\/tags?post=27326"}],"curies":[{"name":"wp","href":"https:\/\/api.w.org\/{rel}","templated":true}]}}