{"id":27412,"date":"2019-03-21T12:08:35","date_gmt":"2019-03-21T11:08:35","guid":{"rendered":"https:\/\/www.conselharan.org\/?p=27412"},"modified":"2019-03-22T21:23:46","modified_gmt":"2019-03-22T20:23:46","slug":"oberta-la-campanya-de-practiques-universitaries-remunerades-del-practicum-odisseu","status":"publish","type":"post","link":"https:\/\/www.conselharan.org\/ca\/oberta-la-campanya-de-practiques-universitaries-remunerades-del-practicum-odisseu\/","title":{"rendered":"Oberta la campanya de pr\u00e0ctiques universit\u00e0ries remunerades del Pr\u00e0cticum ODISSEU"},"content":{"rendered":"<p>Vielha, 21 de mar\u00e7 de 2019.- El <strong>\u201cPr\u00e0cticum ODISSEU\u201d<\/strong> ofereix la possibilitat a estudiants universitaris de realitzar pr\u00e0ctiques universit\u00e0ries remunerades i de m\u00e0ster en empreses de territoris rurals.<\/p>\n<p><strong>Els estudiants interessats s\u2019hi podran inscriure fins el 12 de maig.<\/strong><\/p>\n<p>El programa tamb\u00e9 es dirigeix al col\u00b7lectiu empresarial del m\u00f3n rural del pa\u00eds, que podr\u00e0 cobrir la seva oferta de pr\u00e0ctiques gr\u00e0cies als candidats del \u201cPr\u00e0cticum Odisseu\u201d. El disseny del programa permet que aquestes empreses tinguin acc\u00e9s a candidats amb formaci\u00f3 superior. Un fet que, a la vegada, els ajuda a incrementar la seva competitivitat empresarial.<\/p>\n<p><a href=\"https:\/\/www.conselharan.org\/wp-content\/uploads\/2019\/03\/Odisseu-1.jpg\"><img loading=\"lazy\" decoding=\"async\" class=\"aligncenter size-full wp-image-27410\" src=\"https:\/\/www.conselharan.org\/wp-content\/uploads\/2019\/03\/Odisseu-1.jpg\" alt=\"\" width=\"798\" height=\"396\" srcset=\"https:\/\/www.conselharan.org\/wp-content\/uploads\/2019\/03\/Odisseu-1.jpg 798w, https:\/\/www.conselharan.org\/wp-content\/uploads\/2019\/03\/Odisseu-1-300x149.jpg 300w, https:\/\/www.conselharan.org\/wp-content\/uploads\/2019\/03\/Odisseu-1-768x381.jpg 768w\" sizes=\"(max-width: 798px) 100vw, 798px\" \/><\/a><\/p>\n<p>El projecte ODISSEU est\u00e0 impulsat per la Direcci\u00f3 General de Desenvolupament Rural del Departament d\u2019Agricultura, Ramaderia, Pesca i Alimentaci\u00f3 (DARP) i la Direcci\u00f3 General de Joventut del Departament d\u2019Afers Socials i Fam\u00edlies de la Generalitat de Catalunya, a partir d\u2019una iniciativa conjunta de la Fundaci\u00f3 del M\u00f3n Rural i de l\u2019Associaci\u00f3 d\u2019Iniciatives Rurals de Catalunya, amb la col\u00b7laboraci\u00f3 dels Grups d\u2019Acci\u00f3 Local Leader de Catalunya i la xarxa de professionals de joventut.<\/p>\n<p>ODISSEU t\u00e9 l\u2019objectiu inicial de fomentar el retorn a les zones rurals d\u2019origen i l\u2019arrelament de joves formats\/ades, a trav\u00e9s del contacte i la implicaci\u00f3 dels principals agents que incideixen en la seva transici\u00f3: les universitats i centres de formaci\u00f3, les empreses locals, les institucions i administracions que intervenen en les pol\u00edtiques de desenvolupament rural, d\u2019ocupaci\u00f3 i de creaci\u00f3 d\u2019empreses i de joventut.<\/p>\n<p>Els estudiants universitaris interessats en la realitzaci\u00f3 de les pr\u00e0ctiques es poden posar en contacte amb l\u2019Oficina de Joenessa del Conselh Generau d\u2019Aran a: <a href=\"http:\/\/www.joenessa.org\/contacte\/\">http:\/\/www.joenessa.org\/contacte\/<\/a><\/p>\n<p><strong>Les empreses interessades es poden inscriure fins al 17 d\u2019abril. Informaci\u00f3 a:<\/strong> <a href=\"http:\/\/www.odisseujove.cat\/passos-a-seguir-per-a-les-entitats-beneficiaries\/\">http:\/\/www.odisseujove.cat\/passos-a-seguir-per-a-les-entitats-beneficiaries\/<\/a><\/p>\n<p>Trobareu tota la informaci\u00f3 sobre les pr\u00e0ctiques a:<\/p>\n<p>Portal web del programa: <a href=\"http:\/\/www.odisseujove.cat\/els-ajuts-al-practicum-odisseu\/\">http:\/\/www.odisseujove.cat\/els-ajuts-al-practicum-odisseu\/<\/a><\/p>\n<p>Portal web amb les ofertes publicades: <a href=\"http:\/\/www.odisseujove.cat\/ofertes-de-practiques\/\">http:\/\/www.odisseujove.cat\/ofertes-de-practiques\/<\/a><\/p>\n<p>Inscripci\u00f3 al butllet\u00ed d\u2019estudiants: <a href=\"http:\/\/eepurl.com\/ge6urL\">http:\/\/eepurl.com\/ge6urL<\/a><\/p>\n<p>Primer butllet\u00ed electr\u00f2nic per a estudiants: <a href=\"https:\/\/mailchi.mp\/de2447781514\/practicum_odisseu_1\">https:\/\/mailchi.mp\/de2447781514\/practicum_odisseu_1<\/a><\/p>\n<p>&nbsp;<\/p>\n ","protected":false},"excerpt":{"rendered":"<p>Vielha, 21 de mar\u00e7 de 2019.- El \u201cPr\u00e0cticum ODISSEU\u201d ofereix la possibilitat a estudiants universitaris de realitzar pr\u00e0ctiques universit\u00e0ries remunerades i de m\u00e0ster en empreses de territoris rurals. Els estudiants interessats s\u2019hi podran inscriure fins el 12 de maig. El programa tamb\u00e9 es dirigeix al col\u00b7lectiu empresarial del m\u00f3n rural del pa\u00eds, que podr\u00e0 cobrir&#8230;<\/p>\n","protected":false},"author":2,"featured_media":27410,"comment_status":"closed","ping_status":"closed","sticky":false,"template":"","format":"standard","meta":{"footnotes":""},"categories":[53],"tags":[],"_links":{"self":[{"href":"https:\/\/www.conselharan.org\/ca\/wp-json\/wp\/v2\/posts\/27412"}],"collection":[{"href":"https:\/\/www.conselharan.org\/ca\/wp-json\/wp\/v2\/posts"}],"about":[{"href":"https:\/\/www.conselharan.org\/ca\/wp-json\/wp\/v2\/types\/post"}],"author":[{"embeddable":true,"href":"https:\/\/www.conselharan.org\/ca\/wp-json\/wp\/v2\/users\/2"}],"replies":[{"embeddable":true,"href":"https:\/\/www.conselharan.org\/ca\/wp-json\/wp\/v2\/comments?post=27412"}],"version-history":[{"count":4,"href":"https:\/\/www.conselharan.org\/ca\/wp-json\/wp\/v2\/posts\/27412\/revisions"}],"predecessor-version":[{"id":27512,"href":"https:\/\/www.conselharan.org\/ca\/wp-json\/wp\/v2\/posts\/27412\/revisions\/27512"}],"wp:featuredmedia":[{"embeddable":true,"href":"https:\/\/www.conselharan.org\/ca\/wp-json\/wp\/v2\/media\/27410"}],"wp:attachment":[{"href":"https:\/\/www.conselharan.org\/ca\/wp-json\/wp\/v2\/media?parent=27412"}],"wp:term":[{"taxonomy":"category","embeddable":true,"href":"https:\/\/www.conselharan.org\/ca\/wp-json\/wp\/v2\/categories?post=27412"},{"taxonomy":"post_tag","embeddable":true,"href":"https:\/\/www.conselharan.org\/ca\/wp-json\/wp\/v2\/tags?post=27412"}],"curies":[{"name":"wp","href":"https:\/\/api.w.org\/{rel}","templated":true}]}}