{"id":27561,"date":"2019-03-26T13:31:24","date_gmt":"2019-03-26T12:31:24","guid":{"rendered":"https:\/\/www.conselharan.org\/?p=27561"},"modified":"2019-03-26T13:31:24","modified_gmt":"2019-03-26T12:31:24","slug":"bons-resultats-dels-equips-de-competicio-del-ceva-a-la-fase-final-de-la-copa-espanya-audi-u16u14-campionats-despanya","status":"publish","type":"post","link":"https:\/\/www.conselharan.org\/ca\/bons-resultats-dels-equips-de-competicio-del-ceva-a-la-fase-final-de-la-copa-espanya-audi-u16u14-campionats-despanya\/","title":{"rendered":"Bons resultats dels equips de competici\u00f3 del CEVA a la fase final de la Copa Espanya Audi U16\/U14-Campionats d&#8217;Espanya"},"content":{"rendered":"<p><strong>Nicol\u00e1s Meire 6\u00e8 a SL U\/14, Alfonso Cubillo 7\u00e8 en GS U\/14 i 8\u00e8 en SG U\/14, Eugene Brotons 8a en GS U\/16, V\u00edctor Bult\u00f3 7\u00e8 a la Combinada U\/14 i Hugo Soler-Duffo 7\u00e8 a la Combinada U\/16<\/strong><\/p>\n<p><strong>Margarita Brotons 4a i Ignacio Ibarbia 6\u00e8 al XXIII Memorial Chichu Tauler<\/strong><\/p>\n<p>Vielha, 26 de mar\u00e7 de 2019.- Els corredors del Club CEVA han obtingut bons resultats en les diferents competicions celebrades aquest cap de setmana.<\/p>\n<p>A la fase final de la <strong>Copa Espanya Audi-Campionats d&#8217;Espanya U\/14-U\/16<\/strong> disputada els dies 22 al 24 de mar\u00e7 a La Molina, els corredors i corredores del Club CEVA van realitzar una bona competici\u00f3 amb Nicol\u00e1s Meire, que va ser 6\u00e8 en SL U\/14, Alfonso Cubillo 7\u00e8 en GS U\/14 i 8\u00e8 en SG U\/14, Eugene Brotons 8a en GS U\/16 i Hugo Soler-Duffo 7\u00e8 a la Combinada U\/16.<\/p>\n<p><a href=\"https:\/\/www.conselharan.org\/wp-content\/uploads\/2019\/03\/CEVA-25-de-mar\u00e7-de-2019-4.jpg\"><img loading=\"lazy\" decoding=\"async\" class=\"aligncenter size-large wp-image-27558\" src=\"https:\/\/www.conselharan.org\/wp-content\/uploads\/2019\/03\/CEVA-25-de-mar\u00e7-de-2019-4-576x1024.jpg\" alt=\"\" width=\"576\" height=\"1024\" srcset=\"https:\/\/www.conselharan.org\/wp-content\/uploads\/2019\/03\/CEVA-25-de-mar\u00e7-de-2019-4-576x1024.jpg 576w, https:\/\/www.conselharan.org\/wp-content\/uploads\/2019\/03\/CEVA-25-de-mar\u00e7-de-2019-4-169x300.jpg 169w, https:\/\/www.conselharan.org\/wp-content\/uploads\/2019\/03\/CEVA-25-de-mar\u00e7-de-2019-4-768x1365.jpg 768w, https:\/\/www.conselharan.org\/wp-content\/uploads\/2019\/03\/CEVA-25-de-mar\u00e7-de-2019-4.jpg 900w\" sizes=\"(max-width: 576px) 100vw, 576px\" \/><\/a><\/p>\n<p>En SG U\/16 Homes, Hugo Soler-Duffo va ser 11\u00e8; en GS U\/14 Femen\u00ed, Andrea Rodr\u00edguez Elosegui va ser 9a; en GS U\/14 Homes Alfonso Cubillo va ser 7\u00e8; Eugene Brotons va acabar 8a en GS U\/16 Dames; Guillermo Meire Garc\u00eda va ser 12\u00e8 en GS U\/16 Homes; Nicol\u00e1s Meire Garc\u00eda va ser 6\u00e8 en SL U\/14 i V\u00edctor Bult\u00f3 Gil-Vernet va acabar 7\u00e8 en Combinada U\/14 i 10\u00e8 a SL U\/14 Mascul\u00ed; Eugene Brotons va acabar en 10a posici\u00f3 en SL U\/16 Femen\u00ed; finalment, Hugo Soler-Duffo va ser 7\u00e8 a la Combinada U\/16 Masculina.<\/p>\n<p><a href=\"https:\/\/www.conselharan.org\/wp-content\/uploads\/2019\/03\/CEVA-25-de-mar\u00e7-2019-1.jpg\"><img loading=\"lazy\" decoding=\"async\" class=\"aligncenter size-large wp-image-27559\" src=\"https:\/\/www.conselharan.org\/wp-content\/uploads\/2019\/03\/CEVA-25-de-mar\u00e7-2019-1-1024x765.jpg\" alt=\"\" width=\"1024\" height=\"765\" srcset=\"https:\/\/www.conselharan.org\/wp-content\/uploads\/2019\/03\/CEVA-25-de-mar\u00e7-2019-1-1024x765.jpg 1024w, https:\/\/www.conselharan.org\/wp-content\/uploads\/2019\/03\/CEVA-25-de-mar\u00e7-2019-1-300x224.jpg 300w, https:\/\/www.conselharan.org\/wp-content\/uploads\/2019\/03\/CEVA-25-de-mar\u00e7-2019-1-768x574.jpg 768w, https:\/\/www.conselharan.org\/wp-content\/uploads\/2019\/03\/CEVA-25-de-mar\u00e7-2019-1.jpg 1600w\" sizes=\"(max-width: 1024px) 100vw, 1024px\" \/><\/a><\/p>\n<p>Per la seva banda els alevins del Club CEVA van participar aquest cap de setmana al <strong>XXIII Memorial Chichu Tauler<\/strong> del Pas de la Casa a Andorra, en el qu\u00e8 Margarita Brotons Batista va ser 4a en U\/12 Femen\u00ed i Valeria Meire Garc\u00eda va ser 9a. En U\/12 Homes Ignacio Ibarbia va ser 6\u00e8.<\/p>\n<p>Info i fotos: Club CEVA<\/p>\n<p>&nbsp;<\/p>\n ","protected":false},"excerpt":{"rendered":"<p>Nicol\u00e1s Meire 6\u00e8 a SL U\/14, Alfonso Cubillo 7\u00e8 en GS U\/14 i 8\u00e8 en SG U\/14, Eugene Brotons 8a en GS U\/16, V\u00edctor Bult\u00f3 7\u00e8 a la Combinada U\/14 i Hugo Soler-Duffo 7\u00e8 a la Combinada U\/16 Margarita Brotons 4a i Ignacio Ibarbia 6\u00e8 al XXIII Memorial Chichu Tauler Vielha, 26 de mar\u00e7 de&#8230;<\/p>\n","protected":false},"author":2,"featured_media":27558,"comment_status":"closed","ping_status":"closed","sticky":false,"template":"","format":"standard","meta":{"footnotes":""},"categories":[136],"tags":[],"_links":{"self":[{"href":"https:\/\/www.conselharan.org\/ca\/wp-json\/wp\/v2\/posts\/27561"}],"collection":[{"href":"https:\/\/www.conselharan.org\/ca\/wp-json\/wp\/v2\/posts"}],"about":[{"href":"https:\/\/www.conselharan.org\/ca\/wp-json\/wp\/v2\/types\/post"}],"author":[{"embeddable":true,"href":"https:\/\/www.conselharan.org\/ca\/wp-json\/wp\/v2\/users\/2"}],"replies":[{"embeddable":true,"href":"https:\/\/www.conselharan.org\/ca\/wp-json\/wp\/v2\/comments?post=27561"}],"version-history":[{"count":1,"href":"https:\/\/www.conselharan.org\/ca\/wp-json\/wp\/v2\/posts\/27561\/revisions"}],"predecessor-version":[{"id":27562,"href":"https:\/\/www.conselharan.org\/ca\/wp-json\/wp\/v2\/posts\/27561\/revisions\/27562"}],"wp:featuredmedia":[{"embeddable":true,"href":"https:\/\/www.conselharan.org\/ca\/wp-json\/wp\/v2\/media\/27558"}],"wp:attachment":[{"href":"https:\/\/www.conselharan.org\/ca\/wp-json\/wp\/v2\/media?parent=27561"}],"wp:term":[{"taxonomy":"category","embeddable":true,"href":"https:\/\/www.conselharan.org\/ca\/wp-json\/wp\/v2\/categories?post=27561"},{"taxonomy":"post_tag","embeddable":true,"href":"https:\/\/www.conselharan.org\/ca\/wp-json\/wp\/v2\/tags?post=27561"}],"curies":[{"name":"wp","href":"https:\/\/api.w.org\/{rel}","templated":true}]}}