{"id":27788,"date":"2019-04-03T13:57:22","date_gmt":"2019-04-03T11:57:22","guid":{"rendered":"https:\/\/www.conselharan.org\/?p=27788"},"modified":"2019-04-03T13:57:22","modified_gmt":"2019-04-03T11:57:22","slug":"celebrades-amb-exit-les-proves-dacces-al-cetei-del-programa-desqui-alpi-u18-de-la-fceh","status":"publish","type":"post","link":"https:\/\/www.conselharan.org\/ca\/celebrades-amb-exit-les-proves-dacces-al-cetei-del-programa-desqui-alpi-u18-de-la-fceh\/","title":{"rendered":"Celebrades amb \u00e8xit les proves d\u2019acc\u00e9s al CETEI del programa d&#8217;esqu\u00ed alp\u00ed U18 de la FCEH"},"content":{"rendered":"<p><a href=\"https:\/\/www.conselharan.org\/celebrades-damb-exit-es-proves-dacces-ath-cetei-deth-programa-desqui-aupin-u18-dera-fceh\/photo-2019-04-01-21-15-39\/\" rel=\"attachment wp-att-27785\"><img loading=\"lazy\" decoding=\"async\" class=\"aligncenter size-large wp-image-27785\" src=\"https:\/\/www.conselharan.org\/wp-content\/uploads\/2019\/04\/PHOTO-2019-04-01-21-15-39-1024x768.jpg\" alt=\"\" width=\"1024\" height=\"768\" srcset=\"https:\/\/www.conselharan.org\/wp-content\/uploads\/2019\/04\/PHOTO-2019-04-01-21-15-39.jpg 1024w, https:\/\/www.conselharan.org\/wp-content\/uploads\/2019\/04\/PHOTO-2019-04-01-21-15-39-300x225.jpg 300w, https:\/\/www.conselharan.org\/wp-content\/uploads\/2019\/04\/PHOTO-2019-04-01-21-15-39-768x576.jpg 768w\" sizes=\"(max-width: 1024px) 100vw, 1024px\" \/><\/a><\/p>\n<p>&nbsp;<\/p>\n<p>El Centre de Tecnificacion Esp\u00f2rt d\u2019Iu\u00e8rn Val d\u2019Aran (<strong>CETEI<\/strong>) ha realitzat aquests dies les proves d\u2019acc\u00e9s al Centre del programa d\u2019esqu\u00ed alp\u00ed U18 de la Federaci\u00f3 Catalana d\u2019Esports d\u2019Hivern (<strong>FCEH<\/strong>) .<\/p>\n<p>&nbsp;<\/p>\n<p><a href=\"https:\/\/www.conselharan.org\/celebrades-damb-exit-es-proves-dacces-ath-cetei-deth-programa-desqui-aupin-u18-dera-fceh\/photo-2019-04-01\/\" rel=\"attachment wp-att-27783\"><img loading=\"lazy\" decoding=\"async\" class=\"aligncenter size-large wp-image-27783\" src=\"https:\/\/www.conselharan.org\/wp-content\/uploads\/2019\/04\/PHOTO-2019-04-01--1024x768.jpg\" alt=\"\" width=\"1024\" height=\"768\" srcset=\"https:\/\/www.conselharan.org\/wp-content\/uploads\/2019\/04\/PHOTO-2019-04-01-.jpg 1024w, https:\/\/www.conselharan.org\/wp-content\/uploads\/2019\/04\/PHOTO-2019-04-01--300x225.jpg 300w, https:\/\/www.conselharan.org\/wp-content\/uploads\/2019\/04\/PHOTO-2019-04-01--768x576.jpg 768w\" sizes=\"(max-width: 1024px) 100vw, 1024px\" \/><\/a><\/p>\n<p>&nbsp;<\/p>\n<p>Des de la direcci\u00f3 agraeixen a l\u2019estaci\u00f3 aranesa de Baqueira Beret i a totes les institucions col\u2022laboradores la predisposici\u00f3 i suport en la execuci\u00f3 de les proves esportives.<\/p>\n<p>&nbsp;<\/p>\n<p><a href=\"https:\/\/www.conselharan.org\/celebrades-damb-exit-es-proves-dacces-ath-cetei-deth-programa-desqui-aupin-u18-dera-fceh\/photo-2019-04-01-21\/\" rel=\"attachment wp-att-27784\"><img loading=\"lazy\" decoding=\"async\" class=\"aligncenter size-large wp-image-27784\" src=\"https:\/\/www.conselharan.org\/wp-content\/uploads\/2019\/04\/PHOTO-2019-04-01-21-1024x768.jpg\" alt=\"\" width=\"1024\" height=\"768\" srcset=\"https:\/\/www.conselharan.org\/wp-content\/uploads\/2019\/04\/PHOTO-2019-04-01-21.jpg 1024w, https:\/\/www.conselharan.org\/wp-content\/uploads\/2019\/04\/PHOTO-2019-04-01-21-300x225.jpg 300w, https:\/\/www.conselharan.org\/wp-content\/uploads\/2019\/04\/PHOTO-2019-04-01-21-768x576.jpg 768w\" sizes=\"(max-width: 1024px) 100vw, 1024px\" \/><\/a><\/p>\n<p>&nbsp;<\/p>\n<p>Properament sortiran els resultats dels aptes, esportistes que formaran part de l&#8217;equip del Centre per la temporada 2019-20.<\/p>\n<p>&nbsp;<\/p>\n<p>&nbsp;<\/p>\n<p>&nbsp;<\/p>\n<p>&nbsp;<\/p>\n<p>&nbsp;<\/p>\n<p>&nbsp;<\/p>\n<p>Vielha, 3 d\u2019abril de 2019<\/p>\n<p>&nbsp;<\/p>\n<p><em>Conselh Generau d&#8217;Aran: N\u00faria Sanjuan<\/em><\/p>\n<p><em>Informaci\u00f3 i fotos: CETEI<\/em><\/p>\n ","protected":false},"excerpt":{"rendered":"<p>&nbsp; El Centre de Tecnificacion Esp\u00f2rt d\u2019Iu\u00e8rn Val d\u2019Aran (CETEI) ha realitzat aquests dies les proves d\u2019acc\u00e9s al Centre del programa d\u2019esqu\u00ed alp\u00ed U18 de la Federaci\u00f3 Catalana d\u2019Esports d\u2019Hivern (FCEH) . &nbsp; &nbsp; Des de la direcci\u00f3 agraeixen a l\u2019estaci\u00f3 aranesa de Baqueira Beret i a totes les institucions col\u2022laboradores la predisposici\u00f3 i suport&#8230;<\/p>\n","protected":false},"author":2,"featured_media":27785,"comment_status":"closed","ping_status":"closed","sticky":false,"template":"","format":"standard","meta":{"footnotes":""},"categories":[136],"tags":[],"_links":{"self":[{"href":"https:\/\/www.conselharan.org\/ca\/wp-json\/wp\/v2\/posts\/27788"}],"collection":[{"href":"https:\/\/www.conselharan.org\/ca\/wp-json\/wp\/v2\/posts"}],"about":[{"href":"https:\/\/www.conselharan.org\/ca\/wp-json\/wp\/v2\/types\/post"}],"author":[{"embeddable":true,"href":"https:\/\/www.conselharan.org\/ca\/wp-json\/wp\/v2\/users\/2"}],"replies":[{"embeddable":true,"href":"https:\/\/www.conselharan.org\/ca\/wp-json\/wp\/v2\/comments?post=27788"}],"version-history":[{"count":1,"href":"https:\/\/www.conselharan.org\/ca\/wp-json\/wp\/v2\/posts\/27788\/revisions"}],"predecessor-version":[{"id":27789,"href":"https:\/\/www.conselharan.org\/ca\/wp-json\/wp\/v2\/posts\/27788\/revisions\/27789"}],"wp:featuredmedia":[{"embeddable":true,"href":"https:\/\/www.conselharan.org\/ca\/wp-json\/wp\/v2\/media\/27785"}],"wp:attachment":[{"href":"https:\/\/www.conselharan.org\/ca\/wp-json\/wp\/v2\/media?parent=27788"}],"wp:term":[{"taxonomy":"category","embeddable":true,"href":"https:\/\/www.conselharan.org\/ca\/wp-json\/wp\/v2\/categories?post=27788"},{"taxonomy":"post_tag","embeddable":true,"href":"https:\/\/www.conselharan.org\/ca\/wp-json\/wp\/v2\/tags?post=27788"}],"curies":[{"name":"wp","href":"https:\/\/api.w.org\/{rel}","templated":true}]}}