{"id":28415,"date":"2019-05-02T13:05:01","date_gmt":"2019-05-02T11:05:01","guid":{"rendered":"https:\/\/www.conselharan.org\/?p=28415"},"modified":"2019-05-02T13:51:00","modified_gmt":"2019-05-02T11:51:00","slug":"acord-per-a-la-col%c2%b7laboracio-transfronterera-en-materia-de-fauna-salvatge-i-especies-cinegetiques","status":"publish","type":"post","link":"https:\/\/www.conselharan.org\/ca\/acord-per-a-la-col%c2%b7laboracio-transfronterera-en-materia-de-fauna-salvatge-i-especies-cinegetiques\/","title":{"rendered":"Acord per a la col\u00b7laboraci\u00f3 transfronterera en mat\u00e8ria de fauna salvatge i esp\u00e8cies cineg\u00e8tiques"},"content":{"rendered":"<p><strong>Generalitat de Catalunya, Conselh Generau d\u2019Aran, Govern d\u2019Andorra i Govern de Fran\u00e7a han signat un acord per oficialitzar la col\u00b7laboraci\u00f3 per a millorar l\u2019efici\u00e8ncia de les actuacions en espai transfronterer en aquest \u00e0mbit<\/strong><\/p>\n<p>Vielha, 2 de maig de 2019.- La Generalitat de Catalunya, el Conselh Generau d\u2019Aran, el Govern d\u2019Andorra i el Govern de Fran\u00e7a milloraran la col\u00b7laboraci\u00f3 per a la gesti\u00f3 coordinada en mat\u00e8ria de fauna salvatge i esp\u00e8cies cineg\u00e8tiques en l\u2019espai transfronterer pirinenc, amb l\u2019objectiu d\u2019augmentar l\u2019efic\u00e0cia dels serveis i actuacions comuns. \u00c9s la primera vegada que es duu a terme una gesti\u00f3 coordinada de totes les administracions competents en fauna salvatge i activitats cineg\u00e8tiques al mass\u00eds del Pirineu.<\/p>\n<p>L\u2019acord\u00a0 l\u2019han signat la secret\u00e0ria de Medi Ambient i Sostenibilitat\u00a0 del Departament de Territori i Sostenibilitat, <strong>Marta Subir\u00e0<\/strong>; el director general dels Agents Rurals del Departament d\u2019Agricultura Ramaderia, Pesca i Alimentaci\u00f3, <strong>Marc Costa<\/strong>; el sindic d\u2019Aran, <strong>Carlos Barrera<\/strong>; el director general de l\u2019Oficina Nacional de Ca\u00e7a i Fauna Salvatge de la Rep\u00fablica de Fran\u00e7a, <strong>Olivier Thibault<\/strong>; el director general de Medi Ambient i Sostenibilitat del Govern d\u2019Andorra, <strong>Marc Rossell<\/strong>, i el director del Cos de Banders del Govern d\u2019Andorra,\u00a0 <strong>Miquel Rossell<\/strong>.<\/p>\n<p><a href=\"https:\/\/www.conselharan.org\/wp-content\/uploads\/2019\/05\/Signatura-acord-animals-1.jpg\"><img loading=\"lazy\" decoding=\"async\" class=\"aligncenter size-full wp-image-28412\" src=\"https:\/\/www.conselharan.org\/wp-content\/uploads\/2019\/05\/Signatura-acord-animals-1.jpg\" alt=\"\" width=\"760\" height=\"507\" srcset=\"https:\/\/www.conselharan.org\/wp-content\/uploads\/2019\/05\/Signatura-acord-animals-1.jpg 760w, https:\/\/www.conselharan.org\/wp-content\/uploads\/2019\/05\/Signatura-acord-animals-1-300x200.jpg 300w\" sizes=\"(max-width: 760px) 100vw, 760px\" \/><\/a><\/p>\n<p>En l&#8217;acte de l&#8217;acord tamb\u00e9 hi han participat el conseller de Territori, <strong>Jos\u00e9<\/strong> <strong>Antonio Boya<\/strong>, el conseller d\u2019Agricultura, Ramaderia i Medi Natural, <strong>Jos\u00e9<\/strong> <strong>Enrique Arr\u00f3<\/strong>, i el t\u00e8cnic del departament de medi ambient del Conselh Generau d\u2019Aran, <strong>Ivan Afonso<\/strong>.<\/p>\n<p>Durant la roda de premsa posterior a la signatura, els representants del Govern catal\u00e0 han destacat la bona entesa entre les quatre administracions per formalitzar una col\u00b7laboraci\u00f3 transfronterera que ja existia a nivell pr\u00e0ctic i que amb la signatura de l\u2019acord passa a ser oficial i ratifica la gran tasca conjunta feta en els darrers anys.<\/p>\n<p>El sindic d\u2019Aran, <strong>Carlos Barrera<\/strong> ha expressat la satisfacci\u00f3 de totes les parts en rubricar-se un acord que consolida el futur i permet tenir criteris homogenis per treballar en una mateixa l\u00ednia.<\/p>\n<p>Per part del Govern d\u2019Andorra, Marc Rossell ha remarcat que les actuacions que les quatre administracions implicades desenvoluparan dins aquests \u00e0mbits de treball van encaminades a millorar l\u2019intercanvi d\u2019informaci\u00f3, elaboraci\u00f3 d\u2019estrat\u00e8gies i intervencions en com\u00fa, l\u2019intercanvi de materials i pr\u00e0ctiques per millorar l\u2019efectivitat i l\u2019efic\u00e0cia dels serveis i la millora de la capacitaci\u00f3 del personal implicat mitjan\u00e7ant la realitzaci\u00f3 conjunta i coordinada de formaci\u00f3 pr\u00f2pia dels seus \u00e0mbits de compet\u00e8ncia.<\/p>\n<p>En els darrers anys la Generalitat, el Govern d\u2019Aran, d\u2019Andorra i Fran\u00e7a han treballat conjuntament en mat\u00e8ria de medi ambient, impulsant accions coordinades. En concret, una col\u00b7laboraci\u00f3 activa entre l\u2019Oficina Nacional de Ca\u00e7a i Fauna Salvatge de la Rep\u00fablica de Fran\u00e7a (ONCFS) i el Cos d\u2019Agents Rurals del DARP per a la realitzaci\u00f3 de serveis fronterers en temes de medi ambient, ca\u00e7a i fauna salvatge. Tamb\u00e9 entre el Conselh Generau d\u2019Aran i la Generalitat de Catalunya a trav\u00e9s de la Comissi\u00f3 Bilateral Govern de la Generalitat-Conselh Generau d\u2019Aran, i entre el Govern d\u2019Andorra i la Generalitat en projectes ambientals transfronterers.<\/p>\n<p>L\u2019acord es configura com una eina per a la millora d\u2019aquesta cooperaci\u00f3 en diversos \u00e0mbits de treball:<\/p>\n<ul>\n<li>La planificaci\u00f3, el seguiment i la gesti\u00f3 de la fauna salvatge i de les esp\u00e8cies cineg\u00e8tiques.<\/li>\n<li>Les actuacions t\u00e8cniques de suport a la gesti\u00f3 de la fauna salvatge i de les esp\u00e8cies cineg\u00e8tiques.<\/li>\n<li>La vigil\u00e0ncia, la inspecci\u00f3 i el control de la fauna salvatge i esp\u00e8cies cineg\u00e8tiques i dels seus h\u00e0bitats.<\/li>\n<li>La formaci\u00f3 del personal implicat en aquestes tasques.<\/li>\n<\/ul>\n<p><a href=\"https:\/\/www.conselharan.org\/wp-content\/uploads\/2019\/05\/Signatura-acord-animals-2.jpg\"><img loading=\"lazy\" decoding=\"async\" class=\"aligncenter size-full wp-image-28413\" src=\"https:\/\/www.conselharan.org\/wp-content\/uploads\/2019\/05\/Signatura-acord-animals-2.jpg\" alt=\"\" width=\"760\" height=\"507\" srcset=\"https:\/\/www.conselharan.org\/wp-content\/uploads\/2019\/05\/Signatura-acord-animals-2.jpg 760w, https:\/\/www.conselharan.org\/wp-content\/uploads\/2019\/05\/Signatura-acord-animals-2-300x200.jpg 300w\" sizes=\"(max-width: 760px) 100vw, 760px\" \/><\/a><\/p>\n<p>Les actuacions que les quatre administracions implicades desenvoluparan dins aquests \u00e0mbits de treball van encaminades a millorar l\u2019intercanvi d\u2019informaci\u00f3, elaboraci\u00f3 d\u2019estrat\u00e8gies i intervencions en com\u00fa, l\u2019intercanvi de materials i pr\u00e0ctiques per millorar l\u2019efectivitat i l\u2019efic\u00e0cia dels serveis i la millora de la capacitaci\u00f3 del personal implicat mitjan\u00e7ant la realitzaci\u00f3 conjunta i coordinada de formaci\u00f3 pr\u00f2pia dels seus \u00e0mbits de compet\u00e8ncia. Aquest acord t\u00e9 una vig\u00e8ncia de quatre anys.<\/p>\n<p><strong>Comissi\u00f3 de seguiment per concretar propostes<\/strong><\/p>\n<p>Per tal de fer el seguiment i control de l\u2019execuci\u00f3 d\u2019aquest acord, es constitueix una Comissi\u00f3 de seguiment formada per dos representants de cada part, que es reunir\u00e0 com a m\u00ednim anualment. El grup s\u2019encarregar\u00e0 de definir les actuacions a realitzar en el marc d\u2019aquest acord, del control i el seguiment, i del calendari de treball, aix\u00ed com\u00a0 de coordinar l\u2019intercanvi d\u2019informaci\u00f3, entre altres.<\/p>\n<p>Info: Departament de Territori i Sostenibilitat Generalitat de Catalunya<\/p>\n ","protected":false},"excerpt":{"rendered":"<p>Generalitat de Catalunya, Conselh Generau d\u2019Aran, Govern d\u2019Andorra i Govern de Fran\u00e7a han signat un acord per oficialitzar la col\u00b7laboraci\u00f3 per a millorar l\u2019efici\u00e8ncia de les actuacions en espai transfronterer en aquest \u00e0mbit Vielha, 2 de maig de 2019.- La Generalitat de Catalunya, el Conselh Generau d\u2019Aran, el Govern d\u2019Andorra i el Govern de Fran\u00e7a&#8230;<\/p>\n","protected":false},"author":2,"featured_media":28412,"comment_status":"closed","ping_status":"closed","sticky":false,"template":"","format":"standard","meta":{"footnotes":""},"categories":[53],"tags":[],"_links":{"self":[{"href":"https:\/\/www.conselharan.org\/ca\/wp-json\/wp\/v2\/posts\/28415"}],"collection":[{"href":"https:\/\/www.conselharan.org\/ca\/wp-json\/wp\/v2\/posts"}],"about":[{"href":"https:\/\/www.conselharan.org\/ca\/wp-json\/wp\/v2\/types\/post"}],"author":[{"embeddable":true,"href":"https:\/\/www.conselharan.org\/ca\/wp-json\/wp\/v2\/users\/2"}],"replies":[{"embeddable":true,"href":"https:\/\/www.conselharan.org\/ca\/wp-json\/wp\/v2\/comments?post=28415"}],"version-history":[{"count":2,"href":"https:\/\/www.conselharan.org\/ca\/wp-json\/wp\/v2\/posts\/28415\/revisions"}],"predecessor-version":[{"id":28421,"href":"https:\/\/www.conselharan.org\/ca\/wp-json\/wp\/v2\/posts\/28415\/revisions\/28421"}],"wp:featuredmedia":[{"embeddable":true,"href":"https:\/\/www.conselharan.org\/ca\/wp-json\/wp\/v2\/media\/28412"}],"wp:attachment":[{"href":"https:\/\/www.conselharan.org\/ca\/wp-json\/wp\/v2\/media?parent=28415"}],"wp:term":[{"taxonomy":"category","embeddable":true,"href":"https:\/\/www.conselharan.org\/ca\/wp-json\/wp\/v2\/categories?post=28415"},{"taxonomy":"post_tag","embeddable":true,"href":"https:\/\/www.conselharan.org\/ca\/wp-json\/wp\/v2\/tags?post=28415"}],"curies":[{"name":"wp","href":"https:\/\/api.w.org\/{rel}","templated":true}]}}