{"id":28527,"date":"2019-05-03T15:58:34","date_gmt":"2019-05-03T13:58:34","guid":{"rendered":"https:\/\/www.conselharan.org\/podiums-tath-cegva-en-campionat-de-catalunya-de-patinatge-artistic-celebrat-en-puigcerda\/"},"modified":"2019-05-03T16:01:45","modified_gmt":"2019-05-03T14:01:45","slug":"podiums-tath-cegva-en-campionat-de-catalunya-de-patinatge-artistic-celebrat-en-puigcerda","status":"publish","type":"post","link":"https:\/\/www.conselharan.org\/ca\/podiums-tath-cegva-en-campionat-de-catalunya-de-patinatge-artistic-celebrat-en-puigcerda\/","title":{"rendered":"P\u00f2diums tath CEGVA en Campionat de Catalunya de Patinatge Artistic celebrat en Puigcerd\u00e0"},"content":{"rendered":"<p><strong>Dus d&#8217;aur, dus d&#8217;argent e dus de bronze, ei eth resultat finau des p\u00f2diums artenhudi peth CEGVA en aguesti campionats de Catalonha 2019.<\/strong><\/p>\n<p>&nbsp;<\/p>\n<p><a href=\"https:\/\/www.conselharan.org\/podiums-tath-cegva-en-campionat-de-catalunya-de-patinatge-artistic-celebrat-en-puigcerda\/20190428_152137\/\" rel=\"attachment wp-att-28518\"><img loading=\"lazy\" decoding=\"async\" class=\"aligncenter size-large wp-image-28518\" src=\"https:\/\/www.conselharan.org\/wp-content\/uploads\/2019\/05\/20190428_152137-900x1024.jpg\" alt=\"\" width=\"900\" height=\"1024\" srcset=\"https:\/\/www.conselharan.org\/wp-content\/uploads\/2019\/05\/20190428_152137-900x1024.jpg 900w, https:\/\/www.conselharan.org\/wp-content\/uploads\/2019\/05\/20190428_152137-264x300.jpg 264w, https:\/\/www.conselharan.org\/wp-content\/uploads\/2019\/05\/20190428_152137-768x874.jpg 768w\" sizes=\"(max-width: 900px) 100vw, 900px\" \/><\/a><\/p>\n<p>&nbsp;<\/p>\n<p>Era passada dimenjada, deth 27 e 28 d&#8217;abriu, se celebr\u00e8c ena pista de g\u00e8u de Puigcerd\u00e0 (Girona), eth Campionat de Catalunya Open de Patinatge Artistic sus g\u00e8u organizat peth club P.A. Puigcerd\u00e0 e pera Federaci\u00f3 Catalana d\u2019Esports d\u2019Hivern (FCEH) a on particip\u00e8c eth Club Esp\u00f2rts de G\u00e8u Val d\u2019Aran (CEGVA).<\/p>\n<p>&nbsp;<\/p>\n<p><a href=\"https:\/\/www.conselharan.org\/podiums-tath-cegva-en-campionat-de-catalunya-de-patinatge-artistic-celebrat-en-puigcerda\/20190428_161304\/\" rel=\"attachment wp-att-28521\"><img loading=\"lazy\" decoding=\"async\" class=\"aligncenter size-large wp-image-28521\" src=\"https:\/\/www.conselharan.org\/wp-content\/uploads\/2019\/05\/20190428_161304-806x1024.jpg\" alt=\"\" width=\"806\" height=\"1024\" srcset=\"https:\/\/www.conselharan.org\/wp-content\/uploads\/2019\/05\/20190428_161304-806x1024.jpg 806w, https:\/\/www.conselharan.org\/wp-content\/uploads\/2019\/05\/20190428_161304-236x300.jpg 236w, https:\/\/www.conselharan.org\/wp-content\/uploads\/2019\/05\/20190428_161304-768x976.jpg 768w, https:\/\/www.conselharan.org\/wp-content\/uploads\/2019\/05\/20190428_161304.jpg 1876w\" sizes=\"(max-width: 806px) 100vw, 806px\" \/><\/a><\/p>\n<p>&nbsp;<\/p>\n<p><strong>Cl\u00e0udia Capdevila<\/strong>, ena categoria Intermediate Novice se proclam\u00e8c campiona, seguida dera sua companha de club <strong>Irene Aris.<\/strong><\/p>\n<p>&nbsp;<\/p>\n<p><a href=\"https:\/\/www.conselharan.org\/podiums-tath-cegva-en-campionat-de-catalunya-de-patinatge-artistic-celebrat-en-puigcerda\/img-20190428-wa0012\/\" rel=\"attachment wp-att-28524\"><img loading=\"lazy\" decoding=\"async\" class=\"aligncenter size-large wp-image-28524\" src=\"https:\/\/www.conselharan.org\/wp-content\/uploads\/2019\/05\/IMG-20190428-WA0012-1024x768.jpg\" alt=\"\" width=\"1024\" height=\"768\" srcset=\"https:\/\/www.conselharan.org\/wp-content\/uploads\/2019\/05\/IMG-20190428-WA0012-1024x768.jpg 1024w, https:\/\/www.conselharan.org\/wp-content\/uploads\/2019\/05\/IMG-20190428-WA0012-300x225.jpg 300w, https:\/\/www.conselharan.org\/wp-content\/uploads\/2019\/05\/IMG-20190428-WA0012-768x576.jpg 768w, https:\/\/www.conselharan.org\/wp-content\/uploads\/2019\/05\/IMG-20190428-WA0012.jpg 1600w\" sizes=\"(max-width: 1024px) 100vw, 1024px\" \/><\/a><\/p>\n<p>&nbsp;<\/p>\n<p>En categoria Cadete Femenin, obtenguec un merit\u00f2ri tresau l\u00f2c, <strong>Berta Feixas<\/strong>, ath temps que <strong>Dani Odriozola<\/strong> s&#8217;impaus\u00e8c en Infantil A masculin.<\/p>\n<p><a href=\"https:\/\/www.conselharan.org\/podiums-tath-cegva-en-campionat-de-catalunya-de-patinatge-artistic-celebrat-en-puigcerda\/img-20190427-wa0005\/\" rel=\"attachment wp-att-28522\"><img loading=\"lazy\" decoding=\"async\" class=\"aligncenter size-large wp-image-28522\" src=\"https:\/\/www.conselharan.org\/wp-content\/uploads\/2019\/05\/IMG-20190427-WA0005-1024x768.jpg\" alt=\"\" width=\"1024\" height=\"768\" srcset=\"https:\/\/www.conselharan.org\/wp-content\/uploads\/2019\/05\/IMG-20190427-WA0005-1024x768.jpg 1024w, https:\/\/www.conselharan.org\/wp-content\/uploads\/2019\/05\/IMG-20190427-WA0005-300x225.jpg 300w, https:\/\/www.conselharan.org\/wp-content\/uploads\/2019\/05\/IMG-20190427-WA0005-768x576.jpg 768w, https:\/\/www.conselharan.org\/wp-content\/uploads\/2019\/05\/IMG-20190427-WA0005.jpg 1600w\" sizes=\"(max-width: 1024px) 100vw, 1024px\" \/><\/a><\/p>\n<p><a href=\"https:\/\/www.conselharan.org\/podiums-tath-cegva-en-campionat-de-catalunya-de-patinatge-artistic-celebrat-en-puigcerda\/img-20190428-wa0010\/\" rel=\"attachment wp-att-28523\"><img loading=\"lazy\" decoding=\"async\" class=\"aligncenter size-large wp-image-28523\" src=\"https:\/\/www.conselharan.org\/wp-content\/uploads\/2019\/05\/IMG-20190428-WA0010-768x1024.jpg\" alt=\"\" width=\"768\" height=\"1024\" srcset=\"https:\/\/www.conselharan.org\/wp-content\/uploads\/2019\/05\/IMG-20190428-WA0010-768x1024.jpg 768w, https:\/\/www.conselharan.org\/wp-content\/uploads\/2019\/05\/IMG-20190428-WA0010-225x300.jpg 225w, https:\/\/www.conselharan.org\/wp-content\/uploads\/2019\/05\/IMG-20190428-WA0010.jpg 1200w\" sizes=\"(max-width: 768px) 100vw, 768px\" \/><\/a><\/p>\n<p>&nbsp;<\/p>\n<p><strong>Griselda Serrallach <\/strong>e<strong> Georgina Serrallach<\/strong> obtengueren era dusau e tresau pla\u00e7a, respectivaments, ena categoria femenina J\u00fanior.<\/p>\n<p>&nbsp;<\/p>\n<p><a href=\"https:\/\/www.conselharan.org\/podiums-tath-cegva-en-campionat-de-catalunya-de-patinatge-artistic-celebrat-en-puigcerda\/20190428_151842\/\" rel=\"attachment wp-att-28517\"><img loading=\"lazy\" decoding=\"async\" class=\"aligncenter size-large wp-image-28517\" src=\"https:\/\/www.conselharan.org\/wp-content\/uploads\/2019\/05\/20190428_151842-706x1024.jpg\" alt=\"\" width=\"706\" height=\"1024\" srcset=\"https:\/\/www.conselharan.org\/wp-content\/uploads\/2019\/05\/20190428_151842-706x1024.jpg 706w, https:\/\/www.conselharan.org\/wp-content\/uploads\/2019\/05\/20190428_151842-207x300.jpg 207w, https:\/\/www.conselharan.org\/wp-content\/uploads\/2019\/05\/20190428_151842-768x1114.jpg 768w, https:\/\/www.conselharan.org\/wp-content\/uploads\/2019\/05\/20190428_151842.jpg 1724w\" sizes=\"(max-width: 706px) 100vw, 706px\" \/><\/a><\/p>\n<p><a href=\"https:\/\/www.conselharan.org\/podiums-tath-cegva-en-campionat-de-catalunya-de-patinatge-artistic-celebrat-en-puigcerda\/20190428_152504\/\" rel=\"attachment wp-att-28519\"><img loading=\"lazy\" decoding=\"async\" class=\"aligncenter size-large wp-image-28519\" src=\"https:\/\/www.conselharan.org\/wp-content\/uploads\/2019\/05\/20190428_152504-1024x576.jpg\" alt=\"\" width=\"1024\" height=\"576\" srcset=\"https:\/\/www.conselharan.org\/wp-content\/uploads\/2019\/05\/20190428_152504-1024x576.jpg 1024w, https:\/\/www.conselharan.org\/wp-content\/uploads\/2019\/05\/20190428_152504-300x169.jpg 300w, https:\/\/www.conselharan.org\/wp-content\/uploads\/2019\/05\/20190428_152504-768x432.jpg 768w\" sizes=\"(max-width: 1024px) 100vw, 1024px\" \/><\/a><\/p>\n<p>&nbsp;<\/p>\n<p>&nbsp;<\/p>\n<p>&nbsp;<\/p>\n<p>Vielha, 2 de mai de 2019<\/p>\n<p>&nbsp;<\/p>\n<p><em>Conselh Generau d&#8217;Aran: N\u00faria Sanjuan<\/em><\/p>\n<p><em>Informacion e fotos: CEGVA<\/em><\/p>\n ","protected":false},"excerpt":{"rendered":"<p>Dus d&#8217;aur, dus d&#8217;argent e dus de bronze, ei eth resultat finau des p\u00f2diums artenhudi peth CEGVA en aguesti campionats de Catalonha 2019. &nbsp; &nbsp; Era passada dimenjada, deth 27 e 28 d&#8217;abriu, se celebr\u00e8c ena pista de g\u00e8u de Puigcerd\u00e0 (Girona), eth Campionat de Catalunya Open de Patinatge Artistic sus g\u00e8u organizat peth club&#8230;<\/p>\n","protected":false},"author":2,"featured_media":28518,"comment_status":"closed","ping_status":"closed","sticky":false,"template":"","format":"standard","meta":{"footnotes":""},"categories":[136],"tags":[],"_links":{"self":[{"href":"https:\/\/www.conselharan.org\/ca\/wp-json\/wp\/v2\/posts\/28527"}],"collection":[{"href":"https:\/\/www.conselharan.org\/ca\/wp-json\/wp\/v2\/posts"}],"about":[{"href":"https:\/\/www.conselharan.org\/ca\/wp-json\/wp\/v2\/types\/post"}],"author":[{"embeddable":true,"href":"https:\/\/www.conselharan.org\/ca\/wp-json\/wp\/v2\/users\/2"}],"replies":[{"embeddable":true,"href":"https:\/\/www.conselharan.org\/ca\/wp-json\/wp\/v2\/comments?post=28527"}],"version-history":[{"count":1,"href":"https:\/\/www.conselharan.org\/ca\/wp-json\/wp\/v2\/posts\/28527\/revisions"}],"predecessor-version":[{"id":28529,"href":"https:\/\/www.conselharan.org\/ca\/wp-json\/wp\/v2\/posts\/28527\/revisions\/28529"}],"wp:featuredmedia":[{"embeddable":true,"href":"https:\/\/www.conselharan.org\/ca\/wp-json\/wp\/v2\/media\/28518"}],"wp:attachment":[{"href":"https:\/\/www.conselharan.org\/ca\/wp-json\/wp\/v2\/media?parent=28527"}],"wp:term":[{"taxonomy":"category","embeddable":true,"href":"https:\/\/www.conselharan.org\/ca\/wp-json\/wp\/v2\/categories?post=28527"},{"taxonomy":"post_tag","embeddable":true,"href":"https:\/\/www.conselharan.org\/ca\/wp-json\/wp\/v2\/tags?post=28527"}],"curies":[{"name":"wp","href":"https:\/\/api.w.org\/{rel}","templated":true}]}}