{"id":28785,"date":"2019-05-21T23:06:49","date_gmt":"2019-05-21T21:06:49","guid":{"rendered":"https:\/\/www.conselharan.org\/?p=28785"},"modified":"2019-05-22T16:20:44","modified_gmt":"2019-05-22T14:20:44","slug":"el-ple-del-conselh-generau-daran-aprova-per-unanimitat-la-creacio-dels-llocs-de-treball-de-major-de-pompiers-i-adjunt-a-direccio-tecnica","status":"publish","type":"post","link":"https:\/\/www.conselharan.org\/ca\/el-ple-del-conselh-generau-daran-aprova-per-unanimitat-la-creacio-dels-llocs-de-treball-de-major-de-pompiers-i-adjunt-a-direccio-tecnica\/","title":{"rendered":"El Ple del Conselh Generau d&#8217;Aran aprova per unanimitat la creaci\u00f3 dels llocs de treball de Major de Pompi\u00e8rs i Adjunt a direcci\u00f3 t\u00e8cnica"},"content":{"rendered":"<p>Vielha, 21 de maig de 2019.- El Ple del Conselh Generau d&#8217;Aran, celebrat avui en Sessi\u00f3 Extraordin\u00e0ria, ha aprovat per unanimitat la modificaci\u00f3 de la relaci\u00f3 de llocs de treball del personal al servei del Consell General d&#8217;Aran per a l&#8217;exercici 2019, el que significa:<\/p>\n<ol>\n<li>Crear els seg\u00fcents llocs de treball de la plantilla de personal:<\/li>\n<\/ol>\n<p>Director t\u00e8cnic (Major) de Pompi\u00e8rs i Adjunt a direcci\u00f3 t\u00e8cnica de prevenci\u00f3, extinci\u00f3 d&#8217;incendis i salvaments.<\/p>\n<p><a href=\"https:\/\/www.conselharan.org\/wp-content\/uploads\/2019\/05\/Ple-Conselh-21-de-maig-2019-1.jpg\"><img loading=\"lazy\" decoding=\"async\" class=\"aligncenter size-large wp-image-28783\" src=\"https:\/\/www.conselharan.org\/wp-content\/uploads\/2019\/05\/Ple-Conselh-21-de-maig-2019-1-1024x482.jpg\" alt=\"\" width=\"1024\" height=\"482\" srcset=\"https:\/\/www.conselharan.org\/wp-content\/uploads\/2019\/05\/Ple-Conselh-21-de-maig-2019-1-1024x482.jpg 1024w, https:\/\/www.conselharan.org\/wp-content\/uploads\/2019\/05\/Ple-Conselh-21-de-maig-2019-1-300x141.jpg 300w, https:\/\/www.conselharan.org\/wp-content\/uploads\/2019\/05\/Ple-Conselh-21-de-maig-2019-1-768x362.jpg 768w\" sizes=\"(max-width: 1024px) 100vw, 1024px\" \/><\/a><\/p>\n<p>L&#8217;estructura del nou model de gesti\u00f3 d&#8217;Emerg\u00e8ncies a l&#8217;Aran, ja creada en aquests \u00faltims mesos, anomenada Pompi\u00e8rs Emerg\u00e8ncies, inclou els serveis de Transport Sanitari, Prevenci\u00f3 i extinci\u00f3 d&#8217;incendis, Rescats en Muntanya i Protecci\u00f3 Civil, un model singular de gesti\u00f3 integral de les emerg\u00e8ncies a Espanya.<\/p>\n<p>Durant un per\u00edode transitori el Conselh Generau d&#8217;Aran crear\u00e0 de forma peri\u00f2dica (4 anys) la seva estructura, de recursos humans, com de renovaci\u00f3 i adquisici\u00f3 de vehicles i equipaments. Despr\u00e9s d&#8217;aquest per\u00edode el Conselh Generau desenvolupar\u00e0 plenament les seves compet\u00e8ncies que li atorga la Llei d&#8217;Aran en aquesta mat\u00e8ria.<\/p>\n<p>En el per\u00edode transitori, el comandament correspon a un funcionari amb la categoria d&#8217;inspector del cos de bombers de la Generalitat de Catalunya, i que el Conselh reconeix amb la denominaci\u00f3 de Major, que dependr\u00e0 org\u00e0nicament de la Generalitat de Catalunya i funcionalment del Conselh Generau d&#8217;Aran, durant aquest per\u00edode transitori.<\/p>\n<p>Un cop superat el per\u00edode transitori i incorporat el personal depenent del Conselh Generau d&#8217;Aran, la figura del Major recaur\u00e0 en un funcionari del Conselh Generau adscrit a Pompi\u00e8rs Emerg\u00e8ncies.<\/p>\n ","protected":false},"excerpt":{"rendered":"<p>Vielha, 21 de maig de 2019.- El Ple del Conselh Generau d&#8217;Aran, celebrat avui en Sessi\u00f3 Extraordin\u00e0ria, ha aprovat per unanimitat la modificaci\u00f3 de la relaci\u00f3 de llocs de treball del personal al servei del Consell General d&#8217;Aran per a l&#8217;exercici 2019, el que significa: Crear els seg\u00fcents llocs de treball de la plantilla de&#8230;<\/p>\n","protected":false},"author":2,"featured_media":28783,"comment_status":"closed","ping_status":"closed","sticky":false,"template":"","format":"standard","meta":{"footnotes":""},"categories":[53],"tags":[],"_links":{"self":[{"href":"https:\/\/www.conselharan.org\/ca\/wp-json\/wp\/v2\/posts\/28785"}],"collection":[{"href":"https:\/\/www.conselharan.org\/ca\/wp-json\/wp\/v2\/posts"}],"about":[{"href":"https:\/\/www.conselharan.org\/ca\/wp-json\/wp\/v2\/types\/post"}],"author":[{"embeddable":true,"href":"https:\/\/www.conselharan.org\/ca\/wp-json\/wp\/v2\/users\/2"}],"replies":[{"embeddable":true,"href":"https:\/\/www.conselharan.org\/ca\/wp-json\/wp\/v2\/comments?post=28785"}],"version-history":[{"count":1,"href":"https:\/\/www.conselharan.org\/ca\/wp-json\/wp\/v2\/posts\/28785\/revisions"}],"predecessor-version":[{"id":28786,"href":"https:\/\/www.conselharan.org\/ca\/wp-json\/wp\/v2\/posts\/28785\/revisions\/28786"}],"wp:featuredmedia":[{"embeddable":true,"href":"https:\/\/www.conselharan.org\/ca\/wp-json\/wp\/v2\/media\/28783"}],"wp:attachment":[{"href":"https:\/\/www.conselharan.org\/ca\/wp-json\/wp\/v2\/media?parent=28785"}],"wp:term":[{"taxonomy":"category","embeddable":true,"href":"https:\/\/www.conselharan.org\/ca\/wp-json\/wp\/v2\/categories?post=28785"},{"taxonomy":"post_tag","embeddable":true,"href":"https:\/\/www.conselharan.org\/ca\/wp-json\/wp\/v2\/tags?post=28785"}],"curies":[{"name":"wp","href":"https:\/\/api.w.org\/{rel}","templated":true}]}}