{"id":29270,"date":"2019-06-28T14:15:39","date_gmt":"2019-06-28T12:15:39","guid":{"rendered":"https:\/\/www.conselharan.org\/?p=29270"},"modified":"2019-06-28T14:15:39","modified_gmt":"2019-06-28T12:15:39","slug":"arriba-la-pedals-de-foc-non-stop-2019-campionat-deuropa-mtb-ultramarathon","status":"publish","type":"post","link":"https:\/\/www.conselharan.org\/ca\/arriba-la-pedals-de-foc-non-stop-2019-campionat-deuropa-mtb-ultramarathon\/","title":{"rendered":"Arriba la Pedals de Foc Non Stop 2019 Campionat d\u2019Europa MTB Ultramarathon"},"content":{"rendered":"<p>Vielha, 28 de juny de 2019.- La Val d\u2019Aran i la seva capital Vielha, acolliran aquest cap de setmana la <strong>14a edici\u00f3 de La PDF Non Stop MTB Ultramarathon Campionat d\u2019Europa MTB Ultramarathon.<\/strong><\/p>\n<p><a href=\"https:\/\/www.conselharan.org\/wp-content\/uploads\/2019\/06\/Pedals-de-Foc-2019-Logo-Ok.jpg\"><img loading=\"lazy\" decoding=\"async\" class=\"aligncenter size-full wp-image-29265\" src=\"https:\/\/www.conselharan.org\/wp-content\/uploads\/2019\/06\/Pedals-de-Foc-2019-Logo-Ok.jpg\" alt=\"\" width=\"855\" height=\"481\" srcset=\"https:\/\/www.conselharan.org\/wp-content\/uploads\/2019\/06\/Pedals-de-Foc-2019-Logo-Ok.jpg 855w, https:\/\/www.conselharan.org\/wp-content\/uploads\/2019\/06\/Pedals-de-Foc-2019-Logo-Ok-300x169.jpg 300w, https:\/\/www.conselharan.org\/wp-content\/uploads\/2019\/06\/Pedals-de-Foc-2019-Logo-Ok-768x432.jpg 768w\" sizes=\"(max-width: 855px) 100vw, 855px\" \/><\/a><\/p>\n<p>Com a novetat en aquesta edici\u00f3 per primera vegada es realitzaran dues sortides per a la prova. A les 05h en punt, l&#8217;hora habitual, sortiran els ciclistes amb llic\u00e8ncia competitiva i que, per tant, opten al Campionat Europeu en alguna de les seves categories. A les 05:10 ho faran els ciclistes que fan la Pedals en categoria cicloturista. D&#8217;aquesta manera s&#8217;evitar\u00e0 barrejar a tots els ciclistes a la sortida i tamb\u00e9 oxigenar una mica m\u00e9s el primer tram de la prova, que \u00e9s el que es realitza de nit.<\/p>\n<p>La Pedals de Foc Non Stop \u00e9s un raid de BTT d\u2019uns 213 quil\u00f2metres i amb 6.200 metres de desnivell positiu amb sortida i arribada a Vielha. <strong>Aquest any assoleix un nou r\u00e8cord d&#8217;inscrits amb m\u00e9s de 1000 participants,<\/strong> recorrent bona part de la geografia de la Val d&#8217;Aran i les comarques de l&#8217;Alta Ribagor\u00e7a, el Pallars Sobir\u00e0 i Pallars Juss\u00e0.<\/p>\n<p><strong>Programa<\/strong><\/p>\n<p>Divendres 28 de juny, de 16:00-20:00<\/p>\n<p>Sala Polivalenta (Vielha)<\/p>\n<p>Recollida de dorsals<\/p>\n<p>Divendres 28 de juny, 20:00<\/p>\n<p>Sala Polivalenta (Vielha)<\/p>\n<p>briefing oficial<\/p>\n<p>Dissabte 29 de juny, 05:00<\/p>\n<p>Aparcament P3 (Vielha)<\/p>\n<p>Sortida de la PDF Non Stop 2019 per llic\u00e8ncies competitives<\/p>\n<p>Dissabte 29 de juny, 05:10<\/p>\n<p>Aparcament P3 (Vielha)<\/p>\n<p>Sortida de la PDF Non Stop 2019 per llic\u00e8ncies cicloturistes<\/p>\n<p>Dissabte 29 de juny, a partir de les 15:00 aprox<\/p>\n<p>C \/ Querim\u00f2nia, juntament p\u00e0rquing P3 (Vielha)<\/p>\n<p>Arribada dels primers corredors<\/p>\n<p>Diumenge 30 de juny, 11:00<\/p>\n<p>Aparcament P3 (Vielha)<\/p>\n<p>Cerim\u00f2nia de lliurament de premis<\/p>\n<p><a href=\"https:\/\/www.conselharan.org\/wp-content\/uploads\/2019\/06\/Pedals-de-Foc-Mapa-Ok.jpg\"><img loading=\"lazy\" decoding=\"async\" class=\"aligncenter size-large wp-image-29266\" src=\"https:\/\/www.conselharan.org\/wp-content\/uploads\/2019\/06\/Pedals-de-Foc-Mapa-Ok-1024x723.jpg\" alt=\"\" width=\"1024\" height=\"723\" srcset=\"https:\/\/www.conselharan.org\/wp-content\/uploads\/2019\/06\/Pedals-de-Foc-Mapa-Ok-1024x723.jpg 1024w, https:\/\/www.conselharan.org\/wp-content\/uploads\/2019\/06\/Pedals-de-Foc-Mapa-Ok-300x212.jpg 300w, https:\/\/www.conselharan.org\/wp-content\/uploads\/2019\/06\/Pedals-de-Foc-Mapa-Ok-768x542.jpg 768w, https:\/\/www.conselharan.org\/wp-content\/uploads\/2019\/06\/Pedals-de-Foc-Mapa-Ok.jpg 1640w\" sizes=\"(max-width: 1024px) 100vw, 1024px\" \/><\/a><\/p>\n<p><strong>Dissabte 29 de juny. Diumenge 30 de juny.<\/strong><\/p>\n<p>Sortida: Vielha 5:00<\/p>\n<p>Arribada: Vielha.<\/p>\n<p>Dist\u00e0ncia total: 213 km.<\/p>\n<p>Desnivell positiu total d\u2019ascens: 6.200 m.<\/p>\n<p>Desnivell negatiu total de descens: 6.200 m.<\/p>\n<p>Al\u00e7ada m\u00e0xima: 2.268 m (Coll de Portella Blanca).<\/p>\n<p>Al\u00e7ada m\u00ednima: 973 m (Llesp, Vall de Bo\u00ed).<\/p>\n<p>Al\u00e7ada mitjana: 1.600 m.<\/p>\n<p>Tipus de terreny: el 61% pista forestal, el 31% carretera semi-asfaltada, 8% cam\u00ed.<\/p>\n<p>Coll m\u00e9s llarg: Coll de Triador (2.140 m), 12 km de pujada al 7,5%.<\/p>\n<p>Colls m\u00e9s durs: Coll de Serreres (1.355 m) 3,8 km al 9,3% \/ Coll de Peranera (1.595 m), 9 km al 7% (3 km al 9%).<\/p>\n<p>La Pedals de Foc Non Stop discorre per: Vielha, Senet, Vinyal, Ginast, Vilaller, Llesp, Iran, Irgo, Gotarta, Raons, Malp\u00e0s, Castellars, Erta, Sas, Sent\u00eds, Les Esgl\u00e9sies, Guir\u00f3, Astell, La Torre de Capdella , Espui, Espot, Son, Sorpe, Bor\u00e9n, Isil, Al\u00f2s d\u2019Isil, Montgarri, Bagergue, Unha, Gessa, Arties, Gar\u00f2s, Casarilh, Betr\u00e9n, Vielha.<\/p>\n<p><a href=\"https:\/\/www.conselharan.org\/wp-content\/uploads\/2019\/06\/PDF-PROFILE-1.jpg\"><img loading=\"lazy\" decoding=\"async\" class=\"aligncenter size-full wp-image-29267\" src=\"https:\/\/www.conselharan.org\/wp-content\/uploads\/2019\/06\/PDF-PROFILE-1.jpg\" alt=\"\" width=\"812\" height=\"655\" srcset=\"https:\/\/www.conselharan.org\/wp-content\/uploads\/2019\/06\/PDF-PROFILE-1.jpg 812w, https:\/\/www.conselharan.org\/wp-content\/uploads\/2019\/06\/PDF-PROFILE-1-300x242.jpg 300w, https:\/\/www.conselharan.org\/wp-content\/uploads\/2019\/06\/PDF-PROFILE-1-768x620.jpg 768w\" sizes=\"(max-width: 812px) 100vw, 812px\" \/><\/a><\/p>\n<p>Al llarg de la competici\u00f3 hi haur\u00e0 situats diversos controls de pas: Vielha (km 0), Vilaller (km 32,7), Castellars (km 61,6), Les Esgl\u00e9sies (km 81,5), Espui (km 101,8 ), Coll de Triador (km 113,5), Espot (km 143,5), Son (km 156,1), Al\u00f3s d&#8217;Isil (km 168), Montgarri (km 185,5) i Vielha (km 213).<\/p>\n<p>\u00c9s important recordar que cal una bona condici\u00f3 f\u00edsica per cobrir el recorregut previst amb garanties. A m\u00e9s, es recomana portar un equipament correcte (bicicleta de muntanya i eines b\u00e0siques) per afrontar-ho. Durant el recorregut de la prova hi haur\u00e0 una s\u00e8rie de punts de control i avituallaments per al bon desenvolupament de la mateixa.<\/p>\n<p><a href=\"https:\/\/www.conselharan.org\/wp-content\/uploads\/2019\/06\/Pedals-de-Foc-2-ok.png\"><img loading=\"lazy\" decoding=\"async\" class=\"aligncenter size-full wp-image-29268\" src=\"https:\/\/www.conselharan.org\/wp-content\/uploads\/2019\/06\/Pedals-de-Foc-2-ok.png\" alt=\"\" width=\"578\" height=\"391\" srcset=\"https:\/\/www.conselharan.org\/wp-content\/uploads\/2019\/06\/Pedals-de-Foc-2-ok.png 578w, https:\/\/www.conselharan.org\/wp-content\/uploads\/2019\/06\/Pedals-de-Foc-2-ok-300x203.png 300w\" sizes=\"(max-width: 578px) 100vw, 578px\" \/><\/a><\/p>\n<p>&nbsp;<\/p>\n<p>&nbsp;<\/p>\n ","protected":false},"excerpt":{"rendered":"<p>Vielha, 28 de juny de 2019.- La Val d\u2019Aran i la seva capital Vielha, acolliran aquest cap de setmana la 14a edici\u00f3 de La PDF Non Stop MTB Ultramarathon Campionat d\u2019Europa MTB Ultramarathon. Com a novetat en aquesta edici\u00f3 per primera vegada es realitzaran dues sortides per a la prova. A les 05h en punt,&#8230;<\/p>\n","protected":false},"author":2,"featured_media":29265,"comment_status":"closed","ping_status":"closed","sticky":false,"template":"","format":"standard","meta":{"footnotes":""},"categories":[136],"tags":[],"_links":{"self":[{"href":"https:\/\/www.conselharan.org\/ca\/wp-json\/wp\/v2\/posts\/29270"}],"collection":[{"href":"https:\/\/www.conselharan.org\/ca\/wp-json\/wp\/v2\/posts"}],"about":[{"href":"https:\/\/www.conselharan.org\/ca\/wp-json\/wp\/v2\/types\/post"}],"author":[{"embeddable":true,"href":"https:\/\/www.conselharan.org\/ca\/wp-json\/wp\/v2\/users\/2"}],"replies":[{"embeddable":true,"href":"https:\/\/www.conselharan.org\/ca\/wp-json\/wp\/v2\/comments?post=29270"}],"version-history":[{"count":1,"href":"https:\/\/www.conselharan.org\/ca\/wp-json\/wp\/v2\/posts\/29270\/revisions"}],"predecessor-version":[{"id":29271,"href":"https:\/\/www.conselharan.org\/ca\/wp-json\/wp\/v2\/posts\/29270\/revisions\/29271"}],"wp:featuredmedia":[{"embeddable":true,"href":"https:\/\/www.conselharan.org\/ca\/wp-json\/wp\/v2\/media\/29265"}],"wp:attachment":[{"href":"https:\/\/www.conselharan.org\/ca\/wp-json\/wp\/v2\/media?parent=29270"}],"wp:term":[{"taxonomy":"category","embeddable":true,"href":"https:\/\/www.conselharan.org\/ca\/wp-json\/wp\/v2\/categories?post=29270"},{"taxonomy":"post_tag","embeddable":true,"href":"https:\/\/www.conselharan.org\/ca\/wp-json\/wp\/v2\/tags?post=29270"}],"curies":[{"name":"wp","href":"https:\/\/api.w.org\/{rel}","templated":true}]}}