{"id":29480,"date":"2019-07-17T14:01:00","date_gmt":"2019-07-17T12:01:00","guid":{"rendered":"https:\/\/www.conselharan.org\/?p=29480"},"modified":"2019-07-18T15:07:16","modified_gmt":"2019-07-18T13:07:16","slug":"oberta-al-public-lexposicio-el-mon-de-gaspar-de-portola","status":"publish","type":"post","link":"https:\/\/www.conselharan.org\/ca\/oberta-al-public-lexposicio-el-mon-de-gaspar-de-portola\/","title":{"rendered":"Oberta al p\u00fablic l\u2019exposici\u00f3 \u201cEl m\u00f3n de Gaspar de Portol\u00e0\u201d"},"content":{"rendered":"<p><a href=\"https:\/\/www.conselharan.org\/wp-content\/uploads\/2019\/07\/DSC_0006.jpg\"><img loading=\"lazy\" decoding=\"async\" class=\"aligncenter wp-image-29478 size-large\" src=\"https:\/\/www.conselharan.org\/wp-content\/uploads\/2019\/07\/DSC_0006-1024x681.jpg\" alt=\"\" width=\"1024\" height=\"681\" srcset=\"https:\/\/www.conselharan.org\/wp-content\/uploads\/2019\/07\/DSC_0006-1024x681.jpg 1024w, https:\/\/www.conselharan.org\/wp-content\/uploads\/2019\/07\/DSC_0006-300x199.jpg 300w, https:\/\/www.conselharan.org\/wp-content\/uploads\/2019\/07\/DSC_0006-768x511.jpg 768w\" sizes=\"(max-width: 1024px) 100vw, 1024px\" \/><\/a><\/p>\n<p>El Parador Nacional Gaspar de Portol\u00e0 d&#8217;Arties acull l&#8217;exposici\u00f3 &#8220;<strong>El M\u00f3n de Gaspar de Portol\u00e0<\/strong>&#8220;, que ser\u00e0 visitable tot el dia <strong>de dilluns a diumenge durant els\u00a0mesos vinents<\/strong>.<\/p>\n<p>El passat dilluns, 15 de juliol, diversos representants del\u00a0Conselh\u00a0Generau\u00a0d&#8217;Aran, l&#8217;Ajuntament de Naut Aran, l&#8217;EMD\u00a0d&#8217;Arties i el Parador Nacional d&#8217;Arties, entre ells el <strong>s\u00edndic d&#8217;Aran,\u00a0Franc\u00e9s\u00a0Boya, la\u00a0vices\u00edndica, Maria\u00a0Verg\u00e9s, i el conseller de Territori,\u00a0Francisco\u00a0Bruna<\/strong>, van assistir a l&#8217;obertura de la mostra\u00a0acompanyats\u00a0pel seu <strong>comissari, Josep Llu\u00eds Ribes<\/strong>.<\/p>\n<p><strong>Gaspar de Portol\u00e0 <\/strong>(1717-1786), militar i explorador, \u00e9s conegut per haver sigut el primer <strong>governador de\u00a0Calif\u00f2rnia<\/strong>\u00a0i fundador de les ciutats de San Diego\u00a0i\u00a0Monterrey.<\/p>\n<p>Els Portol\u00e0 eren una\u00a0fam\u00edlia\u00a0de la petita noblesa, terratinents especialitzats en bestiar equ\u00ed i <strong>molt relacionats amb el poble d&#8217;Arties<\/strong>, perqu\u00e8 all\u00e0 hi tenien una casa,\u00a0avui\u00a0integrada al <strong>Parador Nacional<\/strong>, i de la qual es conserven <strong>la torre i la capella<\/strong>.<\/p>\n<p>Aquesta <strong>exposici\u00f3 de l&#8217;Institut d&#8217;Estudis Ilerdencs<\/strong> recull cartografia, documentaci\u00f3 i armes de <strong>l&#8217;expedici\u00f3 de Portol\u00e0<\/strong>, per\u00f2 la seva figura \u00e9s encara\u00a0un misteri, perqu\u00e8 es desconeixen molts detalls de la seva persona.<\/p>\n ","protected":false},"excerpt":{"rendered":"<p>El Parador Nacional Gaspar de Portol\u00e0 d&#8217;Arties acull l&#8217;exposici\u00f3 &#8220;El M\u00f3n de Gaspar de Portol\u00e0&#8220;, que ser\u00e0 visitable tot el dia de dilluns a diumenge durant els\u00a0mesos vinents. El passat dilluns, 15 de juliol, diversos representants del\u00a0Conselh\u00a0Generau\u00a0d&#8217;Aran, l&#8217;Ajuntament de Naut Aran, l&#8217;EMD\u00a0d&#8217;Arties i el Parador Nacional d&#8217;Arties, entre ells el s\u00edndic d&#8217;Aran,\u00a0Franc\u00e9s\u00a0Boya, la\u00a0vices\u00edndica, Maria\u00a0Verg\u00e9s, i&#8230;<\/p>\n","protected":false},"author":10,"featured_media":29478,"comment_status":"closed","ping_status":"closed","sticky":false,"template":"","format":"standard","meta":{"footnotes":""},"categories":[53],"tags":[],"_links":{"self":[{"href":"https:\/\/www.conselharan.org\/ca\/wp-json\/wp\/v2\/posts\/29480"}],"collection":[{"href":"https:\/\/www.conselharan.org\/ca\/wp-json\/wp\/v2\/posts"}],"about":[{"href":"https:\/\/www.conselharan.org\/ca\/wp-json\/wp\/v2\/types\/post"}],"author":[{"embeddable":true,"href":"https:\/\/www.conselharan.org\/ca\/wp-json\/wp\/v2\/users\/10"}],"replies":[{"embeddable":true,"href":"https:\/\/www.conselharan.org\/ca\/wp-json\/wp\/v2\/comments?post=29480"}],"version-history":[{"count":1,"href":"https:\/\/www.conselharan.org\/ca\/wp-json\/wp\/v2\/posts\/29480\/revisions"}],"predecessor-version":[{"id":29481,"href":"https:\/\/www.conselharan.org\/ca\/wp-json\/wp\/v2\/posts\/29480\/revisions\/29481"}],"wp:featuredmedia":[{"embeddable":true,"href":"https:\/\/www.conselharan.org\/ca\/wp-json\/wp\/v2\/media\/29478"}],"wp:attachment":[{"href":"https:\/\/www.conselharan.org\/ca\/wp-json\/wp\/v2\/media?parent=29480"}],"wp:term":[{"taxonomy":"category","embeddable":true,"href":"https:\/\/www.conselharan.org\/ca\/wp-json\/wp\/v2\/categories?post=29480"},{"taxonomy":"post_tag","embeddable":true,"href":"https:\/\/www.conselharan.org\/ca\/wp-json\/wp\/v2\/tags?post=29480"}],"curies":[{"name":"wp","href":"https:\/\/api.w.org\/{rel}","templated":true}]}}