{"id":29501,"date":"2019-07-19T10:17:16","date_gmt":"2019-07-19T08:17:16","guid":{"rendered":"https:\/\/www.conselharan.org\/eth-museu-dera-val-daran-culmine-era-setmana-de-bruishes-en-joanchiquet\/"},"modified":"2019-07-22T12:36:02","modified_gmt":"2019-07-22T10:36:02","slug":"eth-museu-dera-val-daran-culmine-era-setmana-de-bruishes-en-joanchiquet","status":"publish","type":"post","link":"https:\/\/www.conselharan.org\/ca\/eth-museu-dera-val-daran-culmine-era-setmana-de-bruishes-en-joanchiquet\/","title":{"rendered":"Eth Mus\u00e8u dera Val d&#8217;Aran culmine era &#8220;Setmana de Bruishes&#8221; en Joanchiquet"},"content":{"rendered":"<p><a href=\"https:\/\/www.conselharan.org\/wp-content\/uploads\/2019\/07\/Setmana-bruishes_19-de-julio.png\"><img loading=\"lazy\" decoding=\"async\" class=\"aligncenter wp-image-29499 size-large\" src=\"https:\/\/www.conselharan.org\/wp-content\/uploads\/2019\/07\/Setmana-bruishes_19-de-julio-1024x576.png\" alt=\"\" width=\"1024\" height=\"576\" srcset=\"https:\/\/www.conselharan.org\/wp-content\/uploads\/2019\/07\/Setmana-bruishes_19-de-julio-1024x576.png 1024w, https:\/\/www.conselharan.org\/wp-content\/uploads\/2019\/07\/Setmana-bruishes_19-de-julio-300x169.png 300w, https:\/\/www.conselharan.org\/wp-content\/uploads\/2019\/07\/Setmana-bruishes_19-de-julio-768x432.png 768w, https:\/\/www.conselharan.org\/wp-content\/uploads\/2019\/07\/Setmana-bruishes_19-de-julio.png 1920w\" sizes=\"(max-width: 1024px) 100vw, 1024px\" \/><\/a><\/p>\n<p>Avui, divendres 19 de juliol, a <strong>l&#8217;Ecomuseu\u00a0\u00e7\u00f2\u00a0de\u00a0Joanchiquet\u00a0de Vilam\u00f2s<\/strong>, el <strong>Museu\u00a0de la Val\u00a0d&#8217;Aran<\/strong> proposa unes activitats molt especials per aprofundir en el coneixement del\u00a0fenomen\u00a0de la <strong>bruixeria<\/strong>\u00a0a nivell europeu\u00a0i pirinenc.<\/p>\n<p><strong>A les 18 hores<\/strong>, l&#8217;historiador i professor de la Universitat de Barcelona (UB), <strong>Pau Castell<\/strong>, ofereix la confer\u00e8ncia &#8220;<strong>Tots deien que era bruixa. La cacera de les bruixes al Pirineu<\/strong>&#8220;, que brinda l&#8217;oportunitat de\u00a0con\u00e8ixer\u00a0la\u00a0hist\u00f2ria\u00a0de la bruixeria a Europa, des de la seva creaci\u00f3 passant per la cacera i els judicis de les bruixes als Pirineus.<\/p>\n<p>Pau Castell, a m\u00e9s d&#8217;expert en aquesta tem\u00e0tica, al torn de la qual gira la seva tesi, ha estat el comissari de l&#8217;exposici\u00f3 sobre la bruixeria a les terres de Ponent i Pirineus, &#8220;<strong>Se&#8217;n\u00a0parlave\u00a0i\u00a0n&#8217;hi\u00a0havie<\/strong>&#8220;, que es pot visitar\u00a0<strong>fins al\u00a030 d&#8217;agost a l&#8217;Ecomuseu\u00a0\u00e7\u00f2\u00a0de\u00a0Joanchiquet<\/strong>.<\/p>\n<p>En acabar\u00a0la\u00a0confer\u00e8ncia, els inscrits al &#8220;<strong>Sopar de bruixes<\/strong>&#8221; es reuniran al restaurant\u00a0Uishera\u00a0House\u00a0de Vilam\u00f2s. La reserva de places est\u00e0 ja tancada.<\/p>\n<p>Finalment, <strong>a les 22 hores a la borda de\u00a0Joanchiquet<\/strong>, es projectar\u00e0 el documental &#8220;<strong>B\u00e9cquer\u00a0y\u00a0las\u00a0brujas<\/strong>&#8220;, film reconegut amb diversos premis\u00a0a nivell estatal\u00a0i que aborda la\u00a0bruixeria\u00a0a l&#8217;\u00e8poca del poeta\u00a0Gustavo\u00a0Adolfo\u00a0B\u00e9cquer (s.XIX).<\/p>\n<p><strong>L&#8217;assist\u00e8ncia a la\u00a0confer\u00e8ncia\u00a0i la projecci\u00f3 \u00e9s gratu\u00efta<\/strong> per\u00f2 les places s\u00f3n limitades, per aix\u00f2 es demana als assistents <strong>m\u00e0xima puntualitat<\/strong>.<\/p>\n<p>La &#8220;<strong>Setmana de Bruixes<\/strong>&#8221; \u00e9s una iniciativa organitzada des del <strong>Museu\u00a0de la Val\u00a0d&#8217;Aran<\/strong> amb motiu de l&#8217;exposici\u00f3 itinerant, &#8220;<strong>Se&#8217;n\u00a0parlave\u00a0i\u00a0n&#8217;hi\u00a0havie<\/strong>&#8220;,\u00a0produ\u00efda\u00a0per la Xarxa de Museus de les Terres de Lleida i Aran.<\/p>\n<p>&nbsp;<\/p>\n<p>&nbsp;<\/p>\n ","protected":false},"excerpt":{"rendered":"<p>Avui, divendres 19 de juliol, a l&#8217;Ecomuseu\u00a0\u00e7\u00f2\u00a0de\u00a0Joanchiquet\u00a0de Vilam\u00f2s, el Museu\u00a0de la Val\u00a0d&#8217;Aran proposa unes activitats molt especials per aprofundir en el coneixement del\u00a0fenomen\u00a0de la bruixeria\u00a0a nivell europeu\u00a0i pirinenc. A les 18 hores, l&#8217;historiador i professor de la Universitat de Barcelona (UB), Pau Castell, ofereix la confer\u00e8ncia &#8220;Tots deien que era bruixa. La cacera de les&#8230;<\/p>\n","protected":false},"author":10,"featured_media":29499,"comment_status":"closed","ping_status":"closed","sticky":false,"template":"","format":"standard","meta":{"footnotes":""},"categories":[33],"tags":[],"_links":{"self":[{"href":"https:\/\/www.conselharan.org\/ca\/wp-json\/wp\/v2\/posts\/29501"}],"collection":[{"href":"https:\/\/www.conselharan.org\/ca\/wp-json\/wp\/v2\/posts"}],"about":[{"href":"https:\/\/www.conselharan.org\/ca\/wp-json\/wp\/v2\/types\/post"}],"author":[{"embeddable":true,"href":"https:\/\/www.conselharan.org\/ca\/wp-json\/wp\/v2\/users\/10"}],"replies":[{"embeddable":true,"href":"https:\/\/www.conselharan.org\/ca\/wp-json\/wp\/v2\/comments?post=29501"}],"version-history":[{"count":4,"href":"https:\/\/www.conselharan.org\/ca\/wp-json\/wp\/v2\/posts\/29501\/revisions"}],"predecessor-version":[{"id":29511,"href":"https:\/\/www.conselharan.org\/ca\/wp-json\/wp\/v2\/posts\/29501\/revisions\/29511"}],"wp:featuredmedia":[{"embeddable":true,"href":"https:\/\/www.conselharan.org\/ca\/wp-json\/wp\/v2\/media\/29499"}],"wp:attachment":[{"href":"https:\/\/www.conselharan.org\/ca\/wp-json\/wp\/v2\/media?parent=29501"}],"wp:term":[{"taxonomy":"category","embeddable":true,"href":"https:\/\/www.conselharan.org\/ca\/wp-json\/wp\/v2\/categories?post=29501"},{"taxonomy":"post_tag","embeddable":true,"href":"https:\/\/www.conselharan.org\/ca\/wp-json\/wp\/v2\/tags?post=29501"}],"curies":[{"name":"wp","href":"https:\/\/api.w.org\/{rel}","templated":true}]}}