{"id":29590,"date":"2019-07-26T16:35:02","date_gmt":"2019-07-26T14:35:02","guid":{"rendered":"https:\/\/www.conselharan.org\/?p=29590"},"modified":"2019-07-26T16:35:02","modified_gmt":"2019-07-26T14:35:02","slug":"proclamacio-oficial-de-bagergue-com-a-un-dels-pobles-mes-bonics-despanya","status":"publish","type":"post","link":"https:\/\/www.conselharan.org\/ca\/proclamacio-oficial-de-bagergue-com-a-un-dels-pobles-mes-bonics-despanya\/","title":{"rendered":"Proclamaci\u00f3 oficial de Bagergue com a un dels Pobles m\u00e9s Bonics d\u2019Espanya"},"content":{"rendered":"<p><a href=\"https:\/\/www.conselharan.org\/wp-content\/uploads\/2019\/07\/bd192a73-71e3-471b-ba1e-7ef2fbb2c40a.jpg\"><img loading=\"lazy\" decoding=\"async\" class=\"aligncenter wp-image-29587 size-full\" src=\"https:\/\/www.conselharan.org\/wp-content\/uploads\/2019\/07\/bd192a73-71e3-471b-ba1e-7ef2fbb2c40a.jpg\" alt=\"\" width=\"960\" height=\"726\" srcset=\"https:\/\/www.conselharan.org\/wp-content\/uploads\/2019\/07\/bd192a73-71e3-471b-ba1e-7ef2fbb2c40a.jpg 960w, https:\/\/www.conselharan.org\/wp-content\/uploads\/2019\/07\/bd192a73-71e3-471b-ba1e-7ef2fbb2c40a-300x227.jpg 300w, https:\/\/www.conselharan.org\/wp-content\/uploads\/2019\/07\/bd192a73-71e3-471b-ba1e-7ef2fbb2c40a-768x581.jpg 768w\" sizes=\"(max-width: 960px) 100vw, 960px\" \/><\/a><\/p>\n<p>Dem\u00e0, dissabte 27 de juliol, <strong>Bagergue celebrar\u00e0 la seva proclamaci\u00f3 oficial com a un dels Pobles m\u00e9s Bonics d\u2019Espanya<\/strong>, despr\u00e9s de la seva certificaci\u00f3 el passat mes de gener a la Fira Internacional de Turisme (FITUR) de Madrid.<\/p>\n<p>L\u2019acte comen\u00e7ar\u00e0 <strong>a les 12.00 hores a l\u2019Esgl\u00e9sia de Sant F\u00e8lix<\/strong> amb la benvinguda i presentaci\u00f3 del <strong>president de l\u2019EMD de Bagergue, Marc Tarrau<\/strong>, i el <strong>president de l\u2019Associaci\u00f3 de Pobles m\u00e9s Bonics d\u2019Espanya, Francisco Mestre<\/strong>.<\/p>\n<p>La jornada comptar\u00e0 tamb\u00e9 amb les intervencions de la <strong>vices\u00edndica d\u2019Aran, Maria Verg\u00e9s<\/strong>, la <strong>delegada del Govern a Catalunya, Teresa Cunillera<\/strong>, l\u2019<strong>alcalde de Naut Aran, C\u00e9sar Ruiz-Canela<\/strong>, i la <strong>directora de Museus de la Val d\u2019Aran, Carla del Valle<\/strong>.<\/p>\n<p>En acabar els actes a l\u2019interior de l\u2019esgl\u00e9sia, hi haur\u00e0 una mostra de <strong>danses tradicionals<\/strong> araneses, una visita per la <strong>Ruta dels Espais Florits<\/strong> i es procedir\u00e0 a <strong>destapar el cartell<\/strong>. Per acabar, l\u2019EMD de Bagergue oferir\u00e0 als assistents un <strong>aperitiu de productes locals<\/strong>.<\/p>\n<p><a href=\"https:\/\/www.conselharan.org\/wp-content\/uploads\/2019\/07\/5b4c2b3f-99bd-4f80-bafc-84adbaa0bd70.jpg\"><img loading=\"lazy\" decoding=\"async\" class=\"aligncenter wp-image-29588 size-full\" src=\"https:\/\/www.conselharan.org\/wp-content\/uploads\/2019\/07\/5b4c2b3f-99bd-4f80-bafc-84adbaa0bd70.jpg\" alt=\"\" width=\"960\" height=\"640\" srcset=\"https:\/\/www.conselharan.org\/wp-content\/uploads\/2019\/07\/5b4c2b3f-99bd-4f80-bafc-84adbaa0bd70.jpg 960w, https:\/\/www.conselharan.org\/wp-content\/uploads\/2019\/07\/5b4c2b3f-99bd-4f80-bafc-84adbaa0bd70-300x200.jpg 300w, https:\/\/www.conselharan.org\/wp-content\/uploads\/2019\/07\/5b4c2b3f-99bd-4f80-bafc-84adbaa0bd70-768x512.jpg 768w\" sizes=\"(max-width: 960px) 100vw, 960px\" \/><\/a><\/p>\n<p>L\u2019esdeveniment servir\u00e0 per explicar <strong>la import\u00e0ncia que t\u00e9 per aquest petit poble aran\u00e8s formar part de la marca de qualitat que representa l\u2019Associaci\u00f3 de Pobles m\u00e9s Bonics d\u2019Espanya<\/strong>, i l\u2019impacte i la projecci\u00f3 que generar\u00e0 en l\u2019\u00e0mbit tur\u00edstic.<\/p>\n<p>\u201cCal felicitar el poble de Bagergue i al seu alcalde per aquesta distinci\u00f3 que tant mereixen. <strong>El treball que, di\u00e0riament, duen a terme els alcaldes i alcaldesses aranesos \u00e9s, pel Conselh Generau d\u2019Aran, clau per al desenvolupament del nostre pa\u00eds<\/strong> i \u00e9s necessari recon\u00e8ixer-ho\u201d, assegura la vices\u00edndica d\u2019Aran, Maria Verg\u00e9s.<\/p>\n<p>Bagergue \u00e9s un de les onze noves poblacions que han passat enguany a formar part d\u2019aquesta xarxa, la qual compta ja amb <strong>79 pobles<\/strong>.<\/p>\n<p><a href=\"https:\/\/www.conselharan.org\/wp-content\/uploads\/2019\/07\/657b3ff6-9db7-4d5a-b717-18ca50fe9b1c.jpg\"><img loading=\"lazy\" decoding=\"async\" class=\"aligncenter wp-image-29584 size-large\" src=\"https:\/\/www.conselharan.org\/wp-content\/uploads\/2019\/07\/657b3ff6-9db7-4d5a-b717-18ca50fe9b1c-759x1024.jpg\" alt=\"\" width=\"759\" height=\"1024\" srcset=\"https:\/\/www.conselharan.org\/wp-content\/uploads\/2019\/07\/657b3ff6-9db7-4d5a-b717-18ca50fe9b1c.jpg 759w, https:\/\/www.conselharan.org\/wp-content\/uploads\/2019\/07\/657b3ff6-9db7-4d5a-b717-18ca50fe9b1c-222x300.jpg 222w\" sizes=\"(max-width: 759px) 100vw, 759px\" \/><\/a><\/p>\n<p>Font: Associaci\u00f3 dels Pobles m\u00e8s Bonics d\u2019Espanya<\/p>\n<p>Imatges: Val d&#8217;Aran Photos i EMD Bagergue<\/p>\n ","protected":false},"excerpt":{"rendered":"<p>Dem\u00e0, dissabte 27 de juliol, Bagergue celebrar\u00e0 la seva proclamaci\u00f3 oficial com a un dels Pobles m\u00e9s Bonics d\u2019Espanya, despr\u00e9s de la seva certificaci\u00f3 el passat mes de gener a la Fira Internacional de Turisme (FITUR) de Madrid. L\u2019acte comen\u00e7ar\u00e0 a les 12.00 hores a l\u2019Esgl\u00e9sia de Sant F\u00e8lix amb la benvinguda i presentaci\u00f3 del&#8230;<\/p>\n","protected":false},"author":10,"featured_media":29585,"comment_status":"closed","ping_status":"closed","sticky":false,"template":"","format":"standard","meta":{"footnotes":""},"categories":[33,139],"tags":[153,206,203,207,208,85,209,210,150,158],"_links":{"self":[{"href":"https:\/\/www.conselharan.org\/ca\/wp-json\/wp\/v2\/posts\/29590"}],"collection":[{"href":"https:\/\/www.conselharan.org\/ca\/wp-json\/wp\/v2\/posts"}],"about":[{"href":"https:\/\/www.conselharan.org\/ca\/wp-json\/wp\/v2\/types\/post"}],"author":[{"embeddable":true,"href":"https:\/\/www.conselharan.org\/ca\/wp-json\/wp\/v2\/users\/10"}],"replies":[{"embeddable":true,"href":"https:\/\/www.conselharan.org\/ca\/wp-json\/wp\/v2\/comments?post=29590"}],"version-history":[{"count":1,"href":"https:\/\/www.conselharan.org\/ca\/wp-json\/wp\/v2\/posts\/29590\/revisions"}],"predecessor-version":[{"id":29592,"href":"https:\/\/www.conselharan.org\/ca\/wp-json\/wp\/v2\/posts\/29590\/revisions\/29592"}],"wp:featuredmedia":[{"embeddable":true,"href":"https:\/\/www.conselharan.org\/ca\/wp-json\/wp\/v2\/media\/29585"}],"wp:attachment":[{"href":"https:\/\/www.conselharan.org\/ca\/wp-json\/wp\/v2\/media?parent=29590"}],"wp:term":[{"taxonomy":"category","embeddable":true,"href":"https:\/\/www.conselharan.org\/ca\/wp-json\/wp\/v2\/categories?post=29590"},{"taxonomy":"post_tag","embeddable":true,"href":"https:\/\/www.conselharan.org\/ca\/wp-json\/wp\/v2\/tags?post=29590"}],"curies":[{"name":"wp","href":"https:\/\/api.w.org\/{rel}","templated":true}]}}