{"id":29711,"date":"2019-08-02T11:04:27","date_gmt":"2019-08-02T09:04:27","guid":{"rendered":"https:\/\/www.conselharan.org\/?p=29711"},"modified":"2019-08-02T11:04:27","modified_gmt":"2019-08-02T09:04:27","slug":"nou-cicle-destiu-del-romanic-musicau-a-la-val-daran","status":"publish","type":"post","link":"https:\/\/www.conselharan.org\/ca\/nou-cicle-destiu-del-romanic-musicau-a-la-val-daran\/","title":{"rendered":"Nou cicle d\u2019estiu del \u201cRomanic Musicau\u201d a la Val d\u2019Aran"},"content":{"rendered":"<p><a href=\"https:\/\/www.conselharan.org\/wp-content\/uploads\/2019\/08\/0001.jpg\"><img loading=\"lazy\" decoding=\"async\" class=\"aligncenter wp-image-29709 size-large\" src=\"https:\/\/www.conselharan.org\/wp-content\/uploads\/2019\/08\/0001-724x1024.jpg\" alt=\"\" width=\"724\" height=\"1024\" srcset=\"https:\/\/www.conselharan.org\/wp-content\/uploads\/2019\/08\/0001-724x1024.jpg 724w, https:\/\/www.conselharan.org\/wp-content\/uploads\/2019\/08\/0001-212x300.jpg 212w, https:\/\/www.conselharan.org\/wp-content\/uploads\/2019\/08\/0001-768x1086.jpg 768w\" sizes=\"(max-width: 724px) 100vw, 724px\" \/><\/a><\/p>\n<ul>\n<li>\n<h3><strong>Un total de 5 esgl\u00e9sies mostraran el seu patrimoni, amb projeccions comentades per una historiadora, seguida d\u2019un concert de m\u00fasica cl\u00e0ssica<\/strong><\/h3>\n<\/li>\n<li>\n<h3><strong>5 formacions de\u00a0concertistes ompliran de m\u00fasica cl\u00e0ssica cada una de les esgl\u00e9sies escollides pel present cicle Rom\u00e0nic Musical<\/strong><\/h3>\n<\/li>\n<\/ul>\n<p>El <strong>Conselh Generau d\u2019Aran<\/strong> i <strong>Foment Torisme Val d\u2019Aran<\/strong>, amb la col\u00b7laboraci\u00f3 d l\u2019<strong>Arxiprestat de la Val d\u2019Aran<\/strong>, organitzen la <strong>21ena edici\u00f3<\/strong> del cicle de visites i concert<strong> Rom\u00e0nic Musical<\/strong>.<\/p>\n<p>Amb aquestes <strong>visites nocturnes a les esgl\u00e9sies araneses i el posterior concert<\/strong> no nom\u00e9s es posa en valor el territori, sin\u00f3 tamb\u00e9 l&#8217;oferta d\u2019activitats\u00a0l\u00fadico-culturals.<\/p>\n<p>\u201c<strong>Romanic Musicau<\/strong>\u201d \u00e9s una activitat\u00a0que arriba a la seva 21ena edici\u00f3 amb <strong>noves hist\u00f2ries sobre els monuments i amb grups musicals que complementen l&#8217;explicaci\u00f3 de la historiadora<\/strong> que, amb suport d\u2019imatges i indicacions de la mateixa esgl\u00e9sia, desenvolupa la hist\u00f2ria amb el transcurs dels anys. Una\u00a0<strong>contextualitzaci\u00f3\u00a0de l&#8217;edifici<\/strong> que serveix per facilitar informaci\u00f3 sobre el pas del temps i com ha afectat al monument i el seu entorn. Veiem com el g\u00f2tic i el rom\u00e0nic es donen la m\u00e0 per acabar donant pas a l\u2019esplendor de les pintures els murs, sostres i objectes que ens parlen de la forma de vida i el sentir de l&#8217;\u00e8poca.<\/p>\n<p><strong>Sant Andreu de Salard\u00fa la 2 d\u2019agost, Sant Blai de Les la 9 d\u2019agost, Santa Eul\u00e0lia d\u2019Unha la 16 d\u2019agost, la Purificaci\u00f3 de Maria de Boss\u00f2st la 23 d\u2019agost i Sant Miqu\u00e8u de Vielha la 30 d\u2019agost<\/strong> configuren la programaci\u00f3 del cicle d\u2019estiu, que compti amb 16 m\u00fasics que realitzaran concerts de m\u00fasica cl\u00e0ssica a les diferents esgl\u00e9sies.<\/p>\n<p>Un projecte que reuneix diferent p\u00fablic, habitants de la Val d\u2019Aran i turistes, que gaudissin d\u2019un espai \u00fanic dins de l&#8217;oferta cultural gratu\u00efta\u00a0que ofereixen el Consell i Foment Turisme Vall d\u2019Aran.<\/p>\n ","protected":false},"excerpt":{"rendered":"<p>Un total de 5 esgl\u00e9sies mostraran el seu patrimoni, amb projeccions comentades per una historiadora, seguida d\u2019un concert de m\u00fasica cl\u00e0ssica 5 formacions de\u00a0concertistes ompliran de m\u00fasica cl\u00e0ssica cada una de les esgl\u00e9sies escollides pel present cicle Rom\u00e0nic Musical El Conselh Generau d\u2019Aran i Foment Torisme Val d\u2019Aran, amb la col\u00b7laboraci\u00f3 d l\u2019Arxiprestat de la&#8230;<\/p>\n","protected":false},"author":10,"featured_media":29709,"comment_status":"closed","ping_status":"closed","sticky":false,"template":"","format":"standard","meta":{"footnotes":""},"categories":[33],"tags":[],"_links":{"self":[{"href":"https:\/\/www.conselharan.org\/ca\/wp-json\/wp\/v2\/posts\/29711"}],"collection":[{"href":"https:\/\/www.conselharan.org\/ca\/wp-json\/wp\/v2\/posts"}],"about":[{"href":"https:\/\/www.conselharan.org\/ca\/wp-json\/wp\/v2\/types\/post"}],"author":[{"embeddable":true,"href":"https:\/\/www.conselharan.org\/ca\/wp-json\/wp\/v2\/users\/10"}],"replies":[{"embeddable":true,"href":"https:\/\/www.conselharan.org\/ca\/wp-json\/wp\/v2\/comments?post=29711"}],"version-history":[{"count":1,"href":"https:\/\/www.conselharan.org\/ca\/wp-json\/wp\/v2\/posts\/29711\/revisions"}],"predecessor-version":[{"id":29713,"href":"https:\/\/www.conselharan.org\/ca\/wp-json\/wp\/v2\/posts\/29711\/revisions\/29713"}],"wp:featuredmedia":[{"embeddable":true,"href":"https:\/\/www.conselharan.org\/ca\/wp-json\/wp\/v2\/media\/29709"}],"wp:attachment":[{"href":"https:\/\/www.conselharan.org\/ca\/wp-json\/wp\/v2\/media?parent=29711"}],"wp:term":[{"taxonomy":"category","embeddable":true,"href":"https:\/\/www.conselharan.org\/ca\/wp-json\/wp\/v2\/categories?post=29711"},{"taxonomy":"post_tag","embeddable":true,"href":"https:\/\/www.conselharan.org\/ca\/wp-json\/wp\/v2\/tags?post=29711"}],"curies":[{"name":"wp","href":"https:\/\/api.w.org\/{rel}","templated":true}]}}