{"id":29746,"date":"2019-08-05T11:45:07","date_gmt":"2019-08-05T09:45:07","guid":{"rendered":"https:\/\/www.conselharan.org\/?p=29746"},"modified":"2019-08-05T11:48:41","modified_gmt":"2019-08-05T09:48:41","slug":"coneix-els-passos-de-verdaguer-per-aran-en-la-setmana-maleida-del-5-al-9-dagost","status":"publish","type":"post","link":"https:\/\/www.conselharan.org\/ca\/coneix-els-passos-de-verdaguer-per-aran-en-la-setmana-maleida-del-5-al-9-dagost\/","title":{"rendered":"Coneix els passos de Verdaguer per Aran en la \u201cSetmana Male\u00efda\u201d del 5 al 9 d\u2019agost"},"content":{"rendered":"<p><a href=\"https:\/\/www.conselharan.org\/wp-content\/uploads\/2019\/08\/Setmana-Male\u00efda.jpg\"><img loading=\"lazy\" decoding=\"async\" class=\"aligncenter wp-image-29744 size-large\" src=\"https:\/\/www.conselharan.org\/wp-content\/uploads\/2019\/08\/Setmana-Male\u00efda-724x1024.jpg\" alt=\"\" width=\"724\" height=\"1024\" srcset=\"https:\/\/www.conselharan.org\/wp-content\/uploads\/2019\/08\/Setmana-Male\u00efda-724x1024.jpg 724w, https:\/\/www.conselharan.org\/wp-content\/uploads\/2019\/08\/Setmana-Male\u00efda-212x300.jpg 212w, https:\/\/www.conselharan.org\/wp-content\/uploads\/2019\/08\/Setmana-Male\u00efda-768x1086.jpg 768w, https:\/\/www.conselharan.org\/wp-content\/uploads\/2019\/08\/Setmana-Male\u00efda.jpg 794w\" sizes=\"(max-width: 724px) 100vw, 724px\" \/><\/a><\/p>\n<ul>\n<li>\n<h3><strong>L&#8217;estiu de 1882, Jacint Verdaguer va sortir de la Seu d\u2019Urgell i va rec\u00f3rrer el Pirineu a peu en el busca de la\u00a0Male\u00efda,\u00a0qu\u2019era com tradicionalment es coneixia el pic de l\u2019Aneto<\/strong><\/h3>\n<\/li>\n<li>\n<h3><strong>La setmana culminar\u00e0 divendres, 9 d\u2019agost, amb l&#8217;estrena del film <em>Male\u00efda\u00a01882<\/em>, del director Albert\u00a0Naud\u00edn. La pel\u00b7l\u00edcula va comptar amb la col\u00b7laboraci\u00f3 del Museu de la Val d\u2019Aran<\/strong><\/h3>\n<\/li>\n<\/ul>\n<p>El <strong>Museu de la Val d\u2019Aran<\/strong> ha preparat una <strong>setmana tem\u00e0tica<\/strong> per donar a con\u00e8ixer la cara m\u00e9s aventurera de <strong>Moss\u00e8n Jacint Verdaguer<\/strong>, coincidint amb la commemoraci\u00f3 del <strong>centenari de la mort de<\/strong> <strong>Moss\u00e8n Cond\u00f2<\/strong> (5 d\u2019agost de 1919), un altre il\u00b7lustre poeta i gran admirador de Verdaguer.<\/p>\n<p>En l&#8217;estiu de <strong>1882<\/strong>, Jacint Verdaguer va sortir de la Seu d\u2019Urgell i <strong>va rec\u00f3rrer el Pirineu a peu a la recerca de la\u00a0Male\u00efda<\/strong>,\u00a0que era com tradicionalment es coneixia el pic de\u00a0<strong>l\u2019Aneto<\/strong>.<\/p>\n<p>Aquest viatge va ser la <strong>font d\u2019inspiraci\u00f3 per poder escriure una de les seves obres mestres:<\/strong> <strong><em>Canig\u00f3<\/em><\/strong>. A m\u00e9s, li va permetre <strong>passar per la Val d\u2019Aran<\/strong>, i con\u00e8ixer els seus paisatges, camins, costums i gent, entre ells, <strong>un aran\u00e8s que li va servir de guia per poder coronar l\u2019Aneto<\/strong>. Ells dos van ser <strong>els primers catalans en arribar fins al cim<\/strong>.<\/p>\n<p>Aquesta i m\u00e9s hist\u00f2ries s\u00f3n les que ens contar\u00e0 <strong>Bernat\u00a0Gasull\u00a0i Roig<\/strong> durant la \u201c<strong>Setmana\u00a0Male\u00efda<\/strong>\u201d.<\/p>\n<p><strong>Bernat\u00a0Gasull\u00a0i Roig<\/strong> (Barcelona, 1971) \u00e9s un gran divulgador sobre la relaci\u00f3 de <strong>Jacint Verdaguer<\/strong> amb <strong>l&#8217;alta muntanya<\/strong>. Escriptor d\u2019articles i llibres, entre els quals destaquen <strong><em>Les\u00a0ascensions\u00a0de Verdaguer\u00a0al Pirineu<\/em><\/strong> (Cosset\u00e0nia, 2008) i\u00a0<strong><em>Male\u00efda. L\u2019aventura de Jacint Verdaguer a l\u2019Aneto<\/em><\/strong>\u00a0(Verdaguer Edicions, 2015), el qual el va fer\u00a0mereixedor\u00a0del <strong>premi Jacint Verdaguer<\/strong>.<\/p>\n<p><a href=\"https:\/\/www.conselharan.org\/wp-content\/uploads\/2019\/08\/IMG_1598.jpg\"><img loading=\"lazy\" decoding=\"async\" class=\"aligncenter wp-image-29741 size-full\" src=\"https:\/\/www.conselharan.org\/wp-content\/uploads\/2019\/08\/IMG_1598.jpg\" alt=\"\" width=\"944\" height=\"610\" srcset=\"https:\/\/www.conselharan.org\/wp-content\/uploads\/2019\/08\/IMG_1598.jpg 944w, https:\/\/www.conselharan.org\/wp-content\/uploads\/2019\/08\/IMG_1598-300x194.jpg 300w, https:\/\/www.conselharan.org\/wp-content\/uploads\/2019\/08\/IMG_1598-768x496.jpg 768w\" sizes=\"(max-width: 944px) 100vw, 944px\" \/><\/a><\/p>\n<p><strong>La setmana tem\u00e0tica comen\u00e7a avui<\/strong>, dilluns 5 d\u2019agost, a les 19 hores, amb una <strong>confer\u00e8ncia de la m\u00e0 de\u00a0Gasull<\/strong>, qui ens posar\u00e0 en context sobre la gesta del poeta.<\/p>\n<p>De dimarts a dijous, tindrem l&#8217;oportunitat de <strong>poder sentir i explorar en primera persona les impressions de Verdaguer<\/strong>, recorrent parts del seu <strong>itinerari a l\u2019Aran<\/strong>. Per les sortides <strong>\u00e9s necessari inscriure&#8217;s<\/strong> al Museu de la Val d\u2019Aran.<\/p>\n<p>Finalment, la setmana culminar\u00e0 <strong>divendres<\/strong>, 9 d\u2019agost, amb <strong>l&#8217;estrena del film<\/strong> <strong><em>Male\u00efda 1882<\/em><\/strong>, dirigida per <strong>Albert\u00a0Naud\u00edn<\/strong>\u00a0i que compti amb la <strong>interpretaci\u00f3 de l&#8217;actor Llu\u00eds Soler<\/strong>.<\/p>\n<p><strong>El rodatge va comptar amb la col\u00b7laboraci\u00f3 del Museu de la Val d\u2019Aran<\/strong>, per l&#8217;elecci\u00f3 de localitzacions (Ecomus\u00e8u \u00c7\u00f2 de Joanchiquet de Vilam\u00f2s), pr\u00e9stec de vestuari, contacte amb\u00a0els extres, etc.<\/p>\n<p>El film es projectar\u00e0 a <strong>l&#8217;exterior de l&#8217;esgl\u00e9sia de Sant Joan d\u2019Arties<\/strong> <strong>a les 22 hores<\/strong> i ser\u00e0 <strong>comentada pel seu director i Bernat\u00a0Gasull<\/strong>, com a autor del llibre del qual parteix la idea del film.<\/p>\n<p><a href=\"https:\/\/www.conselharan.org\/wp-content\/uploads\/2019\/08\/IMG_1600.jpg\"><img loading=\"lazy\" decoding=\"async\" class=\"aligncenter wp-image-29743 size-full\" src=\"https:\/\/www.conselharan.org\/wp-content\/uploads\/2019\/08\/IMG_1600.jpg\" alt=\"\" width=\"486\" height=\"610\" srcset=\"https:\/\/www.conselharan.org\/wp-content\/uploads\/2019\/08\/IMG_1600.jpg 486w, https:\/\/www.conselharan.org\/wp-content\/uploads\/2019\/08\/IMG_1600-239x300.jpg 239w\" sizes=\"(max-width: 486px) 100vw, 486px\" \/><\/a><\/p>\n<h6>Font: Mus\u00e8us Val d\u2019Aran<\/h6>\n<p>&nbsp;<\/p>\n<p>&nbsp;<\/p>\n<p>&nbsp;<\/p>\n<p>&nbsp;<\/p>\n ","protected":false},"excerpt":{"rendered":"<p>L&#8217;estiu de 1882, Jacint Verdaguer va sortir de la Seu d\u2019Urgell i va rec\u00f3rrer el Pirineu a peu en el busca de la\u00a0Male\u00efda,\u00a0qu\u2019era com tradicionalment es coneixia el pic de l\u2019Aneto La setmana culminar\u00e0 divendres, 9 d\u2019agost, amb l&#8217;estrena del film Male\u00efda\u00a01882, del director Albert\u00a0Naud\u00edn. La pel\u00b7l\u00edcula va comptar amb la col\u00b7laboraci\u00f3 del Museu de&#8230;<\/p>\n","protected":false},"author":10,"featured_media":29741,"comment_status":"closed","ping_status":"closed","sticky":false,"template":"","format":"standard","meta":{"footnotes":""},"categories":[53,139],"tags":[237,238,233,241,165,239,242,236,240],"_links":{"self":[{"href":"https:\/\/www.conselharan.org\/ca\/wp-json\/wp\/v2\/posts\/29746"}],"collection":[{"href":"https:\/\/www.conselharan.org\/ca\/wp-json\/wp\/v2\/posts"}],"about":[{"href":"https:\/\/www.conselharan.org\/ca\/wp-json\/wp\/v2\/types\/post"}],"author":[{"embeddable":true,"href":"https:\/\/www.conselharan.org\/ca\/wp-json\/wp\/v2\/users\/10"}],"replies":[{"embeddable":true,"href":"https:\/\/www.conselharan.org\/ca\/wp-json\/wp\/v2\/comments?post=29746"}],"version-history":[{"count":1,"href":"https:\/\/www.conselharan.org\/ca\/wp-json\/wp\/v2\/posts\/29746\/revisions"}],"predecessor-version":[{"id":29748,"href":"https:\/\/www.conselharan.org\/ca\/wp-json\/wp\/v2\/posts\/29746\/revisions\/29748"}],"wp:featuredmedia":[{"embeddable":true,"href":"https:\/\/www.conselharan.org\/ca\/wp-json\/wp\/v2\/media\/29741"}],"wp:attachment":[{"href":"https:\/\/www.conselharan.org\/ca\/wp-json\/wp\/v2\/media?parent=29746"}],"wp:term":[{"taxonomy":"category","embeddable":true,"href":"https:\/\/www.conselharan.org\/ca\/wp-json\/wp\/v2\/categories?post=29746"},{"taxonomy":"post_tag","embeddable":true,"href":"https:\/\/www.conselharan.org\/ca\/wp-json\/wp\/v2\/tags?post=29746"}],"curies":[{"name":"wp","href":"https:\/\/api.w.org\/{rel}","templated":true}]}}