{"id":29811,"date":"2019-08-08T08:33:53","date_gmt":"2019-08-08T06:33:53","guid":{"rendered":"https:\/\/www.conselharan.org\/?p=29811"},"modified":"2019-08-08T08:35:21","modified_gmt":"2019-08-08T06:35:21","slug":"arriba-un-any-mes-la-fira-het-a-man-het-aciu","status":"publish","type":"post","link":"https:\/\/www.conselharan.org\/ca\/arriba-un-any-mes-la-fira-het-a-man-het-aciu\/","title":{"rendered":"Arriba, un any m\u00e9s, la fira \u201cH\u00e8t a man, h\u00e8t aciu\u201d"},"content":{"rendered":"<p><a href=\"https:\/\/www.conselharan.org\/wp-content\/uploads\/2019\/08\/0001-1.jpg\"><img loading=\"lazy\" decoding=\"async\" class=\"aligncenter wp-image-29802 size-large\" src=\"https:\/\/www.conselharan.org\/wp-content\/uploads\/2019\/08\/0001-1-724x1024.jpg\" alt=\"\" width=\"724\" height=\"1024\" srcset=\"https:\/\/www.conselharan.org\/wp-content\/uploads\/2019\/08\/0001-1-724x1024.jpg 724w, https:\/\/www.conselharan.org\/wp-content\/uploads\/2019\/08\/0001-1-212x300.jpg 212w, https:\/\/www.conselharan.org\/wp-content\/uploads\/2019\/08\/0001-1-768x1086.jpg 768w\" sizes=\"(max-width: 724px) 100vw, 724px\" \/><\/a><\/p>\n<ul>\n<li>\n<h3><strong>A partir d&#8217;avui, 8 d\u2019agost, per la tarda, i fins el dia 11 en horari de 11 a 14 hores i de 17 a 21 hores<\/strong><\/h3>\n<\/li>\n<li>\n<h3><strong>Els visitants podran gaudir, a m\u00e9s dels stands amb productes artesanals, de diferents demostracions ofertes pels mateixos artesans<\/strong><\/h3>\n<\/li>\n<\/ul>\n<p>El\u00a0Passeig\u00a0de la Llibertat de Vielha tornar\u00e0 a acollir, un any m\u00e9s, la fira d\u2019artesania de la Vall d\u2019Aran \u201cH\u00e8t a man, h\u00e8t aciu\u201d, que se celebrar\u00e0 durant els dies 8 i 11 d\u2019agost.<\/p>\n<p>Aquesta fira, en la que participen al voltant de 17 artesans de productes agroalimentaris i\u00a0manufacturats, estar\u00e0 oberta al p\u00fablic a partir de&#8217;avui a la tarda i l&#8217;horari de divendres a diumenge ser\u00e0 de 11 a 14 hores i de 17 a 21 hores.<\/p>\n<p>Els visitants que s\u2019hi apropin podran passar-se pels estands per comprar els diferents productes i, a m\u00e9s, grans i petits podran gaudir de les demostracions que s\u2019ofereixen i que comen\u00e7aran a les 12 hores.<\/p>\n<p>Divendres hi haur\u00e0 demostraci\u00f3 d\u2019esmalts\u00a0al foc amb Marta Garc\u00eda de\u00a0Pajarito\u00a0Numnum, dissabte elaboraci\u00f3 de sab\u00f3 amb Gemma\u00a0Arj\u00f3\u00a0de Sab\u00f3\u00a0Care\u00e7a\u00a0i diumenge cer\u00e0mica amb Carme Vicens de Carme Vicens-Cer\u00e0mica.<\/p>\n<p>Un bon pla per passar el cap de setmana!<\/p>\n ","protected":false},"excerpt":{"rendered":"<p>A partir d&#8217;avui, 8 d\u2019agost, per la tarda, i fins el dia 11 en horari de 11 a 14 hores i de 17 a 21 hores Els visitants podran gaudir, a m\u00e9s dels stands amb productes artesanals, de diferents demostracions ofertes pels mateixos artesans El\u00a0Passeig\u00a0de la Llibertat de Vielha tornar\u00e0 a acollir, un any m\u00e9s,&#8230;<\/p>\n","protected":false},"author":10,"featured_media":29802,"comment_status":"closed","ping_status":"closed","sticky":false,"template":"","format":"standard","meta":{"footnotes":""},"categories":[33,139],"tags":[268,269,270,271,272,273,150,158,274],"_links":{"self":[{"href":"https:\/\/www.conselharan.org\/ca\/wp-json\/wp\/v2\/posts\/29811"}],"collection":[{"href":"https:\/\/www.conselharan.org\/ca\/wp-json\/wp\/v2\/posts"}],"about":[{"href":"https:\/\/www.conselharan.org\/ca\/wp-json\/wp\/v2\/types\/post"}],"author":[{"embeddable":true,"href":"https:\/\/www.conselharan.org\/ca\/wp-json\/wp\/v2\/users\/10"}],"replies":[{"embeddable":true,"href":"https:\/\/www.conselharan.org\/ca\/wp-json\/wp\/v2\/comments?post=29811"}],"version-history":[{"count":3,"href":"https:\/\/www.conselharan.org\/ca\/wp-json\/wp\/v2\/posts\/29811\/revisions"}],"predecessor-version":[{"id":29817,"href":"https:\/\/www.conselharan.org\/ca\/wp-json\/wp\/v2\/posts\/29811\/revisions\/29817"}],"wp:featuredmedia":[{"embeddable":true,"href":"https:\/\/www.conselharan.org\/ca\/wp-json\/wp\/v2\/media\/29802"}],"wp:attachment":[{"href":"https:\/\/www.conselharan.org\/ca\/wp-json\/wp\/v2\/media?parent=29811"}],"wp:term":[{"taxonomy":"category","embeddable":true,"href":"https:\/\/www.conselharan.org\/ca\/wp-json\/wp\/v2\/categories?post=29811"},{"taxonomy":"post_tag","embeddable":true,"href":"https:\/\/www.conselharan.org\/ca\/wp-json\/wp\/v2\/tags?post=29811"}],"curies":[{"name":"wp","href":"https:\/\/api.w.org\/{rel}","templated":true}]}}