{"id":29826,"date":"2019-08-08T11:43:56","date_gmt":"2019-08-08T09:43:56","guid":{"rendered":"https:\/\/www.conselharan.org\/?p=29826"},"modified":"2019-08-08T14:21:16","modified_gmt":"2019-08-08T12:21:16","slug":"activitat-el-niu-dels-lirons-a-aran-park","status":"publish","type":"post","link":"https:\/\/www.conselharan.org\/ca\/activitat-el-niu-dels-lirons-a-aran-park\/","title":{"rendered":"Activitat \u201cEl niu dels lirons\u201d a Aran Park"},"content":{"rendered":"<p><a href=\"https:\/\/www.conselharan.org\/wp-content\/uploads\/2019\/08\/Nin-arrats.jpg\"><\/a><a href=\"https:\/\/www.conselharan.org\/ca\/activitat-el-niu-dels-lirons-a-aran-park\/cartell_estiu2019\/\" rel=\"attachment wp-att-29848\"><img loading=\"lazy\" decoding=\"async\" class=\"aligncenter size-large wp-image-29848\" src=\"https:\/\/www.conselharan.org\/wp-content\/uploads\/2019\/08\/CARTELL_ESTIU2019-724x1024.jpg\" alt=\"\" width=\"724\" height=\"1024\" srcset=\"https:\/\/www.conselharan.org\/wp-content\/uploads\/2019\/08\/CARTELL_ESTIU2019-724x1024.jpg 724w, https:\/\/www.conselharan.org\/wp-content\/uploads\/2019\/08\/CARTELL_ESTIU2019-212x300.jpg 212w, https:\/\/www.conselharan.org\/wp-content\/uploads\/2019\/08\/CARTELL_ESTIU2019-768x1086.jpg 768w\" sizes=\"(max-width: 724px) 100vw, 724px\" \/><\/a><\/p>\n<p>&nbsp;<\/p>\n<ul>\n<li>\n<h3><strong>Una activitat gratu\u00efta impartida per la investigadora especialitzada en l&#8217;esp\u00e8cie, L\u00eddia\u00a0Freixas<\/strong><\/h3>\n<\/li>\n<li>\n<h3><strong>Per participar cal inscriure&#8217;s pr\u00e8viament perqu\u00e8 les places s\u00f3n limitades <\/strong><\/h3>\n<\/li>\n<\/ul>\n<p><strong>\u00a0<\/strong>El <strong>Departament de Territori, Paisatge i Gesti\u00f3 ambiental del Consell General d\u2019Aran<\/strong>, juntament amb <strong>Aran\u00a0Park<\/strong>, organitza l&#8217;activitat \u201c<strong>El niu dels lirons<\/strong>\u201d,\u00a0que tindr\u00e0 lloc aquest <strong>dilluns, 12 d\u2019agost<\/strong>, a les 10:30 hores a Aran\u00a0Park.<\/p>\n<p>Aquesta activitat, <strong>dirigida a tots els p\u00fablics<\/strong>, permet con\u00e8ixer de m\u00e9s a prop la realitat dels <strong>lirons grisos aranesos<\/strong>, gr\u00e0cies a les explicacions de la investigadora especialitzada en l&#8217;esp\u00e8cie, <strong>L\u00eddia\u00a0Freixas<\/strong>.<\/p>\n<p>Durant la jornada s\u2019impartir\u00e0 la xerrada \u201c<strong>Qu\u00e8 en sabem dels lirons?<\/strong>\u201d i, \u00a0posteriorment, es procedir\u00e0 al <strong>control de les caixes niu de cria<\/strong>.<\/p>\n<p>Aquesta \u00e9s una <strong>activitat totalment oberta a tots i totes i \u00e9s tamb\u00e9 gratu\u00efta<\/strong>, per\u00f2 per participar <strong>cal inscriure&#8217;s pr\u00e8viament<\/strong>\u00a0perqu\u00e8 les places s\u00f3n limitades.<\/p>\n<p>Per gestionar la teva reserva pots telefonar al Consell General d\u2019Aran al n\u00famero <strong>973 64 18 01<\/strong> o b\u00e9 dirigir-te a la persona de contacte, Gerard\u00a0Vilo, via e-mail a l\u2019adre\u00e7a <strong>g.vilo@aran.org<\/strong><\/p>\n ","protected":false},"excerpt":{"rendered":"<p>&nbsp; Una activitat gratu\u00efta impartida per la investigadora especialitzada en l&#8217;esp\u00e8cie, L\u00eddia\u00a0Freixas Per participar cal inscriure&#8217;s pr\u00e8viament perqu\u00e8 les places s\u00f3n limitades \u00a0El Departament de Territori, Paisatge i Gesti\u00f3 ambiental del Consell General d\u2019Aran, juntament amb Aran\u00a0Park, organitza l&#8217;activitat \u201cEl niu dels lirons\u201d,\u00a0que tindr\u00e0 lloc aquest dilluns, 12 d\u2019agost, a les 10:30 hores a Aran\u00a0Park&#8230;.<\/p>\n","protected":false},"author":10,"featured_media":29848,"comment_status":"closed","ping_status":"closed","sticky":false,"template":"","format":"standard","meta":{"footnotes":""},"categories":[127,33],"tags":[289,235,290,291,292,293,294,295,296,297],"_links":{"self":[{"href":"https:\/\/www.conselharan.org\/ca\/wp-json\/wp\/v2\/posts\/29826"}],"collection":[{"href":"https:\/\/www.conselharan.org\/ca\/wp-json\/wp\/v2\/posts"}],"about":[{"href":"https:\/\/www.conselharan.org\/ca\/wp-json\/wp\/v2\/types\/post"}],"author":[{"embeddable":true,"href":"https:\/\/www.conselharan.org\/ca\/wp-json\/wp\/v2\/users\/10"}],"replies":[{"embeddable":true,"href":"https:\/\/www.conselharan.org\/ca\/wp-json\/wp\/v2\/comments?post=29826"}],"version-history":[{"count":3,"href":"https:\/\/www.conselharan.org\/ca\/wp-json\/wp\/v2\/posts\/29826\/revisions"}],"predecessor-version":[{"id":29852,"href":"https:\/\/www.conselharan.org\/ca\/wp-json\/wp\/v2\/posts\/29826\/revisions\/29852"}],"wp:featuredmedia":[{"embeddable":true,"href":"https:\/\/www.conselharan.org\/ca\/wp-json\/wp\/v2\/media\/29848"}],"wp:attachment":[{"href":"https:\/\/www.conselharan.org\/ca\/wp-json\/wp\/v2\/media?parent=29826"}],"wp:term":[{"taxonomy":"category","embeddable":true,"href":"https:\/\/www.conselharan.org\/ca\/wp-json\/wp\/v2\/categories?post=29826"},{"taxonomy":"post_tag","embeddable":true,"href":"https:\/\/www.conselharan.org\/ca\/wp-json\/wp\/v2\/tags?post=29826"}],"curies":[{"name":"wp","href":"https:\/\/api.w.org\/{rel}","templated":true}]}}