{"id":29873,"date":"2019-08-09T20:23:00","date_gmt":"2019-08-09T18:23:00","guid":{"rendered":"https:\/\/www.conselharan.org\/?p=29873"},"modified":"2019-08-09T20:23:00","modified_gmt":"2019-08-09T18:23:00","slug":"empoderem-nos-trobada-amb-motiu-de-la-setmana-mundial-de-la-lactancia-materna","status":"publish","type":"post","link":"https:\/\/www.conselharan.org\/ca\/empoderem-nos-trobada-amb-motiu-de-la-setmana-mundial-de-la-lactancia-materna\/","title":{"rendered":"\u201cEmpoderem-nos\u201d: trobada amb motiu de la Setmana Mundial de la Lact\u00e0ncia Materna"},"content":{"rendered":"<p><a href=\"https:\/\/www.conselharan.org\/wp-content\/uploads\/2019\/08\/DSC_0393.jpg\"><img loading=\"lazy\" decoding=\"async\" class=\"aligncenter wp-image-29871 size-full\" src=\"https:\/\/www.conselharan.org\/wp-content\/uploads\/2019\/08\/DSC_0393.jpg\" alt=\"\" width=\"6016\" height=\"4000\" srcset=\"https:\/\/www.conselharan.org\/wp-content\/uploads\/2019\/08\/DSC_0393.jpg 6016w, https:\/\/www.conselharan.org\/wp-content\/uploads\/2019\/08\/DSC_0393-300x199.jpg 300w, https:\/\/www.conselharan.org\/wp-content\/uploads\/2019\/08\/DSC_0393-768x511.jpg 768w, https:\/\/www.conselharan.org\/wp-content\/uploads\/2019\/08\/DSC_0393-1024x681.jpg 1024w\" sizes=\"(max-width: 6016px) 100vw, 6016px\" \/><\/a><\/p>\n<ul>\n<li>\n<h3><strong>Aquest dijous una desena de dones es van reunir per compartir les seves experi\u00e8ncies sobre la maternitat i la\u00a0lact\u00e0ncia <\/strong><\/h3>\n<\/li>\n<li>\n<h3><strong>Enguany aquesta setmana commemorativa buscava implicar no nom\u00e9s a les mares, sin\u00f3 al conjunt de la societat<\/strong><\/h3>\n<\/li>\n<\/ul>\n<p>Durant <strong>l\u20191 i el 7 d\u2019agost<\/strong> se celebrava la <strong>Setmana Mundial de la\u00a0Lact\u00e0ncia\u00a0Materna<\/strong>. Amb motiu d\u2019aquesta commemoraci\u00f3, aquest dijous en la trobada mensual\u00a0sobre lact\u00e0ncia que acostumen a fer les <strong>doctores Inma\u00a0Caubet\u00a0i Paula\u00a0Daniela\u00a0Vitali<\/strong> es va aprofitar per <strong>parlar sobre les experi\u00e8ncies i dificultats\u00a0que han trobat les mares<\/strong>\u00a0que hi van assistir.<\/p>\n<p>Enguany, el lema d\u2019aquesta setmana mundial de la\u00a0lact\u00e0ncia era \u201c<strong>Empoderem-nos<\/strong>\u201d i buscava <strong>implicar no nom\u00e9s a les mares<\/strong>, tamb\u00e9 a les parelles, familiars i al <strong>conjunt de la societat<\/strong>.<\/p>\n<p>Durant aquesta reuni\u00f3, es va demanar a les m\u00e9s de deu mares\u00a0que hi participaven <strong>quines dificultats s\u2019havien trobat al llarg dels mesos<\/strong> a l&#8217;hora de donar el pit als seus fills i filles.<\/p>\n<p><strong><u>La baixa per maternitat<\/u><\/strong><\/p>\n<p>Un dels motius que m\u00e9s dificulta la lact\u00e0ncia a les mares treballadores \u00e9s el <strong>poc temps de baixa per maternitat<\/strong> del que disposen. &#8220;<strong>El sistema actual \u00e9s deficient <\/strong>i nom\u00e9s ofereix 16 setmanes de baixa a les mares&#8221;, comentava la doctora Vital, &#8220;<strong>m\u00ednim haurien de ser 6 mesos<\/strong>. Hi ha pa\u00efsos del nord d\u2019Europa als quals la baixa pot arribar fins els dos anys del nad\u00f3. \u00c9s <strong>molt<\/strong> <strong>important canviar aquesta llei<\/strong>&#8220;.<\/p>\n<p>&#8220;S&#8217;ha ampliat la baixa per paternitat, i \u00e9s molt positiu, per\u00f2 <strong>ampliar la baixa de les dones perqu\u00e8\u00a0pogu\u00e9ssim\u00a0continuar amb la lact\u00e0ncia tamb\u00e9 hauria de ser una prioritat pels partits pol\u00edtics<\/strong>. El govern hauria de ser m\u00e9s respectu\u00f3s amb nosaltres&#8221;, assegurava una de les mares presents.<\/p>\n<p>Totes van coincidir en la <strong>precarietat\u00a0a la qual\u00a0han de fer front en aquest \u00e0mbit les dones aut\u00f2nomes<\/strong>, &#8220;hi ha treballadores per compte propi que han de tornar al treball 15 dies o un mes despr\u00e9s d&#8217;haver tingut als seus nens&#8221;.<\/p>\n<p>Entre les problem\u00e0tiques que troben les mares despr\u00e9s d&#8217;incorporar-se al treball, es troba el fet\u00a0que\u00a0les <strong>guarderies<\/strong> no accepten a nens <strong>menors de 6 mesos.<\/strong> &#8220;Qu\u00e8 hem de fer les mares que no tenim a la nostra fam\u00edlia a prop, si hem de tornar al treball\u00a0al cap de 4 mesos?&#8221;.<\/p>\n<p>&#8220;Jo conec casos de dones que han hagut de demanar un any d&#8217;exced\u00e8ncia en els seus llocs de treball per poder passar m\u00e9s temps amb els seus fills i filles i continuar aix\u00ed\u00a0donant a mamar&#8221;, assegurava la doctora\u00a0Caubet, &#8220;el problema amb aix\u00f2 \u00e9s, per un costat, que no totes s&#8217;ho poden permetre. I, per un altre, que <strong>amb aquest sistema tan deficient, el govern acaba aconseguint que les dones hagin de renunciar a la seva professi\u00f3 temporalment<\/strong>. Aix\u00f2 no passaria si les baixes per maternitat fossin m\u00e9s llargues&#8221;.<\/p>\n<p>Per aquests motius, totes elles coincidien\u00a0en qu\u00e8\u00a0<strong>hi hauria d&#8217;haver algun tipus d&#8217;ajut complementari per les mares treballadores<\/strong>, perqu\u00e8 el fet\u00a0que\u00a0aquestes dones passin m\u00e9s temps amb els seus nadons, influir\u00e0 de forma positiva en ells.<\/p>\n<p><strong><u>Falta de normalitzaci\u00f3<\/u><\/strong><\/p>\n<p>Encara en l&#8217;any 2019, algunes d&#8217;aquestes mares <strong>s&#8217;han sentit jutjades, observades i\/o criticades mentre alimentaven als seus petits<\/strong>.<\/p>\n<p>La doctora Vital va insistir\u00a0en qu\u00e8\u00a0\u00e9s &#8220;necessari\u00a0<strong>normalitzar que les mares\u00a0donin a mamar, sense jutjar ni critica<\/strong>r. Quan ho fan estan\u00a0donant de menjar\u00a0al seu fill. \u00c9s una cosa natural, no s&#8217;han d&#8217;amagar perqu\u00e8 \u00e9s una cosa completament normal&#8221;.<\/p>\n<p>Les doctores van afirmar que <strong>s&#8217;han demostrat els beneficis que t\u00e9 la\u00a0lact\u00e0ncia\u00a0en la salut dels nadons i de les mateixes mares<\/strong>, ja que ajuda a prevenir el c\u00e0ncer de pit.<\/p>\n<p><strong><u>Acostumar-se al canvi<\/u><\/strong><\/p>\n<p>Totes coincidien: <strong>ser mare suposa un canvi molt gran en la teva vida i acostumar-se \u00e9s dif\u00edcil<\/strong>. &#8220;De cop, tot el m\u00f3n sembla tenir una opini\u00f3 sobre la teva forma de ser mare. Et demanen per qu\u00e8 no li d\u00f3nes aigua, et diuen que amb 15 minuts al pit la nena t\u00e9 suficient, que li d\u00f3nes massa sovint, que es queda amb gana, que la teva llet potser no \u00e9s bona&#8230;&#8221;.<\/p>\n<p>Davant aquesta situaci\u00f3, la doctora\u00a0Caubet\u00a0es va mostrar molt clara: &#8220;sembla que quan ets mare no tens perm\u00e8s sentir-te malament o passar per una depressi\u00f3 o tenir por. Moltes vegades callem i pot acabar suposant un problema mental greu. <strong>\u00c9s normal que et sentis\u00a0aclaparada, \u00e9s normal si no et veus capa\u00e7 i \u00e9s normal si tens pors<\/strong>. La maternitat i la lact\u00e0ncia s\u00f3n dures. Si algun dia tens ganes de plorar, plora. Has de tenir en el compte que els pares, les parelles, les fam\u00edlies i amics poden ajudar-te. <strong>Demana ajuda si et cal i no et sentis culpable<\/strong>&#8220;.<\/p>\n<p>A l&#8217;hora de fer front a les cr\u00edtiques o opinions, les doctores recomanen &#8220;<strong>confiar en les vostres capacitats naturals de ser mares<\/strong>. Si est\u00e0s ben informada, pots aplicar un filtre a aquestes opinions i aix\u00ed saber que, per molt que puguin dir, tu est\u00e0s fent el de millor pel teu fill&#8221;.<\/p>\n<p>&nbsp;<\/p>\n<p>&nbsp;<\/p>\n ","protected":false},"excerpt":{"rendered":"<p>Aquest dijous una desena de dones es van reunir per compartir les seves experi\u00e8ncies sobre la maternitat i la\u00a0lact\u00e0ncia Enguany aquesta setmana commemorativa buscava implicar no nom\u00e9s a les mares, sin\u00f3 al conjunt de la societat Durant l\u20191 i el 7 d\u2019agost se celebrava la Setmana Mundial de la\u00a0Lact\u00e0ncia\u00a0Materna. Amb motiu d\u2019aquesta commemoraci\u00f3, aquest dijous&#8230;<\/p>\n","protected":false},"author":10,"featured_media":29871,"comment_status":"closed","ping_status":"closed","sticky":false,"template":"","format":"standard","meta":{"footnotes":""},"categories":[33],"tags":[172],"_links":{"self":[{"href":"https:\/\/www.conselharan.org\/ca\/wp-json\/wp\/v2\/posts\/29873"}],"collection":[{"href":"https:\/\/www.conselharan.org\/ca\/wp-json\/wp\/v2\/posts"}],"about":[{"href":"https:\/\/www.conselharan.org\/ca\/wp-json\/wp\/v2\/types\/post"}],"author":[{"embeddable":true,"href":"https:\/\/www.conselharan.org\/ca\/wp-json\/wp\/v2\/users\/10"}],"replies":[{"embeddable":true,"href":"https:\/\/www.conselharan.org\/ca\/wp-json\/wp\/v2\/comments?post=29873"}],"version-history":[{"count":1,"href":"https:\/\/www.conselharan.org\/ca\/wp-json\/wp\/v2\/posts\/29873\/revisions"}],"predecessor-version":[{"id":29875,"href":"https:\/\/www.conselharan.org\/ca\/wp-json\/wp\/v2\/posts\/29873\/revisions\/29875"}],"wp:featuredmedia":[{"embeddable":true,"href":"https:\/\/www.conselharan.org\/ca\/wp-json\/wp\/v2\/media\/29871"}],"wp:attachment":[{"href":"https:\/\/www.conselharan.org\/ca\/wp-json\/wp\/v2\/media?parent=29873"}],"wp:term":[{"taxonomy":"category","embeddable":true,"href":"https:\/\/www.conselharan.org\/ca\/wp-json\/wp\/v2\/categories?post=29873"},{"taxonomy":"post_tag","embeddable":true,"href":"https:\/\/www.conselharan.org\/ca\/wp-json\/wp\/v2\/tags?post=29873"}],"curies":[{"name":"wp","href":"https:\/\/api.w.org\/{rel}","templated":true}]}}