{"id":30038,"date":"2019-08-21T11:05:10","date_gmt":"2019-08-21T09:05:10","guid":{"rendered":"https:\/\/www.conselharan.org\/era-val-daran-acuelh-era-73au-edicion-deth-campament-fedme\/"},"modified":"2019-08-21T11:09:08","modified_gmt":"2019-08-21T09:09:08","slug":"era-val-daran-acuelh-era-73au-edicion-deth-campament-fedme","status":"publish","type":"post","link":"https:\/\/www.conselharan.org\/ca\/era-val-daran-acuelh-era-73au-edicion-deth-campament-fedme\/","title":{"rendered":"La Val d\u2019Aran acull la 73a edici\u00f3 del Campament FEDME"},"content":{"rendered":"\n\t\t<style type=\"text\/css\">\n\t\t\t#gallery-1 {\n\t\t\t\tmargin: auto;\n\t\t\t}\n\t\t\t#gallery-1 .gallery-item {\n\t\t\t\tfloat: left;\n\t\t\t\tmargin-top: 10px;\n\t\t\t\ttext-align: center;\n\t\t\t\twidth: 50%;\n\t\t\t}\n\t\t\t#gallery-1 img {\n\t\t\t\tborder: 2px solid #cfcfcf;\n\t\t\t}\n\t\t\t#gallery-1 .gallery-caption {\n\t\t\t\tmargin-left: 0;\n\t\t\t}\n\t\t\t\/* see gallery_shortcode() in wp-includes\/media.php *\/\n\t\t<\/style>\n\t\t<div id='gallery-1' class='gallery galleryid-30038 gallery-columns-2 gallery-size-full'><dl class='gallery-item'>\n\t\t\t<dt class='gallery-icon landscape'>\n\t\t\t\t<a href='https:\/\/www.conselharan.org\/ca\/era-val-daran-acuelh-era-73au-edicion-deth-campament-fedme\/fedme-4\/'><img loading=\"lazy\" decoding=\"async\" width=\"960\" height=\"720\" src=\"https:\/\/www.conselharan.org\/wp-content\/uploads\/2019\/08\/FEDME-4.jpg\" class=\"attachment-full size-full\" alt=\"\" srcset=\"https:\/\/www.conselharan.org\/wp-content\/uploads\/2019\/08\/FEDME-4.jpg 960w, https:\/\/www.conselharan.org\/wp-content\/uploads\/2019\/08\/FEDME-4-300x225.jpg 300w, https:\/\/www.conselharan.org\/wp-content\/uploads\/2019\/08\/FEDME-4-768x576.jpg 768w\" sizes=\"(max-width: 960px) 100vw, 960px\" \/><\/a>\n\t\t\t<\/dt><\/dl><dl class='gallery-item'>\n\t\t\t<dt class='gallery-icon landscape'>\n\t\t\t\t<a href='https:\/\/www.conselharan.org\/ca\/era-val-daran-acuelh-era-73au-edicion-deth-campament-fedme\/fedme-5\/'><img loading=\"lazy\" decoding=\"async\" width=\"3264\" height=\"2448\" src=\"https:\/\/www.conselharan.org\/wp-content\/uploads\/2019\/08\/FEDME-5.jpg\" class=\"attachment-full size-full\" alt=\"\" srcset=\"https:\/\/www.conselharan.org\/wp-content\/uploads\/2019\/08\/FEDME-5.jpg 3264w, https:\/\/www.conselharan.org\/wp-content\/uploads\/2019\/08\/FEDME-5-300x225.jpg 300w, https:\/\/www.conselharan.org\/wp-content\/uploads\/2019\/08\/FEDME-5-768x576.jpg 768w, https:\/\/www.conselharan.org\/wp-content\/uploads\/2019\/08\/FEDME-5-1024x768.jpg 1024w\" sizes=\"(max-width: 3264px) 100vw, 3264px\" \/><\/a>\n\t\t\t<\/dt><\/dl><br style=\"clear: both\" \/>\n\t\t<\/div>\n\n<ul>\n<li>\n<h3><strong>250 persones vingudes de tota Espanya gaudiran de 20 rutes per les muntanyes m\u00e9s emblem\u00e0tiques de la Val d&#8217;Aran <\/strong><\/h3>\n<\/li>\n<li>\n<h3><strong>A les tardes, despr\u00e9s de les sortides, el poliesportiu de Salard\u00fa acollir\u00e0 un programa confer\u00e8ncies\u00a0i projeccions sobre seguretat<\/strong><\/h3>\n<\/li>\n<\/ul>\n<p>La Val d&#8217;Aran acollir\u00e0 a partir del dia 25 d&#8217;agost el <strong>Campament de la Federaci\u00f3 Espanyola d&#8217;Esports de Muntanya i Escalada <\/strong>(FEDME), que aquest any celebra la seva <strong>73a edici\u00f3<\/strong>.<\/p>\n<p>Durant una setmana, m\u00e9s de <strong>250 federats<\/strong> amb llic\u00e8ncia habilitada FEDME 2019 vinguts de tota Espanya, gaudiran de <strong>vint rutes de senderisme per les muntanyes m\u00e9s emblem\u00e0tiques\u00a0de la Val\u00a0d&#8217;Aran<\/strong>, acompanyats en el tot moment d&#8217;un equip de guies de muntanya.<\/p>\n<p>Amb aquestes rutes els participants podran con\u00e8ixer llocs com el\u00a0<strong>Montarto<\/strong>, <strong>l&#8217;Artiga de\u00a0Lin<\/strong>, els <strong>Llacs de\u00a0Colom\u00e8rs<\/strong>\u00a0o el <strong>Montcorbison<\/strong>, entre altres. A m\u00e9s, cada nit tindran l&#8217;oportunitat de fer <strong>observaci\u00f3 astron\u00f2mica<\/strong> a l&#8217;aparcament 1500 de\u00a0<strong>Baqueira<\/strong>.<\/p>\n<p><a href=\"https:\/\/www.conselharan.org\/wp-content\/uploads\/2019\/08\/FEDME-6.jpg\"><img loading=\"lazy\" decoding=\"async\" class=\"aligncenter wp-image-30036 size-large\" src=\"https:\/\/www.conselharan.org\/wp-content\/uploads\/2019\/08\/FEDME-6-1024x768.jpg\" alt=\"\" width=\"1024\" height=\"768\" srcset=\"https:\/\/www.conselharan.org\/wp-content\/uploads\/2019\/08\/FEDME-6-1024x768.jpg 1024w, https:\/\/www.conselharan.org\/wp-content\/uploads\/2019\/08\/FEDME-6-300x225.jpg 300w, https:\/\/www.conselharan.org\/wp-content\/uploads\/2019\/08\/FEDME-6-768x576.jpg 768w\" sizes=\"(max-width: 1024px) 100vw, 1024px\" \/><\/a><\/p>\n<p>Als matins es realitzaran les sortides i a les tardes tindr\u00e0 lloc, al <strong>poliesportiu de Salard\u00fa<\/strong>, un <strong>programa de confer\u00e8ncies i projeccions<\/strong>. Hi haur\u00e0\u00a0 intervencions per part de la\u00a0<strong>FEDME<\/strong>\u00a0en <strong>mat\u00e8ria de seguretat<\/strong>, el ge\u00f2leg responsable del Centre d&#8217;Allaus d&#8217;Aran, <strong>Jordi Gavald\u00e0<\/strong>, parlar\u00e0 tamb\u00e9 sobre <strong>seguretat en l&#8217;hivern i sobre\u00a0les allaus<\/strong>\u00a0i els <strong>germans Pou<\/strong> parlaran sobre les seves \u00faltimes escalades nacionals i per terres americanes.<\/p>\n<p>A m\u00e9s, <strong>la f\u00e0brica\u00a0REFU\u00a0de cerveses artesanals<\/strong>\u00a0de la Val\u00a0d&#8217;Aran oferir\u00e0 tamb\u00e9 un tast dels seus productes.<\/p>\n<p>Entre les activitats previstes en aquest campament, no s&#8217;obliden pas dels m\u00e9s petits! Hi ha un <strong>Campament Infantil<\/strong>, dirigit per monitors especialitzats, on els nens i nenes inscrits realitzaran\u00a0tota mena\u00a0<strong>d&#8217;activitats relacionades amb la naturalesa i l&#8217;esport <\/strong>adaptat a la seva edat.<\/p>\n<p>Finalment, dissabte, 31 d&#8217;agost, tots els participants realitzaran junts una <strong>marxa popular pels pobles del Naut Aran<\/strong>, que acabar\u00e0 amb un <strong>dinar a Salard\u00fa<\/strong> com a cloenda d&#8217;aquesta 73a edici\u00f3 del Campament\u00a0FEDME.<\/p>\n<p>Aquest esdeveniment est\u00e0 organitzat per la\u00a0<strong>FEDME<\/strong>, el <strong>Club Alp\u00ed Aran\u00e8s<\/strong> i l&#8217;empresa <strong>Camins<\/strong> i patrocinat pel\u00a0<strong>Conselh\u00a0Generau\u00a0d&#8217;Aran<\/strong>, <strong>Foment Torisme Val d\u2019Aran <\/strong>i <strong>l&#8217;Ajuntament de Naut Aran<\/strong>. Compta tamb\u00e9 amb la col\u00b7laboraci\u00f3 de <strong>l&#8217;Ajuntament de Vielha\u00a0e\u00a0Mijaran<\/strong>,\u00a0<strong>Baqueira-Beret<\/strong>, <strong>Ta\u00fcll\u00a0Organics<\/strong>\u00a0i altres entitats i empreses araneses.<\/p>\n\n\t\t<style type=\"text\/css\">\n\t\t\t#gallery-2 {\n\t\t\t\tmargin: auto;\n\t\t\t}\n\t\t\t#gallery-2 .gallery-item {\n\t\t\t\tfloat: left;\n\t\t\t\tmargin-top: 10px;\n\t\t\t\ttext-align: center;\n\t\t\t\twidth: 33%;\n\t\t\t}\n\t\t\t#gallery-2 img {\n\t\t\t\tborder: 2px solid #cfcfcf;\n\t\t\t}\n\t\t\t#gallery-2 .gallery-caption {\n\t\t\t\tmargin-left: 0;\n\t\t\t}\n\t\t\t\/* see gallery_shortcode() in wp-includes\/media.php *\/\n\t\t<\/style>\n\t\t<div id='gallery-2' class='gallery galleryid-30038 gallery-columns-3 gallery-size-full'><dl class='gallery-item'>\n\t\t\t<dt class='gallery-icon landscape'>\n\t\t\t\t<a href='https:\/\/www.conselharan.org\/ca\/era-val-daran-acuelh-era-73au-edicion-deth-campament-fedme\/fedme-1\/'><img loading=\"lazy\" decoding=\"async\" width=\"960\" height=\"720\" src=\"https:\/\/www.conselharan.org\/wp-content\/uploads\/2019\/08\/FEDME-1.jpg\" class=\"attachment-full size-full\" alt=\"\" srcset=\"https:\/\/www.conselharan.org\/wp-content\/uploads\/2019\/08\/FEDME-1.jpg 960w, https:\/\/www.conselharan.org\/wp-content\/uploads\/2019\/08\/FEDME-1-300x225.jpg 300w, https:\/\/www.conselharan.org\/wp-content\/uploads\/2019\/08\/FEDME-1-768x576.jpg 768w\" sizes=\"(max-width: 960px) 100vw, 960px\" \/><\/a>\n\t\t\t<\/dt><\/dl><dl class='gallery-item'>\n\t\t\t<dt class='gallery-icon landscape'>\n\t\t\t\t<a href='https:\/\/www.conselharan.org\/ca\/era-val-daran-acuelh-era-73au-edicion-deth-campament-fedme\/fedme-3\/'><img loading=\"lazy\" decoding=\"async\" width=\"960\" height=\"720\" src=\"https:\/\/www.conselharan.org\/wp-content\/uploads\/2019\/08\/FEDME-3.jpg\" class=\"attachment-full size-full\" alt=\"\" srcset=\"https:\/\/www.conselharan.org\/wp-content\/uploads\/2019\/08\/FEDME-3.jpg 960w, https:\/\/www.conselharan.org\/wp-content\/uploads\/2019\/08\/FEDME-3-300x225.jpg 300w, https:\/\/www.conselharan.org\/wp-content\/uploads\/2019\/08\/FEDME-3-768x576.jpg 768w\" sizes=\"(max-width: 960px) 100vw, 960px\" \/><\/a>\n\t\t\t<\/dt><\/dl><dl class='gallery-item'>\n\t\t\t<dt class='gallery-icon landscape'>\n\t\t\t\t<a href='https:\/\/www.conselharan.org\/ca\/era-val-daran-acuelh-era-73au-edicion-deth-campament-fedme\/fedme-2\/'><img loading=\"lazy\" decoding=\"async\" width=\"960\" height=\"720\" src=\"https:\/\/www.conselharan.org\/wp-content\/uploads\/2019\/08\/FEDME-2.jpg\" class=\"attachment-full size-full\" alt=\"\" srcset=\"https:\/\/www.conselharan.org\/wp-content\/uploads\/2019\/08\/FEDME-2.jpg 960w, https:\/\/www.conselharan.org\/wp-content\/uploads\/2019\/08\/FEDME-2-300x225.jpg 300w, https:\/\/www.conselharan.org\/wp-content\/uploads\/2019\/08\/FEDME-2-768x576.jpg 768w\" sizes=\"(max-width: 960px) 100vw, 960px\" \/><\/a>\n\t\t\t<\/dt><\/dl><br style=\"clear: both\" \/>\n\t\t<\/div>\n\n<h6>Font: FEDME<\/h6>\n ","protected":false},"excerpt":{"rendered":"<p>250 persones vingudes de tota Espanya gaudiran de 20 rutes per les muntanyes m\u00e9s emblem\u00e0tiques de la Val d&#8217;Aran A les tardes, despr\u00e9s de les sortides, el poliesportiu de Salard\u00fa acollir\u00e0 un programa confer\u00e8ncies\u00a0i projeccions sobre seguretat La Val d&#8217;Aran acollir\u00e0 a partir del dia 25 d&#8217;agost el Campament de la Federaci\u00f3 Espanyola d&#8217;Esports de&#8230;<\/p>\n","protected":false},"author":10,"featured_media":30035,"comment_status":"closed","ping_status":"closed","sticky":false,"template":"","format":"standard","meta":{"footnotes":""},"categories":[33,139],"tags":[397,398,399,400,401,402,403,150,158],"_links":{"self":[{"href":"https:\/\/www.conselharan.org\/ca\/wp-json\/wp\/v2\/posts\/30038"}],"collection":[{"href":"https:\/\/www.conselharan.org\/ca\/wp-json\/wp\/v2\/posts"}],"about":[{"href":"https:\/\/www.conselharan.org\/ca\/wp-json\/wp\/v2\/types\/post"}],"author":[{"embeddable":true,"href":"https:\/\/www.conselharan.org\/ca\/wp-json\/wp\/v2\/users\/10"}],"replies":[{"embeddable":true,"href":"https:\/\/www.conselharan.org\/ca\/wp-json\/wp\/v2\/comments?post=30038"}],"version-history":[{"count":2,"href":"https:\/\/www.conselharan.org\/ca\/wp-json\/wp\/v2\/posts\/30038\/revisions"}],"predecessor-version":[{"id":30043,"href":"https:\/\/www.conselharan.org\/ca\/wp-json\/wp\/v2\/posts\/30038\/revisions\/30043"}],"wp:featuredmedia":[{"embeddable":true,"href":"https:\/\/www.conselharan.org\/ca\/wp-json\/wp\/v2\/media\/30035"}],"wp:attachment":[{"href":"https:\/\/www.conselharan.org\/ca\/wp-json\/wp\/v2\/media?parent=30038"}],"wp:term":[{"taxonomy":"category","embeddable":true,"href":"https:\/\/www.conselharan.org\/ca\/wp-json\/wp\/v2\/categories?post=30038"},{"taxonomy":"post_tag","embeddable":true,"href":"https:\/\/www.conselharan.org\/ca\/wp-json\/wp\/v2\/tags?post=30038"}],"curies":[{"name":"wp","href":"https:\/\/api.w.org\/{rel}","templated":true}]}}