{"id":30100,"date":"2019-08-26T09:31:03","date_gmt":"2019-08-26T07:31:03","guid":{"rendered":"https:\/\/www.conselharan.org\/presentacion-deth-libre-once-dias-de-octubre\/"},"modified":"2019-08-28T11:54:32","modified_gmt":"2019-08-28T09:54:32","slug":"presentacion-deth-libre-once-dias-de-octubre","status":"publish","type":"post","link":"https:\/\/www.conselharan.org\/ca\/presentacion-deth-libre-once-dias-de-octubre\/","title":{"rendered":"Presentaci\u00f3 del llibre &#8220;Once d\u00edas de octubre&#8221;"},"content":{"rendered":"<p><a href=\"https:\/\/www.conselharan.org\/wp-content\/uploads\/2019\/08\/once-dias-de-octubre.jpg\"><img loading=\"lazy\" decoding=\"async\" class=\"aligncenter wp-image-30098 size-full\" src=\"https:\/\/www.conselharan.org\/wp-content\/uploads\/2019\/08\/once-dias-de-octubre.jpg\" alt=\"\" width=\"2364\" height=\"1174\" srcset=\"https:\/\/www.conselharan.org\/wp-content\/uploads\/2019\/08\/once-dias-de-octubre.jpg 2364w, https:\/\/www.conselharan.org\/wp-content\/uploads\/2019\/08\/once-dias-de-octubre-300x149.jpg 300w, https:\/\/www.conselharan.org\/wp-content\/uploads\/2019\/08\/once-dias-de-octubre-768x381.jpg 768w, https:\/\/www.conselharan.org\/wp-content\/uploads\/2019\/08\/once-dias-de-octubre-1024x509.jpg 1024w\" sizes=\"(max-width: 2364px) 100vw, 2364px\" \/><\/a><\/p>\n<p>Dem\u00e0, dimarts 27 d&#8217;agost, a les 19:00 hores, tindr\u00e0 lloc la presentaci\u00f3 del llibre de Jos\u00e9 A.\u00a0Bonilla, &#8220;Once\u00a0d\u00edas de octubre&#8221;, una novel\u00b7la\u00a0negra ambientada a la Val d&#8217;Aran.<\/p>\n<div class=\"row\">\n<div class=\"col-md-4\">\n<div>\n<div class=\"textbox_target\">\n<p>La presentaci\u00f3 anir\u00e0 a c\u00e0rrec de l&#8217;autor i Manuela An\u00e9 i comptar\u00e0 amb la pres\u00e8ncia de la Consellera de Coneixement, Angelina Cases.<\/p>\n<p>Un acte obert a tot el m\u00f3n que es celebrar\u00e0 en la seu del Conselh Generau d&#8217;Aran.<\/p>\n<\/div>\n<\/div>\n<\/div>\n<\/div>\n<p>&nbsp;<\/p>\n<div class=\"row\">\n<div class=\"col-md-3\"><input class=\"btn bgRed tradueix-boto\" name=\"boto\" type=\"submit\" value=\"Tradueix\" \/><\/div>\n<\/div>\n ","protected":false},"excerpt":{"rendered":"<p>Dem\u00e0, dimarts 27 d&#8217;agost, a les 19:00 hores, tindr\u00e0 lloc la presentaci\u00f3 del llibre de Jos\u00e9 A.\u00a0Bonilla, &#8220;Once\u00a0d\u00edas de octubre&#8221;, una novel\u00b7la\u00a0negra ambientada a la Val d&#8217;Aran. La presentaci\u00f3 anir\u00e0 a c\u00e0rrec de l&#8217;autor i Manuela An\u00e9 i comptar\u00e0 amb la pres\u00e8ncia de la Consellera de Coneixement, Angelina Cases. Un acte obert a tot el&#8230;<\/p>\n","protected":false},"author":10,"featured_media":30098,"comment_status":"closed","ping_status":"closed","sticky":false,"template":"","format":"standard","meta":{"footnotes":""},"categories":[33],"tags":[334],"_links":{"self":[{"href":"https:\/\/www.conselharan.org\/ca\/wp-json\/wp\/v2\/posts\/30100"}],"collection":[{"href":"https:\/\/www.conselharan.org\/ca\/wp-json\/wp\/v2\/posts"}],"about":[{"href":"https:\/\/www.conselharan.org\/ca\/wp-json\/wp\/v2\/types\/post"}],"author":[{"embeddable":true,"href":"https:\/\/www.conselharan.org\/ca\/wp-json\/wp\/v2\/users\/10"}],"replies":[{"embeddable":true,"href":"https:\/\/www.conselharan.org\/ca\/wp-json\/wp\/v2\/comments?post=30100"}],"version-history":[{"count":4,"href":"https:\/\/www.conselharan.org\/ca\/wp-json\/wp\/v2\/posts\/30100\/revisions"}],"predecessor-version":[{"id":30109,"href":"https:\/\/www.conselharan.org\/ca\/wp-json\/wp\/v2\/posts\/30100\/revisions\/30109"}],"wp:featuredmedia":[{"embeddable":true,"href":"https:\/\/www.conselharan.org\/ca\/wp-json\/wp\/v2\/media\/30098"}],"wp:attachment":[{"href":"https:\/\/www.conselharan.org\/ca\/wp-json\/wp\/v2\/media?parent=30100"}],"wp:term":[{"taxonomy":"category","embeddable":true,"href":"https:\/\/www.conselharan.org\/ca\/wp-json\/wp\/v2\/categories?post=30100"},{"taxonomy":"post_tag","embeddable":true,"href":"https:\/\/www.conselharan.org\/ca\/wp-json\/wp\/v2\/tags?post=30100"}],"curies":[{"name":"wp","href":"https:\/\/api.w.org\/{rel}","templated":true}]}}