{"id":30286,"date":"2019-09-09T13:14:59","date_gmt":"2019-09-09T11:14:59","guid":{"rendered":"https:\/\/www.conselharan.org\/atac-der-os-cachou-a-ua-polhina-en-municipi-de-vielha-e-mijaran\/"},"modified":"2019-09-09T13:53:41","modified_gmt":"2019-09-09T11:53:41","slug":"atac-der-os-cachou-a-ua-polhina-en-municipi-de-vielha-e-mijaran","status":"publish","type":"post","link":"https:\/\/www.conselharan.org\/ca\/atac-der-os-cachou-a-ua-polhina-en-municipi-de-vielha-e-mijaran\/","title":{"rendered":"Atac de l\u2019\u00f3s Cachou a una poltra al municipi Vielha e Mijaran"},"content":{"rendered":"<p><a href=\"https:\/\/www.conselharan.org\/wp-content\/uploads\/2019\/09\/atac-os-2.jpeg\"><img loading=\"lazy\" decoding=\"async\" class=\"aligncenter wp-image-30283 size-large\" src=\"https:\/\/www.conselharan.org\/wp-content\/uploads\/2019\/09\/atac-os-2-497x1024.jpeg\" alt=\"\" width=\"497\" height=\"1024\" srcset=\"https:\/\/www.conselharan.org\/wp-content\/uploads\/2019\/09\/atac-os-2-497x1024.jpeg 497w, https:\/\/www.conselharan.org\/wp-content\/uploads\/2019\/09\/atac-os-2-146x300.jpeg 146w, https:\/\/www.conselharan.org\/wp-content\/uploads\/2019\/09\/atac-os-2-768x1581.jpeg 768w, https:\/\/www.conselharan.org\/wp-content\/uploads\/2019\/09\/atac-os-2.jpeg 777w\" sizes=\"(max-width: 497px) 100vw, 497px\" \/><\/a><\/p>\n<ul>\n<li>\n<h3><strong>Fins ara nom\u00e9s s&#8217;havien comprovat atacs d\u2019\u00f3s sobre equ\u00ed en el mascle Goiat<\/strong><\/h3>\n<\/li>\n<li>\n<h3><strong>\u201cVolem proposar a la Generalitat de Catalunya la modificaci\u00f3 del decret <\/strong><strong>176\/2007<\/strong> <strong>per equiparar les indemnitzacions que es reben a la Val d\u2019Aran per atac d\u2019\u00f3s a les de la resta de territoris ve\u00efns, on s\u00f3n m\u00e9s altes\u201d, afirma el conseller de Territori, Paisatge i Gesti\u00f3 Ambiental<\/strong><\/h3>\n<\/li>\n<\/ul>\n<p>Ahir diumenge el mascle d&#8217;\u00f3s <strong>Cachou va atacar i consumir una poltra d&#8217;uns 4 mesos<\/strong> al municipi de Vielha e Mijaran. Aquest fet \u00e9s remarcable, ja que <strong>nom\u00e9s s&#8217;havien comprovat atacs sobre equ\u00ed en el mascle Goiat<\/strong>, el qual ha depredat fins i tot sobre eg\u00fces adultes.<\/p>\n<p>L&#8217;\u00f3s <strong>Cachou va ser capturat al maig d&#8217;enguany i se li va col\u00b7locar un collar GPS per al seu seguiment<\/strong>. Gr\u00e0cies a aquest collar,\u00a0 s&#8217;ha pogut comprovar que <strong>aquest \u00f3s \u00e9s for\u00e7a depredador<\/strong>,\u00a0 ja que <strong>ha efectuat diversos atacs durant l&#8217;estiu<\/strong>,\u00a0 principalment a assentaments ap\u00edcoles i cabres. Aix\u00ed com tamb\u00e9 s&#8217;ha pogut verificar l&#8217;autoria sobre aquesta poltra, a banda d&#8217;altres indicis,\u00a0 com les hemorr\u00e0gies i hematomes detectats en el peritatge del dany.<\/p>\n<p><strong>La prevenci\u00f3 sobre bestiar equ\u00ed \u00e9s molt dif\u00edcil<\/strong>,\u00a0 ja que no \u00e9s viable agrupar-lo i protegir-lo a la nit com es fa amb l&#8217;ov\u00ed. A m\u00e9s els moviments nocturns dels \u00f3ssos s\u00f3n imprevisibles i el decalatge de la\u00a0 recepci\u00f3 del senyal del collar GPS fa molt dif\u00edcil la protecci\u00f3 efectiva d&#8217;aquest bestiar. No obstant aix\u00f2, des del Conselh Generau d\u2019Aran es considera que \u00e9s necessari aplicar mesures de condicionament aversiu com s&#8217;ha intentat amb Goiat.<\/p>\n<p>El <strong>conseller de Territori, Paisatge i Gesti\u00f3 Ambiental, Francisco Bruna<\/strong>, ha manifestat que \u201c<strong>el govern d\u2019Aran treballa per oferir la major informaci\u00f3 possible als ramaders i oferir-los el suport t\u00e8cnic necessari<\/strong> per afrontar aquesta problem\u00e0tica\u201d.<\/p>\n<p>Aix\u00ed mateix, ha declarat que \u201c<strong>volem proposar a la Generalitat de Catalunya la modificaci\u00f3 del decret 176\/2007<\/strong>, de 31 de juliol, <em>regulador dels procediments de compensaci\u00f3 de danys i perjudicis causats a l&#8217;agricultura i la ramaderia per esp\u00e8cies animals protegides de la fauna<\/em>, <strong>per equiparar les indemnitzacions que es reben a la Val d\u2019Aran per atac d\u2019\u00f3s a les de la resta de territoris ve\u00efns<\/strong>, on s\u00f3n m\u00e9s altes\u201d. <img loading=\"lazy\" decoding=\"async\" class=\"aligncenter wp-image-30284 size-large\" src=\"https:\/\/www.conselharan.org\/wp-content\/uploads\/2019\/09\/Atac-os-497x1024.jpeg\" alt=\"\" width=\"497\" height=\"1024\" srcset=\"https:\/\/www.conselharan.org\/wp-content\/uploads\/2019\/09\/Atac-os-497x1024.jpeg 497w, https:\/\/www.conselharan.org\/wp-content\/uploads\/2019\/09\/Atac-os-146x300.jpeg 146w, https:\/\/www.conselharan.org\/wp-content\/uploads\/2019\/09\/Atac-os-768x1581.jpeg 768w, https:\/\/www.conselharan.org\/wp-content\/uploads\/2019\/09\/Atac-os.jpeg 777w\" sizes=\"(max-width: 497px) 100vw, 497px\" \/><\/p>\n ","protected":false},"excerpt":{"rendered":"<p>Fins ara nom\u00e9s s&#8217;havien comprovat atacs d\u2019\u00f3s sobre equ\u00ed en el mascle Goiat \u201cVolem proposar a la Generalitat de Catalunya la modificaci\u00f3 del decret 176\/2007 per equiparar les indemnitzacions que es reben a la Val d\u2019Aran per atac d\u2019\u00f3s a les de la resta de territoris ve\u00efns, on s\u00f3n m\u00e9s altes\u201d, afirma el conseller de&#8230;<\/p>\n","protected":false},"author":10,"featured_media":30283,"comment_status":"closed","ping_status":"closed","sticky":false,"template":"","format":"standard","meta":{"footnotes":""},"categories":[128,127,33],"tags":[518,519,520,521],"_links":{"self":[{"href":"https:\/\/www.conselharan.org\/ca\/wp-json\/wp\/v2\/posts\/30286"}],"collection":[{"href":"https:\/\/www.conselharan.org\/ca\/wp-json\/wp\/v2\/posts"}],"about":[{"href":"https:\/\/www.conselharan.org\/ca\/wp-json\/wp\/v2\/types\/post"}],"author":[{"embeddable":true,"href":"https:\/\/www.conselharan.org\/ca\/wp-json\/wp\/v2\/users\/10"}],"replies":[{"embeddable":true,"href":"https:\/\/www.conselharan.org\/ca\/wp-json\/wp\/v2\/comments?post=30286"}],"version-history":[{"count":4,"href":"https:\/\/www.conselharan.org\/ca\/wp-json\/wp\/v2\/posts\/30286\/revisions"}],"predecessor-version":[{"id":30297,"href":"https:\/\/www.conselharan.org\/ca\/wp-json\/wp\/v2\/posts\/30286\/revisions\/30297"}],"wp:featuredmedia":[{"embeddable":true,"href":"https:\/\/www.conselharan.org\/ca\/wp-json\/wp\/v2\/media\/30283"}],"wp:attachment":[{"href":"https:\/\/www.conselharan.org\/ca\/wp-json\/wp\/v2\/media?parent=30286"}],"wp:term":[{"taxonomy":"category","embeddable":true,"href":"https:\/\/www.conselharan.org\/ca\/wp-json\/wp\/v2\/categories?post=30286"},{"taxonomy":"post_tag","embeddable":true,"href":"https:\/\/www.conselharan.org\/ca\/wp-json\/wp\/v2\/tags?post=30286"}],"curies":[{"name":"wp","href":"https:\/\/api.w.org\/{rel}","templated":true}]}}