{"id":30341,"date":"2019-09-16T15:57:12","date_gmt":"2019-09-16T13:57:12","guid":{"rendered":"https:\/\/www.conselharan.org\/nau-atac-confirmat-der-os-cachou-a-ua-cavala\/"},"modified":"2019-09-16T15:58:36","modified_gmt":"2019-09-16T13:58:36","slug":"nau-atac-confirmat-der-os-cachou-a-ua-cavala","status":"publish","type":"post","link":"https:\/\/www.conselharan.org\/ca\/nau-atac-confirmat-der-os-cachou-a-ua-cavala\/","title":{"rendered":"Nou atac confirmat de l&#8217;os Cachou a una egua"},"content":{"rendered":"<p><a href=\"https:\/\/www.conselharan.org\/wp-content\/uploads\/2019\/09\/Atac-Cachou.png\"><img loading=\"lazy\" decoding=\"async\" class=\"aligncenter wp-image-30338 size-full\" src=\"https:\/\/www.conselharan.org\/wp-content\/uploads\/2019\/09\/Atac-Cachou.png\" alt=\"\" width=\"881\" height=\"689\" srcset=\"https:\/\/www.conselharan.org\/wp-content\/uploads\/2019\/09\/Atac-Cachou.png 881w, https:\/\/www.conselharan.org\/wp-content\/uploads\/2019\/09\/Atac-Cachou-300x235.png 300w, https:\/\/www.conselharan.org\/wp-content\/uploads\/2019\/09\/Atac-Cachou-768x601.png 768w, https:\/\/www.conselharan.org\/wp-content\/uploads\/2019\/09\/Atac-Cachou-423x330.png 423w\" sizes=\"(max-width: 881px) 100vw, 881px\" \/><\/a><\/p>\n<p>&nbsp;<\/p>\n<ul>\n<li>\n<h3><strong>El s\u00edndic d\u2019Aran ha destacat que, amb aquesta nova mort, Cachou\u00a0es troba al l\u00edmit del que marca el protocol per ser extret del medi <\/strong><\/h3>\n<\/li>\n<li>\n<h3><strong>La reuni\u00f3 sobre aquesta problem\u00e0tica que s\u2019anava a mantenir dem\u00e0 amb el Secretari d\u2019Estat de Medi Ambient, Hugo Mor\u00e1n, s\u2019ha hagut de\u00a0posposar\u00a0degut a la dram\u00e0tica situaci\u00f3 de la DANA<\/strong><\/h3>\n<\/li>\n<\/ul>\n<p>Ahir es va poder constatar que l&#8217;os\u00a0Cachou\u00a0va depredar una altra egua, aquesta d&#8217;un any i mig, la nit del 4 de setembre. L&#8217;atac no havia estat detectat fins ara i s&#8217;ha pogut descobrir gr\u00e0cies al senyal del collar GPS de\u00a0Cachou.<\/p>\n<p>Diversos signes en la pell de l&#8217;egua han servit per demostrar que l&#8217;autor d&#8217;aquesta mort ha estat l&#8217;os.<\/p>\n<p>Amb aquesta ja s\u00f3n tres les baixes de bestiar equ\u00ed atribu\u00efdes a\u00a0Cachou\u00a0en nom\u00e9s sis dies, entre el 4 i el 10 de setembre. El s\u00edndic d&#8217;Aran,\u00a0Franc\u00e9s\u00a0Boya, ha reiterat la seva &#8220;preocupaci\u00f3 per l&#8217;agressivitat d&#8217;aquest exemplar, que amb aquest nou atac es troba al l\u00edmit\u00a0del que\u00a0marca el protocol per ser extret del medi&#8221;.<\/p>\n<p>Les mesures de condicionament aversiu s\u00f3n de dif\u00edcil aplicaci\u00f3 en aquest tipus d&#8217;ossos, perqu\u00e8 que no estan habituats a la pres\u00e8ncia humana i presenten un comportament nocturn i esquiu envers l&#8217;home.<\/p>\n<p>Des del Consell General d&#8217;Aran ja s&#8217;ha mostrat el comprom\u00eds de protegir els interessos dels ramaders aranesos davant aquesta problem\u00e0tica i, de fet, s&#8217;havia programat una reuni\u00f3 per dem\u00e0, 17 de setembre, amb el Secretari d&#8217;Estat de Medi Ambient,\u00a0Hugo\u00a0Mor\u00e1n, per tractar aquest afer, per\u00f2 s&#8217;ha hagut de posposar\u00a0a causa de\u00a0la dram\u00e0tica situaci\u00f3 de la\u00a0DANA\u00a0que es pateix en algunes comunitats.<\/p>\n<p><a href=\"https:\/\/www.conselharan.org\/wp-content\/uploads\/2019\/09\/Atac-cavala.png\"><img loading=\"lazy\" decoding=\"async\" class=\"aligncenter wp-image-30339 size-full\" src=\"https:\/\/www.conselharan.org\/wp-content\/uploads\/2019\/09\/Atac-cavala.png\" alt=\"\" width=\"1605\" height=\"901\" srcset=\"https:\/\/www.conselharan.org\/wp-content\/uploads\/2019\/09\/Atac-cavala.png 1605w, https:\/\/www.conselharan.org\/wp-content\/uploads\/2019\/09\/Atac-cavala-300x168.png 300w, https:\/\/www.conselharan.org\/wp-content\/uploads\/2019\/09\/Atac-cavala-768x431.png 768w, https:\/\/www.conselharan.org\/wp-content\/uploads\/2019\/09\/Atac-cavala-1024x575.png 1024w\" sizes=\"(max-width: 1605px) 100vw, 1605px\" \/><\/a><\/p>\n ","protected":false},"excerpt":{"rendered":"<p>&nbsp; El s\u00edndic d\u2019Aran ha destacat que, amb aquesta nova mort, Cachou\u00a0es troba al l\u00edmit del que marca el protocol per ser extret del medi La reuni\u00f3 sobre aquesta problem\u00e0tica que s\u2019anava a mantenir dem\u00e0 amb el Secretari d\u2019Estat de Medi Ambient, Hugo Mor\u00e1n, s\u2019ha hagut de\u00a0posposar\u00a0degut a la dram\u00e0tica situaci\u00f3 de la DANA Ahir&#8230;<\/p>\n","protected":false},"author":10,"featured_media":30338,"comment_status":"closed","ping_status":"closed","sticky":false,"template":"","format":"standard","meta":{"footnotes":""},"categories":[128,127,33],"tags":[519,520,521],"_links":{"self":[{"href":"https:\/\/www.conselharan.org\/ca\/wp-json\/wp\/v2\/posts\/30341"}],"collection":[{"href":"https:\/\/www.conselharan.org\/ca\/wp-json\/wp\/v2\/posts"}],"about":[{"href":"https:\/\/www.conselharan.org\/ca\/wp-json\/wp\/v2\/types\/post"}],"author":[{"embeddable":true,"href":"https:\/\/www.conselharan.org\/ca\/wp-json\/wp\/v2\/users\/10"}],"replies":[{"embeddable":true,"href":"https:\/\/www.conselharan.org\/ca\/wp-json\/wp\/v2\/comments?post=30341"}],"version-history":[{"count":1,"href":"https:\/\/www.conselharan.org\/ca\/wp-json\/wp\/v2\/posts\/30341\/revisions"}],"predecessor-version":[{"id":30343,"href":"https:\/\/www.conselharan.org\/ca\/wp-json\/wp\/v2\/posts\/30341\/revisions\/30343"}],"wp:featuredmedia":[{"embeddable":true,"href":"https:\/\/www.conselharan.org\/ca\/wp-json\/wp\/v2\/media\/30338"}],"wp:attachment":[{"href":"https:\/\/www.conselharan.org\/ca\/wp-json\/wp\/v2\/media?parent=30341"}],"wp:term":[{"taxonomy":"category","embeddable":true,"href":"https:\/\/www.conselharan.org\/ca\/wp-json\/wp\/v2\/categories?post=30341"},{"taxonomy":"post_tag","embeddable":true,"href":"https:\/\/www.conselharan.org\/ca\/wp-json\/wp\/v2\/tags?post=30341"}],"curies":[{"name":"wp","href":"https:\/\/api.w.org\/{rel}","templated":true}]}}